{"id":902,"date":"2018-06-22T00:00:00","date_gmt":"2018-06-22T00:00:00","guid":{"rendered":"https:\/\/iesbolivar-cba.infd.edu.ar\/sitio\/visitas-educativas-estudiantes-de-biologia-en-el-instituto-de-virologia\/"},"modified":"2018-07-24T14:47:47","modified_gmt":"2018-07-24T17:47:47","slug":"visitas-educativas-estudiantes-de-biologia-en-el-instituto-de-virologia","status":"publish","type":"post","link":"https:\/\/iesbolivar-cba.infd.edu.ar\/sitio\/visitas-educativas-estudiantes-de-biologia-en-el-instituto-de-virologia\/","title":{"rendered":"Visitas educativas | Estudiantes de Biolog\u00eda en el Instituto de Virolog\u00eda"},"content":{"rendered":"<h3>Visitas educativas | Estudiantes de Biolog\u00eda en el Instituto de Virolog\u00eda<\/h3>\n<hr class=\"sitio_noticia_contenido\" \/>\n<p>Estudiantes del espacio curricular Trabajo Experimental de 2\u00ba a\u00f1o del Profesora de Biolog\u00eda, junto a su Profesora Patricia Amuch\u00e1stegui, asistieron al Instituto de Virolog\u00eda Dr. J. M. Vanella dependiente de la Facultad de Medicina de la UNC.<\/p>\n<p>El prop\u00f3sito de la visita al Instituto fue conocer las actividades que all\u00ed se realizan vinculadas a la Investigaci\u00f3n, Diagn\u00f3stico y Extensi\u00f3n articuladamente con otras Instituciones Educativas.<\/p>\n<p>Durante la visita, los estudiantes asistieron a una charla introductoria, visitaron distintos Laboratorios y observaron cultivos celulares y distintos m\u00e9todos de diagn\u00f3stico para virus respiratorios.<\/p>\n<p><img decoding=\"async\" loading=\"lazy\" class=\"CToWUd a6T\" style=\"border-width: 2px;\" src=\"https:\/\/ci6.googleusercontent.com\/proxy\/5iH1kem1fVyMSWVloPJD0LkQQUfIg6m5TDq0U5lHhRGBzQHhoR9atfAUGYqO4BS3VfFIXpKa-2DfY1UC6mbTIxfyN-SJQy9x53Lhn2ZNCbBpfYQzwfaSvzABDI1AqGeqva3pcPA9lg9mL4gdw1rGYvz7KA=s0-d-e1-ft#https:\/\/iesbolivar-cba.infd.edu.ar\/aula\/archivos\/repositorio\/\/1250\/1407\/20180621_134214_1.jpg\" width=\"666\" height=\"353\" border=\"0\" \/><\/p>\n","protected":false},"excerpt":{"rendered":"<p>Visitas educativas | Estudiantes de Biolog\u00eda en el Instituto de Virolog\u00eda Estudiantes del espacio curricular Trabajo Experimental de 2\u00ba a\u00f1o del Profesora de Biolog\u00eda, junto a su Profesora Patricia Amuch\u00e1stegui, asistieron al Instituto de Virolog\u00eda Dr. J. M. Vanella dependiente de la Facultad de Medicina de la UNC. El prop\u00f3sito de la visita al Instituto &#8230; <a title=\"Visitas educativas | Estudiantes de Biolog\u00eda en el Instituto de Virolog\u00eda\" class=\"read-more\" href=\"https:\/\/iesbolivar-cba.infd.edu.ar\/sitio\/visitas-educativas-estudiantes-de-biologia-en-el-instituto-de-virologia\/\" aria-label=\"More on Visitas educativas | Estudiantes de Biolog\u00eda en el Instituto de Virolog\u00eda\">[+]<\/a><\/p>\n","protected":false},"author":3377,"featured_media":0,"comment_status":"open","ping_status":"open","sticky":false,"template":"","format":"aside","meta":[],"categories":[7,6],"tags":[],"acf":[],"_links":{"self":[{"href":"https:\/\/iesbolivar-cba.infd.edu.ar\/sitio\/wp-json\/wp\/v2\/posts\/902"}],"collection":[{"href":"https:\/\/iesbolivar-cba.infd.edu.ar\/sitio\/wp-json\/wp\/v2\/posts"}],"about":[{"href":"https:\/\/iesbolivar-cba.infd.edu.ar\/sitio\/wp-json\/wp\/v2\/types\/post"}],"author":[{"embeddable":true,"href":"https:\/\/iesbolivar-cba.infd.edu.ar\/sitio\/wp-json\/wp\/v2\/users\/3377"}],"replies":[{"embeddable":true,"href":"https:\/\/iesbolivar-cba.infd.edu.ar\/sitio\/wp-json\/wp\/v2\/comments?post=902"}],"version-history":[{"count":3,"href":"https:\/\/iesbolivar-cba.infd.edu.ar\/sitio\/wp-json\/wp\/v2\/posts\/902\/revisions"}],"predecessor-version":[{"id":1157,"href":"https:\/\/iesbolivar-cba.infd.edu.ar\/sitio\/wp-json\/wp\/v2\/posts\/902\/revisions\/1157"}],"wp:attachment":[{"href":"https:\/\/iesbolivar-cba.infd.edu.ar\/sitio\/wp-json\/wp\/v2\/media?parent=902"}],"wp:term":[{"taxonomy":"category","embeddable":true,"href":"https:\/\/iesbolivar-cba.infd.edu.ar\/sitio\/wp-json\/wp\/v2\/categories?post=902"},{"taxonomy":"post_tag","embeddable":true,"href":"https:\/\/iesbolivar-cba.infd.edu.ar\/sitio\/wp-json\/wp\/v2\/tags?post=902"}],"curies":[{"name":"wp","href":"https:\/\/api.w.org\/{rel}","templated":true}]}}