{"id":901,"date":"2018-06-12T00:00:00","date_gmt":"2018-06-12T00:00:00","guid":{"rendered":"https:\/\/iesbolivar-cba.infd.edu.ar\/sitio\/a-100-anos-de-la-reforma-universitaria-acto-en-el-simon-bolivar\/"},"modified":"2018-07-24T16:44:56","modified_gmt":"2018-07-24T19:44:56","slug":"a-100-anos-de-la-reforma-universitaria-acto-en-el-simon-bolivar","status":"publish","type":"post","link":"https:\/\/iesbolivar-cba.infd.edu.ar\/sitio\/a-100-anos-de-la-reforma-universitaria-acto-en-el-simon-bolivar\/","title":{"rendered":"A 100 a\u00f1os de la Reforma Universitaria | Acto en el Sim\u00f3n Bol\u00edvar"},"content":{"rendered":"<h3><\/h3>\n<p>El pasado viernes 8 de junio el IES Sim\u00f3n Bol\u00edvar conmemor\u00f3 el Centenario de la Reforma Universitaria de 1918. El acto fue organizado por el espacio \u201cHistoria y pol\u00edtica de la Educaci\u00f3n Argentina\u201d de los Profesorados de Educaci\u00f3n Secundaria en F\u00edsica, Geograf\u00eda, Matem\u00e1tica, Lengua y Literatura a cargo de la Profesora Nancy Alice V\u00e1zquez y tuvo como expositores e invitados especiales al Dr. Diego Tati\u00e1n, el Lic. Julio Meli\u00e1n y a Mart\u00edn Merciadri, gu\u00eda del Museo Casa de la Reforma de la UNC.<\/p>\n<p>La propuesta tuvo como objetivo general reflexionar sobre el devenir de la Reforma Universitaria de 1918 como acontecimiento pol\u00edtico y cultural y tambi\u00e9n como una instancia de \u201capropiaci\u00f3n y elaboraci\u00f3n de sentidos por parte de las nuevas generaciones de docentes\u201d.<\/p>\n<p>La apertura del evento estuvo a cargo de la Profesora Nancy V\u00e1zquez y, a continuaci\u00f3n, expuso Diego Tatian, quien abri\u00f3 un espacio de preguntas entre estudiantes y docentes que lo condujo a abordar el significado de la autonom\u00eda universitaria y, m\u00e1s tarde, a reconstruir los hechos y el papel que tuvieron distintos protagonistas y grupos en la reforma universitaria. Asimismo, apel\u00f3 al nombre de las calles de ciudad de C\u00f3rdoba para dar cuenta de la manera en que se inscribi\u00f3 en la geograf\u00eda urbana una cultura local fuertemente tradicional, clerical, junto con una revolucionaria y reformista. Adem\u00e1s, sostuvo la necesidad no solo de recordar y conmemorar sino de resignificar el legado y las ideas reformistas en el marco de nuevas reivindicaciones y derechos.<\/p>\n<p>A continuaci\u00f3n, Julio Meli\u00e1n, bibliotecario de nuestro Instituto expuso las funciones y prop\u00f3sitos de los museos de la Universidad Nacional de C\u00f3rdoba, sus articulaciones, historia y patrimonios, particularmente, los del Museo en Ciencias de la Salud ubicado en Barrio Cl\u00ednicas, \u201ccoraz\u00f3n de la reforma\u201d, donde se conservan las tesis de doctorado de varios reformistas. Por su parte, Mart\u00edn Merciadri, mostr\u00f3 fotograf\u00edas de los principales protagonistas de la reforma y brind\u00f3 m\u00faltiples detalles hist\u00f3ricos de los objetos resguardados en el Museo de la Casa de la Reforma Universitaria, como el \u00fanico ejemplar impreso del Manifiesto de la Federaci\u00f3n Universitaria de C\u00f3rdoba publicado en La Gaceta Universitaria.<\/p>\n<p><img decoding=\"async\" loading=\"lazy\" class=\"CToWUd a6T\" src=\"https:\/\/ci5.googleusercontent.com\/proxy\/u2GyygBEEDUHAevsAtW8pV__yLnztuzpjPjS4gTOEdwkmIsteWT1myN9tD5tb0mERM7nGYx6xnyHDqpm-4cSfK7FmxNW7hb8AmrIEFO6ele73yv34aJ0LkWcaQTeEJrdd08SazjEDp95fg=s0-d-e1-ft#https:\/\/iesbolivar-cba.infd.edu.ar\/aula\/archivos\/repositorio\/\/1250\/1380\/DSC07477.jpg\" alt=\"\" width=\"700\" height=\"392\" border=\"0\" \/><\/p>\n<p><img decoding=\"async\" loading=\"lazy\" class=\"CToWUd a6T\" src=\"https:\/\/ci5.googleusercontent.com\/proxy\/BXJVAXko2KkpwD8dpe49Qxr_32KrS9x44_djL22E0L4WKfXHZIQFA35Rm26-HKQVRY5ncfsk0tK7iH4uANNWc-hHcEgbNn9nUpB3vKPPvLV3Va1jJ74-6FP_-vs7zcS1l2u7-eaPwdk8rA=s0-d-e1-ft#https:\/\/iesbolivar-cba.infd.edu.ar\/aula\/archivos\/repositorio\/\/1250\/1382\/DSC07481.jpg\" alt=\"\" width=\"700\" height=\"375\" border=\"0\" \/><\/p>\n<p><img decoding=\"async\" loading=\"lazy\" class=\"CToWUd a6T\" src=\"https:\/\/ci3.googleusercontent.com\/proxy\/kIi6vpseXgQPydQvWBCxyHFpyoL0pAAN6spAZxyvmIZizDkMBZhrzHeOUSx3kScQIdp2BVaPaUURXecAN5MtRl-NIaUz3dlpNX5B67hMFfT6Z3i0yJECjpSFZYyIJP0F4d0eMVkIk5Vb7A=s0-d-e1-ft#https:\/\/iesbolivar-cba.infd.edu.ar\/aula\/archivos\/repositorio\/\/1250\/1381\/DSC07479.jpg\" alt=\"\" width=\"700\" height=\"277\" border=\"0\" \/><\/p>\n<p><img decoding=\"async\" loading=\"lazy\" class=\"CToWUd a6T\" src=\"https:\/\/ci3.googleusercontent.com\/proxy\/Jbn3dOUIuTWYDN3M7HkwyPJff3mHoU04F1UgBx95qdxVoPBi5LQLVY51FwWSGa3WQvZrB3jy8aZpXxV53V8D-LynZiVFzPnw3RKImnhk8_WxYBSdXm0Upo6sFkT4d7vfLbnqnMbp79O9bA=s0-d-e1-ft#https:\/\/iesbolivar-cba.infd.edu.ar\/aula\/archivos\/repositorio\/\/1250\/1379\/DSC07472.jpg\" alt=\"\" width=\"700\" height=\"318\" border=\"0\" \/><\/p>\n<p><img decoding=\"async\" loading=\"lazy\" class=\"CToWUd a6T\" src=\"https:\/\/ci6.googleusercontent.com\/proxy\/z819nvHQBmFh7Nuw2gAKY5y9Na7GKCo9RJE72PxkC_sXzE7S8fyVORZg8c51E-YzrdWNd18DLNDIHCKOvdug1HQnOsHNijf2osMiSAD8BhM05U6EwAd4nFExH8KqqpdTYuYjM-Ai38bB2g=s0-d-e1-ft#https:\/\/iesbolivar-cba.infd.edu.ar\/aula\/archivos\/repositorio\/\/1250\/1378\/DSC07468.jpg\" alt=\"\" width=\"700\" height=\"208\" border=\"0\" \/><\/p>\n<p><img decoding=\"async\" loading=\"lazy\" class=\"CToWUd a6T\" src=\"https:\/\/ci3.googleusercontent.com\/proxy\/2OD7DuuCnIjHnDRJ10E7m2lRKcGRtHt8c_Rh6Q-6W-9PSuJ4U3kvIQ5MkIjdoAAO4wW6bW0uts-ZjcUTeEv7UC2UmV71O3g_OoxmWfLGeIpjk5T3fp_eJ5mNWsmZj49BbsFwws9IPkDhug=s0-d-e1-ft#https:\/\/iesbolivar-cba.infd.edu.ar\/aula\/archivos\/repositorio\/\/1250\/1376\/DSC07466.jpg\" alt=\"\" width=\"700\" height=\"362\" border=\"0\" \/><\/p>\n<p><img decoding=\"async\" loading=\"lazy\" class=\"CToWUd a6T\" src=\"https:\/\/ci6.googleusercontent.com\/proxy\/IMq1qQYzVd7a-APzATYBKIjfVbkZPoPPrTzH-XgErxAS0EEnyuCRFBE65gad1vVuQ28p4Qa8CZdyuT9DL3YwnrdWiIOLRsZsgWcnydo7vrva5M7vLuLAvUwZwFxcjGxTA35R5XLBzda_lftN0bJ21gq-LERsua8PaU9SiSj0TDxQ1k6OXe4xKqCUuDBLjBH1=s0-d-e1-ft#https:\/\/iesbolivar-cba.infd.edu.ar\/aula\/archivos\/repositorio\/\/1250\/1383\/Manifiesto_Liminar_de_la_Reforma_Universitaria.jpg\" alt=\"\" width=\"700\" height=\"977\" border=\"0\" \/><\/p>\n","protected":false},"excerpt":{"rendered":"<p>El pasado viernes 8 de junio el IES Sim\u00f3n Bol\u00edvar conmemor\u00f3 el Centenario de la Reforma Universitaria de 1918. El acto fue organizado por el espacio \u201cHistoria y pol\u00edtica de la Educaci\u00f3n Argentina\u201d de los Profesorados de Educaci\u00f3n Secundaria en F\u00edsica, Geograf\u00eda, Matem\u00e1tica, Lengua y Literatura a cargo de la Profesora Nancy Alice V\u00e1zquez y &#8230; <a title=\"A 100 a\u00f1os de la Reforma Universitaria | Acto en el Sim\u00f3n Bol\u00edvar\" class=\"read-more\" href=\"https:\/\/iesbolivar-cba.infd.edu.ar\/sitio\/a-100-anos-de-la-reforma-universitaria-acto-en-el-simon-bolivar\/\" aria-label=\"More on A 100 a\u00f1os de la Reforma Universitaria | Acto en el Sim\u00f3n Bol\u00edvar\">[+]<\/a><\/p>\n","protected":false},"author":3377,"featured_media":0,"comment_status":"open","ping_status":"open","sticky":false,"template":"","format":"standard","meta":[],"categories":[7,6],"tags":[],"acf":[],"_links":{"self":[{"href":"https:\/\/iesbolivar-cba.infd.edu.ar\/sitio\/wp-json\/wp\/v2\/posts\/901"}],"collection":[{"href":"https:\/\/iesbolivar-cba.infd.edu.ar\/sitio\/wp-json\/wp\/v2\/posts"}],"about":[{"href":"https:\/\/iesbolivar-cba.infd.edu.ar\/sitio\/wp-json\/wp\/v2\/types\/post"}],"author":[{"embeddable":true,"href":"https:\/\/iesbolivar-cba.infd.edu.ar\/sitio\/wp-json\/wp\/v2\/users\/3377"}],"replies":[{"embeddable":true,"href":"https:\/\/iesbolivar-cba.infd.edu.ar\/sitio\/wp-json\/wp\/v2\/comments?post=901"}],"version-history":[{"count":1,"href":"https:\/\/iesbolivar-cba.infd.edu.ar\/sitio\/wp-json\/wp\/v2\/posts\/901\/revisions"}],"predecessor-version":[{"id":1183,"href":"https:\/\/iesbolivar-cba.infd.edu.ar\/sitio\/wp-json\/wp\/v2\/posts\/901\/revisions\/1183"}],"wp:attachment":[{"href":"https:\/\/iesbolivar-cba.infd.edu.ar\/sitio\/wp-json\/wp\/v2\/media?parent=901"}],"wp:term":[{"taxonomy":"category","embeddable":true,"href":"https:\/\/iesbolivar-cba.infd.edu.ar\/sitio\/wp-json\/wp\/v2\/categories?post=901"},{"taxonomy":"post_tag","embeddable":true,"href":"https:\/\/iesbolivar-cba.infd.edu.ar\/sitio\/wp-json\/wp\/v2\/tags?post=901"}],"curies":[{"name":"wp","href":"https:\/\/api.w.org\/{rel}","templated":true}]}}