{"id":900,"date":"2018-06-11T00:00:00","date_gmt":"2018-06-11T00:00:00","guid":{"rendered":"https:\/\/iesbolivar-cba.infd.edu.ar\/sitio\/destacada-visita-en-el-anexo-de-villa-el-libertador-gustavo-bombini-con-los-estudiantes-del-profesorado-de-lengua\/"},"modified":"2018-07-24T17:17:28","modified_gmt":"2018-07-24T20:17:28","slug":"destacada-visita-en-el-anexo-de-villa-el-libertador-gustavo-bombini-con-los-estudiantes-del-profesorado-de-lengua","status":"publish","type":"post","link":"https:\/\/iesbolivar-cba.infd.edu.ar\/sitio\/destacada-visita-en-el-anexo-de-villa-el-libertador-gustavo-bombini-con-los-estudiantes-del-profesorado-de-lengua\/","title":{"rendered":"Destacada visita en el Anexo de Villa El Libertador: Gustavo Bombini con los estudiantes del Profesorado de Lengua"},"content":{"rendered":"<h3><\/h3>\n<div>\n<p>Gustavo Bombini, Profesor, Licenciado y Doctor en Letras por la Universidad de Buenos Aires e investigador en Did\u00e1ctica de la Lengua y la Literatura visit\u00f3 la Extensi\u00f3n \u00c1ulica del Profesorado de Lengua y Literatura de Villa El Libertador.<\/p>\n<p>Durante la visita, acompa\u00f1ado por la Profesora Claudia Baca, brind\u00f3 una charla para los estudiantes del profesorado y se refiri\u00f3 especialmente a la formaci\u00f3n docente como profesores de Lengua y Literatura, a la Lectura como pol\u00edtica p\u00fablica y a la relaci\u00f3n entre la teor\u00eda y la pr\u00e1ctica en el profesorado de Lengua y Literatura. Adem\u00e1s, propuso la idea de crear una biblioteca de libros de consulta en el Anexo para posibilitar la lectura a los estudiantes.<\/p>\n<p>Este es la segunda vez que el Dr. Bombini visita nuestro instituto, la primera fue en octubre de 2017, oportunidad en que brind\u00f3 la conferencia \u00ab<em>Did\u00e1ctica\u00a0de la Literatura y Escritura en la Formaci\u00f3n docente\u00bb.<\/em><\/p>\n<p><img decoding=\"async\" loading=\"lazy\" class=\"CToWUd a6T\" src=\"https:\/\/ci3.googleusercontent.com\/proxy\/KBoZvqwzO5N0n_RUdj1oxt__AK5tcx6nSSQyHdEF-5da9RGKDeSrifa6AP56hsXjSaTG9xjcS-YUURzOOJD41yZpeW6FkvkwSAn57jppfFJKGd0WTZzrlFzoEL5tpsHm7Gq7UK3Cu35BZXjpdW6IuNQnWD4A=s0-d-e1-ft#https:\/\/iesbolivar-cba.infd.edu.ar\/aula\/archivos\/repositorio\/\/1250\/1374\/IMG-20180609-WA0017.jpg\" alt=\"\" width=\"698\" height=\"293\" border=\"0\" \/><\/p>\n<p><img decoding=\"async\" loading=\"lazy\" class=\"CToWUd a6T\" src=\"https:\/\/ci5.googleusercontent.com\/proxy\/_TK1NJ7H_HEOvOYNHMUjWEIQKK5B7vaCFu7-eTTCzrNU6NZELOgUnO1jngiqVbk0F4q56iSbw_rU2gGpOA2CNqZjtnOKiiYjMLGedC-QhVVEtxpihfBzidXaeDGkR-1i3aO9gAuEI1QREZ5GrSNLDVIyjmsY=s0-d-e1-ft#https:\/\/iesbolivar-cba.infd.edu.ar\/aula\/archivos\/repositorio\/\/1250\/1372\/IMG-20180609-WA0016.jpg\" alt=\"\" width=\"700\" height=\"520\" border=\"0\" \/><\/p>\n<p><img decoding=\"async\" loading=\"lazy\" class=\"CToWUd a6T\" src=\"https:\/\/ci5.googleusercontent.com\/proxy\/DtdSPlDmbFJknJXOBWZi8X-B2UCPuHvjCzRNLg2_lcqKRcS4KY9Lnz99oAirFD332irySDVEAtaYCjTHo6v2ToYyKp24ttgUscC3hOX-UDMf4ItYSZHXQJEKgfg3NZ1DGc4no76P1RMndM16y1pkLlrYrmF-=s0-d-e1-ft#https:\/\/iesbolivar-cba.infd.edu.ar\/aula\/archivos\/repositorio\/\/1250\/1375\/IMG-20180609-WA0015.jpg\" alt=\"\" width=\"700\" height=\"279\" border=\"0\" \/><\/p>\n<p><img decoding=\"async\" loading=\"lazy\" class=\"CToWUd a6T\" src=\"https:\/\/ci4.googleusercontent.com\/proxy\/ojkdZYhqo_cmX5hvqHVFwb3NF5rhsMqdftpJ4uc5TqvIdNflHUM52tCEaGabMJcRaOWygIGCefvOrKvka6trKn6DY48f9bmO24v_2_eephCcvxmFzeSnzZIeYN32NJVInyGfZRAE6fHTbEbMIawRfZrjy_WJ=s0-d-e1-ft#https:\/\/iesbolivar-cba.infd.edu.ar\/aula\/archivos\/repositorio\/\/1250\/1373\/IMG-20180609-WA0019.jpg\" alt=\"\" width=\"700\" height=\"319\" border=\"0\" \/><\/p>\n<p><strong>M\u00e1s sobre Gustavo Bombini<\/strong><\/p>\n<p>Gustavo\u00a0<span class=\"m_-5271399222614392716il\">Bombini<\/span>\u00a0es Profesor, Licenciado y Doctor en Letras por la Universidad de Buenos Aires. Es profesor en la Escuela de Humanidades de la Universidad Nacional de San Mart\u00edn (Unsan), en la Facultad de Humanidades y Ciencias de la Educaci\u00f3n de la Universidad Nacional de La Plata y en la Facultad de Filosof\u00eda y Letras de la UBA. Tambi\u00e9n es co-director de la Carrera de Especializaci\u00f3n en Literatura Infantil y Juvenil de la Unsam. Ha publicado numerosos art\u00edculos y libros sobre lectura, escritura, ense\u00f1anza de la lengua y la literatura y propuestas para la ense\u00f1anza de la literatura para el nivel de ense\u00f1anza media. Entre los a\u00f1os 2003 y 2007 fue coordinador del Plan Nacional de Lectura del Ministerio de Educaci\u00f3n de la Naci\u00f3n y hasta el a\u00f1o pasado coordin\u00f3 el Departamento de Materiales Educativos del mismo ministerio.<\/p>\n<p><strong>Art\u00edculos y entrevistas<\/strong><\/p>\n<p><strong><em>El miedo a aprender es haberse cre\u00eddo el estigma<\/em><\/strong><em>. P\u00e1gina 12<\/em>, 25 de julio de 2017. Disponible en:\u00a0<a href=\"https:\/\/www.pagina12.com.ar\/52093-el-miedo-a-aprender-es-haberse-creido-el-estigma\" target=\"_blank\" rel=\"noopener\" data-saferedirecturl=\"https:\/\/www.google.com\/url?q=https:\/\/www.pagina12.com.ar\/52093-el-miedo-a-aprender-es-haberse-creido-el-estigma&amp;source=gmail&amp;ust=1528843866646000&amp;usg=AFQjCNHDokzi9ipSv79dRLfIbdvK_OfbCQ\">https:\/\/www.pagina12.com.ar\/52093-el-miedo-a-aprender-es-haberse-creido-el-estigma<\/a>.<\/p>\n<p><strong><em>Literatura en la escuela. \u00bfPor qu\u00e9 Gustavo\u00a0<span class=\"m_-5271399222614392716il\">Bombini<\/span>?<br \/>\n<\/em><\/strong><em>P\u00e1gina 12<\/em>, 24 de julio de 2017. Disponible en:\u00a0<a title=\"https:\/\/www.pagina12.com.ar\/52094-literatura-en-la-escuela\" href=\"https:\/\/www.pagina12.com.ar\/52094-literatura-en-la-escuela\" target=\"_blank\" rel=\"noopener\" data-saferedirecturl=\"https:\/\/www.google.com\/url?q=https:\/\/www.pagina12.com.ar\/52094-literatura-en-la-escuela&amp;source=gmail&amp;ust=1528843866646000&amp;usg=AFQjCNEesGvYICfBPS29coi8iMXCEBOKxQ\">https:\/\/www.pagina12.com.ar\/52094-literatura-en-la-escuela<\/a><\/p>\n<p>&nbsp;<\/p>\n<\/div>\n","protected":false},"excerpt":{"rendered":"<p>Gustavo Bombini, Profesor, Licenciado y Doctor en Letras por la Universidad de Buenos Aires e investigador en Did\u00e1ctica de la Lengua y la Literatura visit\u00f3 la Extensi\u00f3n \u00c1ulica del Profesorado de Lengua y Literatura de Villa El Libertador. Durante la visita, acompa\u00f1ado por la Profesora Claudia Baca, brind\u00f3 una charla para los estudiantes del profesorado &#8230; <a title=\"Destacada visita en el Anexo de Villa El Libertador: Gustavo Bombini con los estudiantes del Profesorado de Lengua\" class=\"read-more\" href=\"https:\/\/iesbolivar-cba.infd.edu.ar\/sitio\/destacada-visita-en-el-anexo-de-villa-el-libertador-gustavo-bombini-con-los-estudiantes-del-profesorado-de-lengua\/\" aria-label=\"More on Destacada visita en el Anexo de Villa El Libertador: Gustavo Bombini con los estudiantes del Profesorado de Lengua\">[+]<\/a><\/p>\n","protected":false},"author":3377,"featured_media":0,"comment_status":"open","ping_status":"open","sticky":false,"template":"","format":"standard","meta":[],"categories":[8,6],"tags":[],"acf":[],"_links":{"self":[{"href":"https:\/\/iesbolivar-cba.infd.edu.ar\/sitio\/wp-json\/wp\/v2\/posts\/900"}],"collection":[{"href":"https:\/\/iesbolivar-cba.infd.edu.ar\/sitio\/wp-json\/wp\/v2\/posts"}],"about":[{"href":"https:\/\/iesbolivar-cba.infd.edu.ar\/sitio\/wp-json\/wp\/v2\/types\/post"}],"author":[{"embeddable":true,"href":"https:\/\/iesbolivar-cba.infd.edu.ar\/sitio\/wp-json\/wp\/v2\/users\/3377"}],"replies":[{"embeddable":true,"href":"https:\/\/iesbolivar-cba.infd.edu.ar\/sitio\/wp-json\/wp\/v2\/comments?post=900"}],"version-history":[{"count":2,"href":"https:\/\/iesbolivar-cba.infd.edu.ar\/sitio\/wp-json\/wp\/v2\/posts\/900\/revisions"}],"predecessor-version":[{"id":1188,"href":"https:\/\/iesbolivar-cba.infd.edu.ar\/sitio\/wp-json\/wp\/v2\/posts\/900\/revisions\/1188"}],"wp:attachment":[{"href":"https:\/\/iesbolivar-cba.infd.edu.ar\/sitio\/wp-json\/wp\/v2\/media?parent=900"}],"wp:term":[{"taxonomy":"category","embeddable":true,"href":"https:\/\/iesbolivar-cba.infd.edu.ar\/sitio\/wp-json\/wp\/v2\/categories?post=900"},{"taxonomy":"post_tag","embeddable":true,"href":"https:\/\/iesbolivar-cba.infd.edu.ar\/sitio\/wp-json\/wp\/v2\/tags?post=900"}],"curies":[{"name":"wp","href":"https:\/\/api.w.org\/{rel}","templated":true}]}}