{"id":895,"date":"2018-05-22T00:00:00","date_gmt":"2018-05-22T00:00:00","guid":{"rendered":"https:\/\/iesbolivar-cba.infd.edu.ar\/sitio\/acto-en-conmemoracion-del-centenario-de-la-reforma-universitaria-de-1918-en-el-ies-simon-bolivar\/"},"modified":"2018-05-22T00:00:00","modified_gmt":"2018-05-22T00:00:00","slug":"acto-en-conmemoracion-del-centenario-de-la-reforma-universitaria-de-1918-en-el-ies-simon-bolivar","status":"publish","type":"post","link":"https:\/\/iesbolivar-cba.infd.edu.ar\/sitio\/acto-en-conmemoracion-del-centenario-de-la-reforma-universitaria-de-1918-en-el-ies-simon-bolivar\/","title":{"rendered":"Acto en Conmemoraci\u00f3n del Centenario de la Reforma Universitaria de 1918 en el IES Sim\u00f3n Bol\u00edvar"},"content":{"rendered":"<p class=\"sitio_noticia_volanta\" >\n<h3>Acto en Conmemoraci\u00f3n del Centenario de la Reforma Universitaria de 1918 en el IES Sim\u00f3n Bol\u00edvar<\/h3>\n<p class=\"sitio_noticia_copete\" >\n<hr class=\"sitio_noticia_contenido\" \/>\n<p >\n<p><span><strong><img decoding=\"async\" loading=\"lazy\" class=\"CToWUd a6T\" src=\"https:\/\/ci3.googleusercontent.com\/proxy\/Hngh75iGWcDFZRXBKM3bDk-lSc7_EjmjdbtZi95nmlO9DOt8BblhlkVEITWGXotT1AFAL4S0-KcQcRE4wGX4FbJY6uu5nSYXMvws22mD_5Uj9oJPPe2imBkPldYM2PqjiauE=s0-d-e1-ft#upload\/Jefferson_High_school_2_1.png\" border=\"0\" alt=\"\" width=\"650\" height=\"889\"><\/strong><\/span><\/p>\n<p>&nbsp;<\/p><\/p>\n","protected":false},"excerpt":{"rendered":"<p>Acto en Conmemoraci\u00f3n del Centenario de la Reforma Universitaria de 1918 en el IES Sim\u00f3n Bol\u00edvar &nbsp;<\/p>\n","protected":false},"author":3377,"featured_media":0,"comment_status":"open","ping_status":"open","sticky":false,"template":"","format":"standard","meta":[],"categories":[6,9],"tags":[],"acf":[],"_links":{"self":[{"href":"https:\/\/iesbolivar-cba.infd.edu.ar\/sitio\/wp-json\/wp\/v2\/posts\/895"}],"collection":[{"href":"https:\/\/iesbolivar-cba.infd.edu.ar\/sitio\/wp-json\/wp\/v2\/posts"}],"about":[{"href":"https:\/\/iesbolivar-cba.infd.edu.ar\/sitio\/wp-json\/wp\/v2\/types\/post"}],"author":[{"embeddable":true,"href":"https:\/\/iesbolivar-cba.infd.edu.ar\/sitio\/wp-json\/wp\/v2\/users\/3377"}],"replies":[{"embeddable":true,"href":"https:\/\/iesbolivar-cba.infd.edu.ar\/sitio\/wp-json\/wp\/v2\/comments?post=895"}],"version-history":[{"count":0,"href":"https:\/\/iesbolivar-cba.infd.edu.ar\/sitio\/wp-json\/wp\/v2\/posts\/895\/revisions"}],"wp:attachment":[{"href":"https:\/\/iesbolivar-cba.infd.edu.ar\/sitio\/wp-json\/wp\/v2\/media?parent=895"}],"wp:term":[{"taxonomy":"category","embeddable":true,"href":"https:\/\/iesbolivar-cba.infd.edu.ar\/sitio\/wp-json\/wp\/v2\/categories?post=895"},{"taxonomy":"post_tag","embeddable":true,"href":"https:\/\/iesbolivar-cba.infd.edu.ar\/sitio\/wp-json\/wp\/v2\/tags?post=895"}],"curies":[{"name":"wp","href":"https:\/\/api.w.org\/{rel}","templated":true}]}}