{"id":894,"date":"2018-05-22T00:00:00","date_gmt":"2018-05-22T00:00:00","guid":{"rendered":"https:\/\/iesbolivar-cba.infd.edu.ar\/sitio\/flora-autoctona-y-colecciones-paleontologicas-para-conocer-los-ambientes-naturales-de-la-cordoba\/"},"modified":"2018-07-24T17:18:42","modified_gmt":"2018-07-24T20:18:42","slug":"flora-autoctona-y-colecciones-paleontologicas-para-conocer-los-ambientes-naturales-de-la-cordoba","status":"publish","type":"post","link":"https:\/\/iesbolivar-cba.infd.edu.ar\/sitio\/flora-autoctona-y-colecciones-paleontologicas-para-conocer-los-ambientes-naturales-de-la-cordoba\/","title":{"rendered":"Flora aut\u00f3ctona y colecciones paleontol\u00f3gicas para conocer los\u00a0ambientes\u00a0naturales de la C\u00f3rdoba"},"content":{"rendered":"<h3><\/h3>\n<p>Estudiantes de segundo a\u00f1o del Profesorado de Biolog\u00eda visitaron el Museo Provincial de Ciencias Naturales y recorrieron sus alrededores para apreciar la flora aut\u00f3ctona de nuestra provincia.<\/p>\n<p>El Museo, ubicado\u00a0donde funcion\u00f3 el ex Foro de la Democracia, tiene forma de caracol, con tres plataformas circulares y vitrinas como \u00e1reas de exposici\u00f3n.\u00a0 Entre sus\u00a0colecciones se destacan la de minerales y rocas de distintas parte del mundo y los ejemplares de flora y fauna caracter\u00edsticos de los ambientes naturales de C\u00f3rdoba.<\/p>\n<p><img decoding=\"async\" loading=\"lazy\" class=\"CToWUd a6T\" src=\"https:\/\/ci4.googleusercontent.com\/proxy\/OaCH-ihGVgVThyDst0C-o08zzoIFlwPczrp3Bf6wcdUzXKBtneBjrqDQ6FoHOnTzpBwujo_Za-iVp-QQ1nY6fKHZJ7nQckjpuIteJsyjzjYWJI8zQovU1zwwMmiyDQML5vQpELgDgUb4hT-kDz7f2TU=s0-d-e1-ft#https:\/\/iesbolivar-cba.infd.edu.ar\/aula\/archivos\/repositorio\/\/1250\/1327\/20180518_153510.jpg\" width=\"700\" height=\"410\" border=\"0\" \/><\/p>\n<p>La visita se llev\u00f3 a cabo en el marco del D\u00eda Internacional de los Museos, un evento del que participan alrededor de 30.000 museos de 120 pa\u00edses, quienes organizan actividades para concientizar al p\u00fablico sobre el rol de los museos en la sociedad.<\/p>\n<p>Para esta\u00a0celebraci\u00f3n, el Consejo Internacional de Museos (ICOM) eligi\u00f3 el tema Museos hiperconectados: Enfoques nuevos, p\u00fablicos nuevos, apuntando no solamente a las nuevas tecnolog\u00edas sino tambi\u00e9n a los programas que implementan los museos para vincularse con la\/s comunidad\/es.<\/p>\n<p><img decoding=\"async\" loading=\"lazy\" class=\"CToWUd a6T\" src=\"https:\/\/ci6.googleusercontent.com\/proxy\/Gt01OMu6zikpE8L4kcXWvkx0wqgOwW0KcEy_dVdbWDOMRtMv99MlNRgyidR4LwwSR9EXyxGabNFO8phTNbsSp_n07O6ES8THmbvd9tWaDPsPdDpM7QDc9HgiWOA_SXdXWipQrzuSg9uJb86DmWzAqT4=s0-d-e1-ft#https:\/\/iesbolivar-cba.infd.edu.ar\/aula\/archivos\/repositorio\/\/1250\/1326\/20180518_144142.jpg\" width=\"700\" height=\"338\" border=\"0\" \/><\/p>\n<p><img decoding=\"async\" loading=\"lazy\" class=\"CToWUd a6T\" src=\"https:\/\/ci6.googleusercontent.com\/proxy\/ggxM9dn8GJjR5w03I2t8aCxMMBgU1IahbA_RW8JcKeH2ExNENURT7S3xEvrNJ9szJ_4L6c25XQ2axv8NSZS-GazjBgAlIX-od_tnG6WLdp-xA2zeTuM8Jk10_7BonNKc7Sw6wC1kaV5VdF35nl4QvTg=s0-d-e1-ft#https:\/\/iesbolivar-cba.infd.edu.ar\/aula\/archivos\/repositorio\/\/1250\/1325\/20180518_143200.jpg\" width=\"700\" height=\"350\" border=\"0\" \/><\/p>\n<p>&nbsp;<\/p>\n","protected":false},"excerpt":{"rendered":"<p>Estudiantes de segundo a\u00f1o del Profesorado de Biolog\u00eda visitaron el Museo Provincial de Ciencias Naturales y recorrieron sus alrededores para apreciar la flora aut\u00f3ctona de nuestra provincia. El Museo, ubicado\u00a0donde funcion\u00f3 el ex Foro de la Democracia, tiene forma de caracol, con tres plataformas circulares y vitrinas como \u00e1reas de exposici\u00f3n.\u00a0 Entre sus\u00a0colecciones se destacan &#8230; <a title=\"Flora aut\u00f3ctona y colecciones paleontol\u00f3gicas para conocer los\u00a0ambientes\u00a0naturales de la C\u00f3rdoba\" class=\"read-more\" href=\"https:\/\/iesbolivar-cba.infd.edu.ar\/sitio\/flora-autoctona-y-colecciones-paleontologicas-para-conocer-los-ambientes-naturales-de-la-cordoba\/\" aria-label=\"More on Flora aut\u00f3ctona y colecciones paleontol\u00f3gicas para conocer los\u00a0ambientes\u00a0naturales de la C\u00f3rdoba\">[+]<\/a><\/p>\n","protected":false},"author":3377,"featured_media":0,"comment_status":"open","ping_status":"open","sticky":false,"template":"","format":"standard","meta":[],"categories":[6,9],"tags":[],"acf":[],"_links":{"self":[{"href":"https:\/\/iesbolivar-cba.infd.edu.ar\/sitio\/wp-json\/wp\/v2\/posts\/894"}],"collection":[{"href":"https:\/\/iesbolivar-cba.infd.edu.ar\/sitio\/wp-json\/wp\/v2\/posts"}],"about":[{"href":"https:\/\/iesbolivar-cba.infd.edu.ar\/sitio\/wp-json\/wp\/v2\/types\/post"}],"author":[{"embeddable":true,"href":"https:\/\/iesbolivar-cba.infd.edu.ar\/sitio\/wp-json\/wp\/v2\/users\/3377"}],"replies":[{"embeddable":true,"href":"https:\/\/iesbolivar-cba.infd.edu.ar\/sitio\/wp-json\/wp\/v2\/comments?post=894"}],"version-history":[{"count":1,"href":"https:\/\/iesbolivar-cba.infd.edu.ar\/sitio\/wp-json\/wp\/v2\/posts\/894\/revisions"}],"predecessor-version":[{"id":1189,"href":"https:\/\/iesbolivar-cba.infd.edu.ar\/sitio\/wp-json\/wp\/v2\/posts\/894\/revisions\/1189"}],"wp:attachment":[{"href":"https:\/\/iesbolivar-cba.infd.edu.ar\/sitio\/wp-json\/wp\/v2\/media?parent=894"}],"wp:term":[{"taxonomy":"category","embeddable":true,"href":"https:\/\/iesbolivar-cba.infd.edu.ar\/sitio\/wp-json\/wp\/v2\/categories?post=894"},{"taxonomy":"post_tag","embeddable":true,"href":"https:\/\/iesbolivar-cba.infd.edu.ar\/sitio\/wp-json\/wp\/v2\/tags?post=894"}],"curies":[{"name":"wp","href":"https:\/\/api.w.org\/{rel}","templated":true}]}}