{"id":891,"date":"2018-05-11T00:00:00","date_gmt":"2018-05-11T00:00:00","guid":{"rendered":"https:\/\/iesbolivar-cba.infd.edu.ar\/sitio\/estudiantes-de-tercero-ano-del-profesorado-de-biologia-visitaron-la-reserva-de-la-universidad-catolica-de-cordoba\/"},"modified":"2018-05-11T00:00:00","modified_gmt":"2018-05-11T00:00:00","slug":"estudiantes-de-tercero-ano-del-profesorado-de-biologia-visitaron-la-reserva-de-la-universidad-catolica-de-cordoba","status":"publish","type":"post","link":"https:\/\/iesbolivar-cba.infd.edu.ar\/sitio\/estudiantes-de-tercero-ano-del-profesorado-de-biologia-visitaron-la-reserva-de-la-universidad-catolica-de-cordoba\/","title":{"rendered":"Estudiantes de tercero a\u00f1o del profesorado de Biolog\u00eda visitaron la reserva de la Universidad Cat\u00f3lica de C\u00f3rdoba"},"content":{"rendered":"<p class=\"sitio_noticia_volanta\" >\n<h3>Estudiantes de tercero a\u00f1o del profesorado de Biolog\u00eda visitaron la reserva de la Universidad Cat\u00f3lica de C\u00f3rdoba<\/h3>\n<p class=\"sitio_noticia_copete\" >\n<hr class=\"sitio_noticia_contenido\" \/>\n<p >\n<p><span><strong><img decoding=\"async\" loading=\"lazy\" class=\"CToWUd a6T\" src=\"https:\/\/ci4.googleusercontent.com\/proxy\/ly3EeAcQZ04lcA-lzATKGk06HKo2lRPYYJ88PX2dhzRnPxPV8dgO-3vY9MXRR2u7syQyzBzpqE5N6swXDy4JLgsTfFM2NaRVZE2JoVeq2HuQBzHxKC3fNac299h60RcAaIswJhfCjWbWFyqvC4dcZUK2=s0-d-e1-ft#https:\/\/iesbolivar-cba.infd.edu.ar\/aula\/archivos\/repositorio\/\/1250\/1283\/20180502_1658541.jpg\" border=\"0\" alt=\"\" width=\"690\" height=\"272\"><\/strong><\/span><\/p>\n<p>El pasado mi&eacute;rcoles 2 de mayo se realiz&oacute; una visita educativa a la Reserva Natural de la UCC en el marco del proyecto &ldquo;Conociendo los recursos naturales en una reserva&hellip;.&nbsp;Para conservarlos&hellip;&rdquo;. La propuesta fue llevada a cabo por las profesoras Ang&eacute;lica Chebel y Claudia Pe&ntilde;aloza &nbsp;y busc&oacute;, entre otros objetivos,&nbsp; promover una actitud &eacute;tica hacia la conservaci&oacute;n y protecci&oacute;n de la naturaleza y concientizar a los futuros profesores&nbsp;sobre la importancia del equilibrio ecol&oacute;gico y su abordaje en el aula.<\/p>\n<p>La visita incluy&oacute; una charla con las Ing. Agr&oacute;nomas de la C&aacute;tedra sobre los recursos naturales, sus usos y los bienes que aportan. Adem&aacute;s, se abordaron las especies de plantas de los principales grupos taxon&oacute;micos vegetales que protegen de la desecaci&oacute;n y de la erosi&oacute;n del suelo a la reserva como los organismos bi&oacute;ticos que interact&uacute;an en este fen&oacute;meno: el suelo, el aire, etc.<\/p>\n<p>Durante en el recorrido por la reserva, adem&aacute;s, se recolect&oacute; material ca&iacute;do de hojas, tallos, semillas, flores de las especies de plantas que fueron luego observados en el laboratorio de la UCC con microscopio y lupas con el objetivo de identificarlos, describirlos y &nbsp;relacionarlos con el fuste de cada especie de planta que se encuentra en la naturaleza.<\/p>\n<p>La visita culmin&oacute; con una charla sobre la importancia de la reserva y sus funciones como un &ldquo;pulm&oacute;n&rdquo; de la ciudad de C&oacute;rdoba. En esta instancia, adem&aacute;s, los estudiantes conocieron la Biblioteca de la UCC como posible lugar de b&uacute;squeda e investigaci&oacute;n de material bibliogr&aacute;fico.<\/p>\n<p>&nbsp;<img decoding=\"async\" loading=\"lazy\" class=\"CToWUd a6T\" src=\"https:\/\/ci4.googleusercontent.com\/proxy\/IwP3FmIBlDlkDqB1rWcElpHQ0nKzw2by6ORYCLFOfOASIWaPeCOEAdKkSOyxulGJRv53YYkxR_rN3QCrrnjzAPwj35uut3yfZXsVTB06c1m2Ea42Hx9d28frtQ_hY346ydP64SN3S7SEqWhVfyIQEDDN=s0-d-e1-ft#https:\/\/iesbolivar-cba.infd.edu.ar\/aula\/archivos\/repositorio\/\/1250\/1280\/20180502_1550421.jpg\" border=\"0\" alt=\"\" width=\"688\" height=\"386\"><\/p>\n<p><img decoding=\"async\" loading=\"lazy\" class=\"CToWUd a6T\" src=\"https:\/\/ci5.googleusercontent.com\/proxy\/90R6lZ8A7WuH-_7nhRSRmCUbmvWpDQYYSTRfHMNb_HN9SjQhL_rGmkiuW8DisYdLRfj1GxoyB_ilCO5MOh4Jbvh42spkFVuUUl-BD_f3ethH79IZK2j-wfSsyM-HImFdetNo3nnlN39KVAAjc8Jj6u21=s0-d-e1-ft#https:\/\/iesbolivar-cba.infd.edu.ar\/aula\/archivos\/repositorio\/\/1250\/1281\/20180502_1612471.jpg\" border=\"0\" alt=\"\" width=\"690\" height=\"338\"><\/p>\n<p><img decoding=\"async\" loading=\"lazy\" class=\"CToWUd a6T\" src=\"https:\/\/ci6.googleusercontent.com\/proxy\/KUFRm2BncZbdNxLVL1ExjR7nvIXZkuloyDGyRfQ8MnBD9JCKRKmUMjvyWzdgnS4SIh0gKThyQN124icB-2EeWHmTa7ZDS5adAr8JDGUvXBNOOSY1yItqhy-5jzFgl45hIdBcWV7juu7IZWApaByOahCk=s0-d-e1-ft#https:\/\/iesbolivar-cba.infd.edu.ar\/aula\/archivos\/repositorio\/\/1250\/1282\/20180502_1613231.jpg\" border=\"0\" alt=\"\" width=\"689\" height=\"416\"><\/p><\/p>\n","protected":false},"excerpt":{"rendered":"<p>Estudiantes de tercero a\u00f1o del profesorado de Biolog\u00eda visitaron la reserva de la Universidad Cat\u00f3lica de C\u00f3rdoba El pasado mi&eacute;rcoles 2 de mayo se realiz&oacute; una visita educativa a la Reserva Natural de la UCC en el marco del proyecto &ldquo;Conociendo los recursos naturales en una reserva&hellip;.&nbsp;Para conservarlos&hellip;&rdquo;. La propuesta fue llevada a cabo por &#8230; <a title=\"Estudiantes de tercero a\u00f1o del profesorado de Biolog\u00eda visitaron la reserva de la Universidad Cat\u00f3lica de C\u00f3rdoba\" class=\"read-more\" href=\"https:\/\/iesbolivar-cba.infd.edu.ar\/sitio\/estudiantes-de-tercero-ano-del-profesorado-de-biologia-visitaron-la-reserva-de-la-universidad-catolica-de-cordoba\/\" aria-label=\"More on Estudiantes de tercero a\u00f1o del profesorado de Biolog\u00eda visitaron la reserva de la Universidad Cat\u00f3lica de C\u00f3rdoba\">[+]<\/a><\/p>\n","protected":false},"author":3377,"featured_media":0,"comment_status":"open","ping_status":"open","sticky":false,"template":"","format":"standard","meta":[],"categories":[6,9],"tags":[],"acf":[],"_links":{"self":[{"href":"https:\/\/iesbolivar-cba.infd.edu.ar\/sitio\/wp-json\/wp\/v2\/posts\/891"}],"collection":[{"href":"https:\/\/iesbolivar-cba.infd.edu.ar\/sitio\/wp-json\/wp\/v2\/posts"}],"about":[{"href":"https:\/\/iesbolivar-cba.infd.edu.ar\/sitio\/wp-json\/wp\/v2\/types\/post"}],"author":[{"embeddable":true,"href":"https:\/\/iesbolivar-cba.infd.edu.ar\/sitio\/wp-json\/wp\/v2\/users\/3377"}],"replies":[{"embeddable":true,"href":"https:\/\/iesbolivar-cba.infd.edu.ar\/sitio\/wp-json\/wp\/v2\/comments?post=891"}],"version-history":[{"count":0,"href":"https:\/\/iesbolivar-cba.infd.edu.ar\/sitio\/wp-json\/wp\/v2\/posts\/891\/revisions"}],"wp:attachment":[{"href":"https:\/\/iesbolivar-cba.infd.edu.ar\/sitio\/wp-json\/wp\/v2\/media?parent=891"}],"wp:term":[{"taxonomy":"category","embeddable":true,"href":"https:\/\/iesbolivar-cba.infd.edu.ar\/sitio\/wp-json\/wp\/v2\/categories?post=891"},{"taxonomy":"post_tag","embeddable":true,"href":"https:\/\/iesbolivar-cba.infd.edu.ar\/sitio\/wp-json\/wp\/v2\/tags?post=891"}],"curies":[{"name":"wp","href":"https:\/\/api.w.org\/{rel}","templated":true}]}}