{"id":890,"date":"2018-05-08T00:00:00","date_gmt":"2018-05-08T00:00:00","guid":{"rendered":"https:\/\/iesbolivar-cba.infd.edu.ar\/sitio\/jornada-de-debate-sobre-aborto-salud-publica-y-educacion-en-el-simon-bolivar\/"},"modified":"2018-05-08T00:00:00","modified_gmt":"2018-05-08T00:00:00","slug":"jornada-de-debate-sobre-aborto-salud-publica-y-educacion-en-el-simon-bolivar","status":"publish","type":"post","link":"https:\/\/iesbolivar-cba.infd.edu.ar\/sitio\/jornada-de-debate-sobre-aborto-salud-publica-y-educacion-en-el-simon-bolivar\/","title":{"rendered":"Jornada de debate sobre aborto, salud p\u00fablica y educaci\u00f3n en el Sim\u00f3n Bol\u00edvar"},"content":{"rendered":"<p class=\"sitio_noticia_volanta\" >\n<h3>Jornada de debate sobre aborto, salud p\u00fablica y educaci\u00f3n en el Sim\u00f3n Bol\u00edvar<\/h3>\n<p class=\"sitio_noticia_copete\" >\n<hr class=\"sitio_noticia_contenido\" \/>\n<p >\n<p><img decoding=\"async\" src=\"https:\/\/iesbolivar-cba.infd.edu.ar\/aula\/archivos\/repositorio\/\/1250\/1277\/DSC07244.jpg\" border=\"0\" alt=\"\" width=\"700\"><\/p>\n<p>El pasado jueves 3 de mayo se llev&oacute; a cabo en nuestro Instituto una Jornada Interdisciplinaria sobre derecho al aborto, salud p&uacute;blica y educaci&oacute;n. La iniciativa se enmarc&oacute; en el debate del proyecto de interrupci&oacute;n voluntaria del embarazo que actualmente se desarrolla en el Congreso Nacional.<\/p>\n<p>En el encuentro disertaron Magdalena Uz&iacute;n, docente del IES Sim&oacute;n Bol&iacute;var e investigadora de g&eacute;nero, Mart&iacute;n Gamron, m&eacute;dico generalista del Hospital Santa Rosa de Calamuchita y Soledad Garc&iacute;a, abogada y especialista en derechos de la mujer del Plenario de Trabajadoras.<\/p>\n<p>El encuentro estuvo coordinado por Marina Ferreyra Petrini, docente y coordinadora del IES Sim&oacute;n Bol&iacute;var y organizado por estudiantes y docentes conjuntamente con el Centro de Estudiantes y la Secretar&iacute;a de Medio Ambiente del Instituto.<\/p>\n<p><img decoding=\"async\" src=\"https:\/\/iesbolivar-cba.infd.edu.ar\/aula\/archivos\/repositorio\/\/1250\/1275\/DSC07253.jpg\" border=\"0\" width=\"700\"><\/p>\n<p><img decoding=\"async\" loading=\"lazy\" src=\"https:\/\/iesbolivar-cba.infd.edu.ar\/aula\/archivos\/repositorio\/\/1250\/1274\/DSC07257.jpg\" border=\"0\" alt=\"\" width=\"700\" height=\"345\"><\/p><\/p>\n","protected":false},"excerpt":{"rendered":"<p>Jornada de debate sobre aborto, salud p\u00fablica y educaci\u00f3n en el Sim\u00f3n Bol\u00edvar El pasado jueves 3 de mayo se llev&oacute; a cabo en nuestro Instituto una Jornada Interdisciplinaria sobre derecho al aborto, salud p&uacute;blica y educaci&oacute;n. La iniciativa se enmarc&oacute; en el debate del proyecto de interrupci&oacute;n voluntaria del embarazo que actualmente se desarrolla &#8230; <a title=\"Jornada de debate sobre aborto, salud p\u00fablica y educaci\u00f3n en el Sim\u00f3n Bol\u00edvar\" class=\"read-more\" href=\"https:\/\/iesbolivar-cba.infd.edu.ar\/sitio\/jornada-de-debate-sobre-aborto-salud-publica-y-educacion-en-el-simon-bolivar\/\" aria-label=\"More on Jornada de debate sobre aborto, salud p\u00fablica y educaci\u00f3n en el Sim\u00f3n Bol\u00edvar\">[+]<\/a><\/p>\n","protected":false},"author":3377,"featured_media":0,"comment_status":"open","ping_status":"open","sticky":false,"template":"","format":"standard","meta":[],"categories":[7,6],"tags":[],"acf":[],"_links":{"self":[{"href":"https:\/\/iesbolivar-cba.infd.edu.ar\/sitio\/wp-json\/wp\/v2\/posts\/890"}],"collection":[{"href":"https:\/\/iesbolivar-cba.infd.edu.ar\/sitio\/wp-json\/wp\/v2\/posts"}],"about":[{"href":"https:\/\/iesbolivar-cba.infd.edu.ar\/sitio\/wp-json\/wp\/v2\/types\/post"}],"author":[{"embeddable":true,"href":"https:\/\/iesbolivar-cba.infd.edu.ar\/sitio\/wp-json\/wp\/v2\/users\/3377"}],"replies":[{"embeddable":true,"href":"https:\/\/iesbolivar-cba.infd.edu.ar\/sitio\/wp-json\/wp\/v2\/comments?post=890"}],"version-history":[{"count":0,"href":"https:\/\/iesbolivar-cba.infd.edu.ar\/sitio\/wp-json\/wp\/v2\/posts\/890\/revisions"}],"wp:attachment":[{"href":"https:\/\/iesbolivar-cba.infd.edu.ar\/sitio\/wp-json\/wp\/v2\/media?parent=890"}],"wp:term":[{"taxonomy":"category","embeddable":true,"href":"https:\/\/iesbolivar-cba.infd.edu.ar\/sitio\/wp-json\/wp\/v2\/categories?post=890"},{"taxonomy":"post_tag","embeddable":true,"href":"https:\/\/iesbolivar-cba.infd.edu.ar\/sitio\/wp-json\/wp\/v2\/tags?post=890"}],"curies":[{"name":"wp","href":"https:\/\/api.w.org\/{rel}","templated":true}]}}