{"id":887,"date":"2018-04-11T00:00:00","date_gmt":"2018-04-11T00:00:00","guid":{"rendered":"https:\/\/iesbolivar-cba.infd.edu.ar\/sitio\/el-simon-bolivar-conmemoro-el-dia-de-la-memoria\/"},"modified":"2018-04-11T00:00:00","modified_gmt":"2018-04-11T00:00:00","slug":"el-simon-bolivar-conmemoro-el-dia-de-la-memoria","status":"publish","type":"post","link":"https:\/\/iesbolivar-cba.infd.edu.ar\/sitio\/el-simon-bolivar-conmemoro-el-dia-de-la-memoria\/","title":{"rendered":"El Sim\u00f3n Bol\u00edvar conmemor\u00f3 el D\u00eda de la Memoria"},"content":{"rendered":"<p class=\"sitio_noticia_volanta\" >\n<h3>El Sim\u00f3n Bol\u00edvar conmemor\u00f3 el D\u00eda de la Memoria<\/h3>\n<p class=\"sitio_noticia_copete\" >\n<hr class=\"sitio_noticia_contenido\" \/>\n<p >\n<p>El pasado lunes 26 de marzo el Sim&oacute;n Bol&iacute;var conmemor&oacute; el D&iacute;a de la Memoria por la Verdad y la Justicia con los emotivos testimonios de Sonia Torres, Presidente de Abuelas de Plaza de Mayo, Gustavo Godoy, nieto recuperado, Elda Toranzo, hermana de Higinio Toranzo, secuestrado y asesinado por el Tercer Cuerpo de Ej&eacute;rcito de C&oacute;rdoba, y Tom&aacute;s Alsogaray Vanella, co-autor del proyecto y del libro la &ldquo;Biblioteca Roja&rdquo;.<\/p>\n<p>El acto estuvo organizado por la c&aacute;tedra de &ldquo;Historia y Pol&iacute;tica de la Educaci&oacute;n Argentina&rdquo; a cargo de la Profesora Nancy Alice V&aacute;zquez y acompa&ntilde;ado por una exposici&oacute;n de trabajos art&iacute;sticos de sus alumnos y una muestra de libros prohibidos elaborada por Julio Melian, bibliotecario del Sim&oacute;n Bol&iacute;var.<\/p>\n<p>Elda Toranzo relat&oacute; la detenci&oacute;n de su hermano Higinio, militante del PJ y preso pol&iacute;tico fusilado en la Penitenciaria de C&oacute;rdoba en 1976. Asimismo, describi&oacute; el contexto de sufrimiento y control a su familia como su propia experiencia de secuestro y encarcelamiento, momentos en los cuales, incluso, dio a luz a su hija.&nbsp;<\/p>\n<p>Tom&aacute;s Alsogaray Vanella cont&oacute; su exilio y el de su familia en M&eacute;xico en el inicio de la Dictadura, la dif&iacute;cil experiencia del regreso y la integraci&oacute;n a la sociedad argentina e, incluso m&aacute;s, a unas instituciones que, como la escuela, sinti&oacute; que no estaban preparadas para atender estos casos. Adem&aacute;s, reconstruy&oacute; el proceso de b&uacute;squeda y desentierro de los libros que sus padres ocultaron y resguardaron en un pozo antes de su exilio en 1976, una pr&aacute;ctica de protecci&oacute;n y cuidado, ante la censura, la represi&oacute;n y las connotaciones que ciertas obras ten&iacute;an en la &eacute;poca.<\/p>\n<p>Gustavo Godoy, nieto recuperado, brind&oacute; su testimonio de reencuentro con su familia y con su identidad, su relaci&oacute;n con Abuelas de Plaza de Mayo como los dif&iacute;ciles momentos vividos con su apropiador cuando decidi&oacute; iniciar su b&uacute;squeda. &nbsp;&nbsp;&nbsp;&nbsp;<\/p>\n<p>Finalmente, Sonia Torres, dio cuenta de la historia de Abuelas de Plaza de Mayo y de la b&uacute;squeda de su hija y su nieto en hospitales, cuarteles, comisarias. Adem&aacute;s, mostrando un incansable compromiso y trabajo solicit&oacute; datos y ayuda para continuar con las b&uacute;squedas. Asimismo, record&oacute; los 24 alumnos desaparecidos de la Escuela Manuel Belgrano y que exactamente en ese mismo d&iacute;a, el 26 de marzo a las 18 hs. hace 42 a&ntilde;os, secuestraron y desaparecieron a su hija. &nbsp;<\/p>\n<p>Durante la jornada, estudiantes y profesores plantearon numerosas inquietudes y alumnos de la c&aacute;tedra cerraron el acto con la lectura de una poes&iacute;a. &nbsp;<\/p>\n<p>&nbsp;<img decoding=\"async\" loading=\"lazy\" src=\"https:\/\/iesbolivar-cba.infd.edu.ar\/aula\/archivos\/repositorio\/\/1000\/1222\/DSC07191-ANIMATION_1.gif\" border=\"0\" alt=\"\" width=\"700\" height=\"524\"><\/p>\n<p><strong>Para conocer m&aacute;s<\/strong><\/p>\n<p><iframe loading=\"lazy\" allowfullscreen=\"\" frameborder=\"0\" height=\"315\" src=\"https:\/\/www.youtube.com\/embed\/qMKbCbrKBF4?wmode=transparent\" width=\"560\"><\/iframe><\/p>\n<p><iframe loading=\"lazy\" allowfullscreen=\"\" frameborder=\"0\" height=\"315\" src=\"https:\/\/www.youtube.com\/embed\/6Z4yWLVTpjc?wmode=transparent\" width=\"560\"><\/iframe><\/p>\n<p>&nbsp;<iframe loading=\"lazy\" allowfullscreen=\"\" frameborder=\"0\" height=\"315\" src=\"https:\/\/www.youtube.com\/embed\/9U2HzKVMx24?wmode=transparent\" width=\"560\"><\/iframe><\/p>\n<p>&nbsp;<\/p>\n<p>&nbsp;<\/p><\/p>\n","protected":false},"excerpt":{"rendered":"<p>El Sim\u00f3n Bol\u00edvar conmemor\u00f3 el D\u00eda de la Memoria El pasado lunes 26 de marzo el Sim&oacute;n Bol&iacute;var conmemor&oacute; el D&iacute;a de la Memoria por la Verdad y la Justicia con los emotivos testimonios de Sonia Torres, Presidente de Abuelas de Plaza de Mayo, Gustavo Godoy, nieto recuperado, Elda Toranzo, hermana de Higinio Toranzo, secuestrado &#8230; <a title=\"El Sim\u00f3n Bol\u00edvar conmemor\u00f3 el D\u00eda de la Memoria\" class=\"read-more\" href=\"https:\/\/iesbolivar-cba.infd.edu.ar\/sitio\/el-simon-bolivar-conmemoro-el-dia-de-la-memoria\/\" aria-label=\"More on El Sim\u00f3n Bol\u00edvar conmemor\u00f3 el D\u00eda de la Memoria\">[+]<\/a><\/p>\n","protected":false},"author":3377,"featured_media":0,"comment_status":"open","ping_status":"open","sticky":false,"template":"","format":"standard","meta":[],"categories":[7,6],"tags":[],"acf":[],"_links":{"self":[{"href":"https:\/\/iesbolivar-cba.infd.edu.ar\/sitio\/wp-json\/wp\/v2\/posts\/887"}],"collection":[{"href":"https:\/\/iesbolivar-cba.infd.edu.ar\/sitio\/wp-json\/wp\/v2\/posts"}],"about":[{"href":"https:\/\/iesbolivar-cba.infd.edu.ar\/sitio\/wp-json\/wp\/v2\/types\/post"}],"author":[{"embeddable":true,"href":"https:\/\/iesbolivar-cba.infd.edu.ar\/sitio\/wp-json\/wp\/v2\/users\/3377"}],"replies":[{"embeddable":true,"href":"https:\/\/iesbolivar-cba.infd.edu.ar\/sitio\/wp-json\/wp\/v2\/comments?post=887"}],"version-history":[{"count":0,"href":"https:\/\/iesbolivar-cba.infd.edu.ar\/sitio\/wp-json\/wp\/v2\/posts\/887\/revisions"}],"wp:attachment":[{"href":"https:\/\/iesbolivar-cba.infd.edu.ar\/sitio\/wp-json\/wp\/v2\/media?parent=887"}],"wp:term":[{"taxonomy":"category","embeddable":true,"href":"https:\/\/iesbolivar-cba.infd.edu.ar\/sitio\/wp-json\/wp\/v2\/categories?post=887"},{"taxonomy":"post_tag","embeddable":true,"href":"https:\/\/iesbolivar-cba.infd.edu.ar\/sitio\/wp-json\/wp\/v2\/tags?post=887"}],"curies":[{"name":"wp","href":"https:\/\/api.w.org\/{rel}","templated":true}]}}