{"id":884,"date":"2017-11-23T00:00:00","date_gmt":"2017-11-23T00:00:00","guid":{"rendered":"https:\/\/iesbolivar-cba.infd.edu.ar\/sitio\/estudiante-del-simon-bolivar-gano-la-olimpiada-de-historia-de-cordoba\/"},"modified":"2017-11-23T00:00:00","modified_gmt":"2017-11-23T00:00:00","slug":"estudiante-del-simon-bolivar-gano-la-olimpiada-de-historia-de-cordoba","status":"publish","type":"post","link":"https:\/\/iesbolivar-cba.infd.edu.ar\/sitio\/estudiante-del-simon-bolivar-gano-la-olimpiada-de-historia-de-cordoba\/","title":{"rendered":"Estudiante del Sim\u00f3n Bol\u00edvar gan\u00f3 la Olimpiada de Historia de C\u00f3rdoba"},"content":{"rendered":"<p class=\"sitio_noticia_volanta\" >\n<h3>Estudiante del Sim\u00f3n Bol\u00edvar gan\u00f3 la Olimpiada de Historia de C\u00f3rdoba<\/h3>\n<p class=\"sitio_noticia_copete\" >\n<hr class=\"sitio_noticia_contenido\" \/>\n<p >\n<p>Alejandra Castillo, estudiante de segundo a&ntilde;o del Profesorado de Historia del IES Sim&oacute;n Bol&iacute;var, gan&oacute; la Olimp&iacute;ada de Historia de C&oacute;rdoba organizada por la Direcci&oacute;n General de Programas Especiales del Ministerio de Educaci&oacute;n de la Provincia de C&oacute;rdoba con el trabajo titulado &ldquo;`Redescubriendo nuestras ra&iacute;ces` Historia afrodescendiente en &aacute;mbitos educativos&rdquo;.&nbsp;<\/p>\n<p>Alejandra llev&oacute; a cabo su trabajo con el apoyo de la Profesora Constanza Bosch, quien la acompa&ntilde;&oacute; como su tutora a lo largo de todo el proceso de investigaci&oacute;n. El proyecto tuvo entre otros objetivos indagar el tratamiento de la tem&aacute;tica afro en las aulas y conocer si exist&iacute;a relaci&oacute;n entre la historia investigada y la historia ense&ntilde;ada.<\/p>\n<p>El trabajo, que comenz&oacute; a mediados de junio de este a&ntilde;o, abarc&oacute; varias etapas: la elaboraci&oacute;n de un dise&ntilde;o de investigaci&oacute;n, la recolecci&oacute;n de los&nbsp;datos, el an&aacute;lisis de la informaci&oacute;n para responder a las preguntas de investigaci&oacute;n y, finalmente, la elaboraci&oacute;n de un ensayo preliminar.<\/p>\n<p style=\"text-align: center;\"><img decoding=\"async\" loading=\"lazy\" style=\"border-width: 2px;\" src=\"https:\/\/iesbolivar-cba.infd.edu.ar\/aula\/archivos\/repositorio\/\/1000\/1172\/IMG-20171121-WA0000.jpg\" border=\"0\" alt=\"\" width=\"491\" height=\"655\"><\/p>\n<p style=\"text-align: center;\"><em><span style=\"font-size: 0.75rem;\">Alejandra Castillo en el Acto de&nbsp;Finalizacion de la Olimpiada de Historia de C&oacute;rdoba<br \/>realizado del pasado martes 21 de noviembre.<\/span><\/em><\/p>\n<p>Asimismo, participaron de la Olimpiada la\/os estudiantes Daniela Cariddi, Nahuel Cuesta y Romina R&iacute;os de tercer a&ntilde;o del Profesorado de Historia, con la tutor&iacute;a de la Profesora Sandra Cacciamano.&nbsp; &nbsp; &nbsp; &nbsp; &nbsp; &nbsp; &nbsp; &nbsp; &nbsp; &nbsp; &nbsp; &nbsp; &nbsp; &nbsp; &nbsp; &nbsp; &nbsp; &nbsp; &nbsp; &nbsp;<\/p>\n<p>El objetivo de la Olimp&iacute;ada fue propiciar espacios de estudio y reflexi&oacute;n sobre la realidad hist&oacute;rica y particularmente sobre las pr&aacute;cticas de ense&ntilde;anza-aprendizaje de la Historia en el nivel medio mediante el ejercicio de la investigaci&oacute;n educativa y disciplinar por parte de los estudiantes de 2&deg;, 3&deg; y 4&deg; a&ntilde;o de los profesorados en Historia.<\/p>\n<p>El Instituto felicita a todos los estudiantes y docentes por su participaci&oacute;n en la edici&oacute;n 2017 de las Olimp&iacute;adas.<\/p><\/p>\n","protected":false},"excerpt":{"rendered":"<p>Estudiante del Sim\u00f3n Bol\u00edvar gan\u00f3 la Olimpiada de Historia de C\u00f3rdoba Alejandra Castillo, estudiante de segundo a&ntilde;o del Profesorado de Historia del IES Sim&oacute;n Bol&iacute;var, gan&oacute; la Olimp&iacute;ada de Historia de C&oacute;rdoba organizada por la Direcci&oacute;n General de Programas Especiales del Ministerio de Educaci&oacute;n de la Provincia de C&oacute;rdoba con el trabajo titulado &ldquo;`Redescubriendo nuestras &#8230; <a title=\"Estudiante del Sim\u00f3n Bol\u00edvar gan\u00f3 la Olimpiada de Historia de C\u00f3rdoba\" class=\"read-more\" href=\"https:\/\/iesbolivar-cba.infd.edu.ar\/sitio\/estudiante-del-simon-bolivar-gano-la-olimpiada-de-historia-de-cordoba\/\" aria-label=\"More on Estudiante del Sim\u00f3n Bol\u00edvar gan\u00f3 la Olimpiada de Historia de C\u00f3rdoba\">[+]<\/a><\/p>\n","protected":false},"author":3377,"featured_media":0,"comment_status":"open","ping_status":"open","sticky":false,"template":"","format":"standard","meta":[],"categories":[7,6],"tags":[],"acf":[],"_links":{"self":[{"href":"https:\/\/iesbolivar-cba.infd.edu.ar\/sitio\/wp-json\/wp\/v2\/posts\/884"}],"collection":[{"href":"https:\/\/iesbolivar-cba.infd.edu.ar\/sitio\/wp-json\/wp\/v2\/posts"}],"about":[{"href":"https:\/\/iesbolivar-cba.infd.edu.ar\/sitio\/wp-json\/wp\/v2\/types\/post"}],"author":[{"embeddable":true,"href":"https:\/\/iesbolivar-cba.infd.edu.ar\/sitio\/wp-json\/wp\/v2\/users\/3377"}],"replies":[{"embeddable":true,"href":"https:\/\/iesbolivar-cba.infd.edu.ar\/sitio\/wp-json\/wp\/v2\/comments?post=884"}],"version-history":[{"count":0,"href":"https:\/\/iesbolivar-cba.infd.edu.ar\/sitio\/wp-json\/wp\/v2\/posts\/884\/revisions"}],"wp:attachment":[{"href":"https:\/\/iesbolivar-cba.infd.edu.ar\/sitio\/wp-json\/wp\/v2\/media?parent=884"}],"wp:term":[{"taxonomy":"category","embeddable":true,"href":"https:\/\/iesbolivar-cba.infd.edu.ar\/sitio\/wp-json\/wp\/v2\/categories?post=884"},{"taxonomy":"post_tag","embeddable":true,"href":"https:\/\/iesbolivar-cba.infd.edu.ar\/sitio\/wp-json\/wp\/v2\/tags?post=884"}],"curies":[{"name":"wp","href":"https:\/\/api.w.org\/{rel}","templated":true}]}}