{"id":877,"date":"2017-06-19T00:00:00","date_gmt":"2017-06-19T00:00:00","guid":{"rendered":"https:\/\/iesbolivar-cba.infd.edu.ar\/sitio\/el-simon-bolivar-sede-de-las-primeras-jornadas-de-historia-del-artiguismo-mediterraneo\/"},"modified":"2017-06-19T00:00:00","modified_gmt":"2017-06-19T00:00:00","slug":"el-simon-bolivar-sede-de-las-primeras-jornadas-de-historia-del-artiguismo-mediterraneo","status":"publish","type":"post","link":"https:\/\/iesbolivar-cba.infd.edu.ar\/sitio\/el-simon-bolivar-sede-de-las-primeras-jornadas-de-historia-del-artiguismo-mediterraneo\/","title":{"rendered":"El Sim\u00f3n Bol\u00edvar, sede de las Primeras Jornadas de Historia del Artiguismo Mediterr\u00e1neo"},"content":{"rendered":"<p class=\"sitio_noticia_volanta\" >\n<h3>El Sim\u00f3n Bol\u00edvar, sede de las Primeras Jornadas de Historia del Artiguismo Mediterr\u00e1neo<\/h3>\n<p class=\"sitio_noticia_copete\" >\n<hr class=\"sitio_noticia_contenido\" \/>\n<p >\n<p>&nbsp;&nbsp;<\/p>\n<p><img decoding=\"async\" style=\"float: left; border: 2px solid black;\" src=\"https:\/\/iesbolivar-cba.infd.edu.ar\/aula\/archivos\/repositorio\/\/1000\/1036\/artigas1.png\" border=\"0\" width=\"650\"><\/p>\n<p>&nbsp;<\/p>\n<p>&nbsp;&nbsp;<\/p>\n<p>&nbsp;<\/p>\n<p>&nbsp;<\/p>\n<p>&nbsp;<\/p>\n<p>&nbsp;<\/p>\n<p><span style=\"color: #888888; font-size: 12pt;\">El mi&eacute;rcoles 14 de junio se desarroll&oacute; en nuestro Instituto las&nbsp;<\/span><strong style=\"color: #888888; font-size: 12pt;\"><em>Primeras Jornadas de Historia del Artiguismo Mediterr&aacute;neo<\/em> <\/strong><span style=\"color: #888888; font-size: 12pt;\">con la participaci&oacute;n de historiadores de Montevideo, Santa Fe, Entre R&iacute;os y C&oacute;rdoba.<\/span><\/p>\n<p><span style=\"font-size: 12pt; color: #888888;\">El evento, declarado de Inter&eacute;s Educativo por el Ministerio de Educaci&oacute;n de C&oacute;rdoba, estuvo organizado&nbsp;por el Instituto Federal Artigas de C&oacute;rdoba con el auspicio del&nbsp;Ministerio de Educaci&oacute;n de la provincia de C&oacute;rdoba, la&nbsp;Uni&oacute;n de Educadores de la provincia de C&oacute;rdoba (UEPC), la&nbsp;Legislatura de la provincia de C&oacute;rdoba y el&nbsp;C&iacute;rculo de Ex Legisladores de la provincia de C&oacute;rdoba.<\/span><\/p>\n<p><span style=\"font-size: 12pt; color: #888888;\">La Jornada tuvo como eje el pensamiento y la acci&oacute;n de Artigas, revisadas &nbsp;particularmente desde su concepci&oacute;n de &ldquo;regi&oacute;n&rdquo; y la contribuci&oacute;n que esta hizo y hace a los debates, fundamentos y procesos de integraci&oacute;n latinoamericana. Asimismo, el encuentro forma parte de una serie de iniciativas que buscan propiciar la reflexi&oacute;n y revalorizar la obra e ideas de Artigas como su posible reconocimiento e inclusi&oacute;n en los planes de estudio de formaci&oacute;n superior.<\/span><\/p>\n<p><span style=\"font-size: 12pt; color: #888888;\">El acto de apertura de las Jornadas cont&oacute; con la presencia e intervenciones de Luis Moyano, representante del Instituto Artigas C&oacute;rdoba (e.f.), Carlos A. S&aacute;nchez, Secretario de Relaciones Institucionales Ministerio de Educaci&oacute;n, Oscar Ruibal, Secretario de Coordinaci&oacute;n Gremial de la Uni&oacute;n de Educadores de la Provincia (UEPC), Jos&eacute; E. Ortega, Pro-Secretario Legislatura de C&oacute;rdoba y docente de la Universidad Nacional de C&oacute;rdoba y Jos&eacute; Tanus Rufeil, Presidente C&iacute;rculo Ex Legisladores de C&oacute;rdoba.<\/span>&nbsp;<\/p>\n<p><img decoding=\"async\" style=\"font-size: 0.85rem;\" src=\"https:\/\/iesbolivar-cba.infd.edu.ar\/aula\/archivos\/repositorio\/\/1000\/1038\/unnamed_1.png\" border=\"0\"><\/p>\n<p><span style=\"color: #888888; font-size: 12pt;\">Durante el evento, por su parte, disert&oacute; el historiador Roberto A. Ferrero sobre &ldquo;Artigas en la unidad de la historia Rioplatense&rdquo; y tuvieron lugar tres paneles: &ldquo;La ense&ntilde;anza de la historia&rdquo;, con la participaci&oacute;n de Ayel&eacute;n Ceballos y Ricardo Franchini (de C&oacute;rdoba) y Julio Rondina (Santa Fe); &ldquo;El Artiguismo en Provincias&rdquo;, con la intervenci&oacute;n de Carlos Pach&aacute; (C&oacute;rdoba), Elio Salcedo (San Juan) y &nbsp;Ram&oacute;n B. Herrera (Santiago del Estero) y, &nbsp;finalmente, el panel &ldquo;Historia e Integraci&oacute;n Regional&rdquo;, donde disertaron Carlos A. Del Campo (Regi&oacute;n Centro), Facundo Gab&aacute;s (Entre R&iacute;os) y Alberto Umpi&eacute;rrez (Com. Hidrov&iacute;a R&iacute;o Uruguay), quien tambi&eacute;n expuso&nbsp; en el acto de clausur&oacute; de las jornadas como representante del Instituto Federal Artigas de Montevideo, (R.O.U.),<\/span><\/p>\n<p><span style=\"font-size: 12pt; color: #888888;\"><img decoding=\"async\" style=\"border: 2px solid black;\" src=\"https:\/\/iesbolivar-cba.infd.edu.ar\/aula\/archivos\/repositorio\/\/1000\/1037\/artigas2.png\" border=\"0\" width=\"650\"><\/span><\/p>\n<p><em><strong><span style=\"font-size: 10pt; color: #888888;\">Panel&nbsp;&ldquo;La ense&ntilde;anza de la historia&rdquo;<\/span><\/strong><\/em><\/p>\n<p><span style=\"font-size: 12pt; color: #888888;\">El profesor Luis&nbsp; Moyano, organizador de las jornadas, enfatiz&oacute; como aportes y notas significativas de los paneles y disertaciones las nuevas maneras de enfocar la ense&ntilde;anza de la historia a trav&eacute;s de la investigaci&oacute;n como las experiencias e iniciativas de integraci&oacute;n entre municipios y provincias de distintos pa&iacute;ses al regi&oacute;n que marcan un cambio con aquellas otras que ten&iacute;an a las naciones como actores principales de las mismas.&nbsp;<\/span><\/p><\/p>\n","protected":false},"excerpt":{"rendered":"<p>El Sim\u00f3n Bol\u00edvar, sede de las Primeras Jornadas de Historia del Artiguismo Mediterr\u00e1neo &nbsp;&nbsp; &nbsp; &nbsp;&nbsp; &nbsp; &nbsp; &nbsp; &nbsp; El mi&eacute;rcoles 14 de junio se desarroll&oacute; en nuestro Instituto las&nbsp;Primeras Jornadas de Historia del Artiguismo Mediterr&aacute;neo con la participaci&oacute;n de historiadores de Montevideo, Santa Fe, Entre R&iacute;os y C&oacute;rdoba. El evento, declarado de Inter&eacute;s &#8230; <a title=\"El Sim\u00f3n Bol\u00edvar, sede de las Primeras Jornadas de Historia del Artiguismo Mediterr\u00e1neo\" class=\"read-more\" href=\"https:\/\/iesbolivar-cba.infd.edu.ar\/sitio\/el-simon-bolivar-sede-de-las-primeras-jornadas-de-historia-del-artiguismo-mediterraneo\/\" aria-label=\"More on El Sim\u00f3n Bol\u00edvar, sede de las Primeras Jornadas de Historia del Artiguismo Mediterr\u00e1neo\">[+]<\/a><\/p>\n","protected":false},"author":3377,"featured_media":0,"comment_status":"open","ping_status":"open","sticky":false,"template":"","format":"standard","meta":[],"categories":[7,6],"tags":[],"acf":[],"_links":{"self":[{"href":"https:\/\/iesbolivar-cba.infd.edu.ar\/sitio\/wp-json\/wp\/v2\/posts\/877"}],"collection":[{"href":"https:\/\/iesbolivar-cba.infd.edu.ar\/sitio\/wp-json\/wp\/v2\/posts"}],"about":[{"href":"https:\/\/iesbolivar-cba.infd.edu.ar\/sitio\/wp-json\/wp\/v2\/types\/post"}],"author":[{"embeddable":true,"href":"https:\/\/iesbolivar-cba.infd.edu.ar\/sitio\/wp-json\/wp\/v2\/users\/3377"}],"replies":[{"embeddable":true,"href":"https:\/\/iesbolivar-cba.infd.edu.ar\/sitio\/wp-json\/wp\/v2\/comments?post=877"}],"version-history":[{"count":0,"href":"https:\/\/iesbolivar-cba.infd.edu.ar\/sitio\/wp-json\/wp\/v2\/posts\/877\/revisions"}],"wp:attachment":[{"href":"https:\/\/iesbolivar-cba.infd.edu.ar\/sitio\/wp-json\/wp\/v2\/media?parent=877"}],"wp:term":[{"taxonomy":"category","embeddable":true,"href":"https:\/\/iesbolivar-cba.infd.edu.ar\/sitio\/wp-json\/wp\/v2\/categories?post=877"},{"taxonomy":"post_tag","embeddable":true,"href":"https:\/\/iesbolivar-cba.infd.edu.ar\/sitio\/wp-json\/wp\/v2\/tags?post=877"}],"curies":[{"name":"wp","href":"https:\/\/api.w.org\/{rel}","templated":true}]}}