{"id":874,"date":"2017-06-02T00:00:00","date_gmt":"2017-06-02T00:00:00","guid":{"rendered":"https:\/\/iesbolivar-cba.infd.edu.ar\/sitio\/curso-taller-recuperacion-del-patrimonio-documental-de-la-biblioteca\/"},"modified":"2017-06-02T00:00:00","modified_gmt":"2017-06-02T00:00:00","slug":"curso-taller-recuperacion-del-patrimonio-documental-de-la-biblioteca","status":"publish","type":"post","link":"https:\/\/iesbolivar-cba.infd.edu.ar\/sitio\/curso-taller-recuperacion-del-patrimonio-documental-de-la-biblioteca\/","title":{"rendered":"Curso-Taller: Recuperaci\u00f3n del Patrimonio Documental de la Biblioteca"},"content":{"rendered":"<p class=\"sitio_noticia_volanta\" >\n<h3>Curso-Taller: Recuperaci\u00f3n del Patrimonio Documental de la Biblioteca<\/h3>\n<p class=\"sitio_noticia_copete\" >Para alumnos, docentes y p\u00fablico interesado en la tem\u00e1tica<\/p>\n<hr class=\"sitio_noticia_contenido\" \/>\n<p >\n<p style=\"text-align: left;\"><span style=\"font-size: 12pt; color: #888888;\">El IES Sim&oacute;n Bol&iacute;var informa que se encuentran abiertas las inscripciones para el Curso-Taller: Recuperaci&oacute;n del Patrimonio Documental de la Biblioteca, destinado a&nbsp;estudiantes, docentes y p&uacute;blico interesado en la tem&aacute;tica.&nbsp;<\/span><span style=\"font-size: 12pt; color: #888888;\">El curso pretende dar las pautas b&aacute;sicas para desarrollar pol&iacute;ticas de preservaci&oacute;n que conserven adecuadamente grupos documentales y prevenir su deterioro a corto plazo. Informaci&oacute;n sobre la propuesta m&aacute;s abajo.<\/span><span style=\"font-size: 12pt; color: #888888;\">&nbsp;<\/span><\/p>\n<p style=\"text-align: center;\"><strong style=\"color: #888888; font-size: 12pt;\"><img decoding=\"async\" loading=\"lazy\" style=\"border: 2px solid black;\" src=\"https:\/\/iesbolivar-cba.infd.edu.ar\/sitio\/wp-content\/uploads\/2018\/06\/curso.png\" border=\"0\" width=\"532\" height=\"199\"><\/strong><\/p>\n<p><span style=\"font-size: 12pt;\"><strong style=\"color: #888888; font-size: 12pt;\">Presentaci&oacute;n<\/strong><\/span><\/p>\n<p><span style=\"font-size: 12pt; color: #888888;\">El&nbsp;<\/span><span style=\"font-size: 12pt; color: #888888;\">conocimiento del patrimonio comporta una valorizaci&oacute;n de las sociedades el pasado por parte de la sociedad actual.&nbsp;<\/span><span style=\"font-size: 12pt; color: #888888;\">Conocer, valorar y respetar el patrimonio implica tambi&eacute;n una educaci&oacute;n en valores.<\/span><\/p>\n<p><span style=\"font-size: 12pt; color: #888888;\">El conocimiento del patrimonio cultural no constituye un fin en s&iacute; mismo, m&aacute;s bien es un medio que se puede utilizar para incidir en las formas y en las caracter&iacute;sticas de las relaciones sociales<\/span><\/p>\n<p><span style=\"font-size: 12pt; color: #888888;\">La conservaci&oacute;n preventiva es una intervenci&oacute;n continua e integral que afecta a todos los bienes culturales en conjunto. Su campo de actuaci&oacute;n implica tanto las condiciones ambientales (temperatura, humedad relativa y contaminaci&oacute;n), intensidad y calidad lum&iacute;nica, control org&aacute;nico de plagas, como las de exposici&oacute;n, almacenaje, mantenimiento (limpieza, revisiones peri&oacute;dicas) o manipulaci&oacute;n de las piezas<\/span><\/p>\n<p><span style=\"font-size: 12pt; color: #888888;\">La conservaci&oacute;n preventiva es el trabajo que se realiza con el conjunto de la colecci&oacute;n y su entorno, para minimizar el impacto negativo del medio ambiente<\/span><\/p>\n<p><span style=\"font-size: 12pt; color: #888888;\">El presente curso pretende dar las pautas b&aacute;sicas para desarrollar pol&iacute;ticas de preservaci&oacute;n que conserven adecuadamente estos grupos documentales y prevenir su deterioro a corto plazo,<\/span><\/p>\n<p><span style=\"font-size: 12pt; color: #888888;\"><strong>Prop&oacute;sitos:<\/strong><\/span><\/p>\n<p><span style=\"font-size: 12pt; color: #888888;\">-Promover la importancia del cuidado del material en soporte papel como patrimonio personal nuestro y de nuestros antepasados.<\/span><\/p>\n<p><span style=\"font-size: 12pt; color: #888888;\">-Capacitar en t&eacute;cnicas concretas para salvar el patrimonio documental en caso de desastres.<\/span><\/p>\n<p><span style=\"font-size: 12pt; color: #888888;\"><strong>Modalidad:<br \/><\/strong><\/span><span style=\"font-size: 12pt; color: #888888;\">Presencial<\/span><\/p>\n<p><span style=\"font-size: 12pt; color: #888888;\"><strong>Acreditaci&oacute;n:<br \/><\/strong>Certificado del Instituto Sim&oacute;n Bol&iacute;var.<\/span><\/p>\n<p><span style=\"font-size: 12pt; color: #888888;\"><strong>Duraci&oacute;n: <br \/><\/strong>Junio- Agosto 2017<\/span><\/p>\n<p><span style=\"font-size: 12pt; color: #888888;\"><strong>Destinatarios: <br \/><\/strong>Alumnos, Docentes y P&uacute;blico interesado en la tem&aacute;tica<\/span><\/p>\n<p><span style=\"font-size: 12pt; color: #888888;\"><strong>Objetivos:<\/strong><\/span><\/p>\n<ul>\n<li><span style=\"font-size: 12pt; color: #888888;\">Poner en pr&aacute;ctica los conocimientos b&aacute;sicos adquiridos sobre teor&iacute;as, principios, acciones y t&eacute;cnicas empleadas en conservaci&oacute;n.<\/span><\/li>\n<\/ul>\n<ul>\n<li><span style=\"font-size: 12pt; color: #888888;\">Comprender la importancia de la preservaci&oacute;n de los bienes culturales.<\/span><\/li>\n<\/ul>\n<ul>\n<li><span style=\"font-size: 12pt; color: #888888;\">Conocer la importancia de implementar un programa de conservaci&oacute;n y mantenimiento del material.<\/span><\/li>\n<\/ul>\n<ul>\n<li><span style=\"font-size: 12pt; color: #888888;\">Reconocer e identificar los distintos tipos de deterioros que puede presentar el acervo documental.<\/span><\/li>\n<\/ul>\n<ul>\n<li><span style=\"font-size: 12pt; color: #888888;\">Crear Normas que se manifiesten en la unificaci&oacute;n de m&eacute;todos de trabajo.\n<p><\/span><\/li>\n<li><span style=\"font-size: 12pt; color: #888888;\">Reflexionar acerca de la necesidad de crear programa de conservaci&oacute;n y preservaci&oacute;n<\/span><\/li>\n<\/ul>\n<p><strong style=\"color: #888888; font-size: 12pt;\">Ejes del contenido y din&aacute;mica:<\/strong><\/p>\n<p><span style=\"font-size: 12pt; color: #888888;\"><span style=\"text-decoration: underline;\">Primer M&oacute;dulo<\/span>: Antecedentes de la Conservaci&oacute;n Preventiva. El papel como soporte. Agentes de deterioros del Patrimonio Documental.<\/span><\/p>\n<p><span style=\"font-size: 12pt; color: #888888;\"><span style=\"text-decoration: underline;\">Segundo M&oacute;dulo<\/span>: Conservaci&oacute;n del Patrimonio Cultural. Programa de conservaci&oacute;n Preventiva. Normas y directrices para manipulaci&oacute;n del material bibliogr&aacute;fico.<\/span><\/p>\n<p><span style=\"font-size: 12pt; color: #888888;\"><span style=\"text-decoration: underline;\">Tercer M&oacute;dulo<\/span>: Reconocimiento de agentes de deterioro. Confecci&oacute;n de fichas de diagn&oacute;stico. Reparaci&oacute;n de peque&ntilde;os desgarro.<\/span><\/p>\n<p><span style=\"font-size: 12pt; color: #888888;\"><span style=\"text-decoration: underline;\">Cuarto M&oacute;dulo<\/span>: Antecedentes de la Fotograf&iacute;a. Conservaci&oacute;n y Limpieza de Fotograf&iacute;a. Agentes de deterioros<\/span><\/p>\n<p><span style=\"font-size: 12pt; color: #888888;\"><strong>Coordinaci&oacute;n:<br \/><\/strong><\/span><span style=\"font-size: 12pt; color: #888888;\">Biblioteca Olga Pizarro de Vidal<\/span><\/p>\n<p><span style=\"font-size: 12pt; color: #888888;\"><strong>Responsable de la capacitaci&oacute;n:<br \/><\/strong><\/span><span style=\"font-size: 12pt; color: #888888;\">Coordinador: Prof.&nbsp; Bib. Julio Fabi&aacute;n Meli&aacute;n&nbsp;<\/span><\/p>\n<p><strong><span style=\"font-size: 12pt; color: #888888;\">Docentes:<br \/><\/span><\/strong><span style=\"font-size: 12pt; color: #888888;\">Prof.&nbsp; Bib. Julio Fabi&aacute;n Meli&aacute;n&nbsp;<br \/><\/span><span style=\"font-size: 12pt; color: #888888;\">Prof. Arch. Armando Rios<\/span><\/p>\n<p><span style=\"font-size: 12pt; color: #888888;\"><strong>Cursado:&nbsp;<br \/><\/strong><\/span><span style=\"font-size: 12pt; color: #888888;\">El curso se compone de encuentros presenciales de 3 horas.<\/span><\/p>\n<p><span style=\"font-size: 12pt; color: #888888;\"><strong>Sede:<br \/><\/strong>Biblioteca del I.E.S. Sim&oacute;n Bol&iacute;var. Agust&iacute;n Garz&oacute;n 1250 Barrio San Vicente<\/span><\/p>\n<p><span style=\"font-size: 12pt; color: #888888;\"><strong>Cronograma: <\/strong>S&aacute;bado 24 de Junio, 1 de Julio, 28 de Julio, en el horario de 9:30 hs a 12:30 hs.<\/span><\/p><\/p>\n","protected":false},"excerpt":{"rendered":"<p>Curso-Taller: Recuperaci\u00f3n del Patrimonio Documental de la Biblioteca Para alumnos, docentes y p\u00fablico interesado en la tem\u00e1tica El IES Sim&oacute;n Bol&iacute;var informa que se encuentran abiertas las inscripciones para el Curso-Taller: Recuperaci&oacute;n del Patrimonio Documental de la Biblioteca, destinado a&nbsp;estudiantes, docentes y p&uacute;blico interesado en la tem&aacute;tica.&nbsp;El curso pretende dar las pautas b&aacute;sicas para desarrollar &#8230; <a title=\"Curso-Taller: Recuperaci\u00f3n del Patrimonio Documental de la Biblioteca\" class=\"read-more\" href=\"https:\/\/iesbolivar-cba.infd.edu.ar\/sitio\/curso-taller-recuperacion-del-patrimonio-documental-de-la-biblioteca\/\" aria-label=\"More on Curso-Taller: Recuperaci\u00f3n del Patrimonio Documental de la Biblioteca\">[+]<\/a><\/p>\n","protected":false},"author":3377,"featured_media":0,"comment_status":"open","ping_status":"open","sticky":false,"template":"","format":"standard","meta":[],"categories":[7,6],"tags":[],"acf":[],"_links":{"self":[{"href":"https:\/\/iesbolivar-cba.infd.edu.ar\/sitio\/wp-json\/wp\/v2\/posts\/874"}],"collection":[{"href":"https:\/\/iesbolivar-cba.infd.edu.ar\/sitio\/wp-json\/wp\/v2\/posts"}],"about":[{"href":"https:\/\/iesbolivar-cba.infd.edu.ar\/sitio\/wp-json\/wp\/v2\/types\/post"}],"author":[{"embeddable":true,"href":"https:\/\/iesbolivar-cba.infd.edu.ar\/sitio\/wp-json\/wp\/v2\/users\/3377"}],"replies":[{"embeddable":true,"href":"https:\/\/iesbolivar-cba.infd.edu.ar\/sitio\/wp-json\/wp\/v2\/comments?post=874"}],"version-history":[{"count":0,"href":"https:\/\/iesbolivar-cba.infd.edu.ar\/sitio\/wp-json\/wp\/v2\/posts\/874\/revisions"}],"wp:attachment":[{"href":"https:\/\/iesbolivar-cba.infd.edu.ar\/sitio\/wp-json\/wp\/v2\/media?parent=874"}],"wp:term":[{"taxonomy":"category","embeddable":true,"href":"https:\/\/iesbolivar-cba.infd.edu.ar\/sitio\/wp-json\/wp\/v2\/categories?post=874"},{"taxonomy":"post_tag","embeddable":true,"href":"https:\/\/iesbolivar-cba.infd.edu.ar\/sitio\/wp-json\/wp\/v2\/tags?post=874"}],"curies":[{"name":"wp","href":"https:\/\/api.w.org\/{rel}","templated":true}]}}