{"id":870,"date":"2017-05-08T00:00:00","date_gmt":"2017-05-08T00:00:00","guid":{"rendered":"https:\/\/iesbolivar-cba.infd.edu.ar\/sitio\/las-actividades-y-proyectos-de-la-biblioteca-del-ies-simon-bolivar-expuestos-en-la-reunion-nacional-de-bibliotecarios\/"},"modified":"2017-05-08T00:00:00","modified_gmt":"2017-05-08T00:00:00","slug":"las-actividades-y-proyectos-de-la-biblioteca-del-ies-simon-bolivar-expuestos-en-la-reunion-nacional-de-bibliotecarios","status":"publish","type":"post","link":"https:\/\/iesbolivar-cba.infd.edu.ar\/sitio\/las-actividades-y-proyectos-de-la-biblioteca-del-ies-simon-bolivar-expuestos-en-la-reunion-nacional-de-bibliotecarios\/","title":{"rendered":"Las actividades y proyectos de la Biblioteca del IES SIM\u00d3N BOL\u00cdVAR expuestos en la reuni\u00f3n nacional de Bibliotecarios"},"content":{"rendered":"<p class=\"sitio_noticia_volanta\" >\n<h3>Las actividades y proyectos de la Biblioteca del IES SIM\u00d3N BOL\u00cdVAR expuestos en la reuni\u00f3n nacional de Bibliotecarios<\/h3>\n<p class=\"sitio_noticia_copete\" >\n<hr class=\"sitio_noticia_contenido\" \/>\n<p >\n<p><span style=\"color: #888888;\"><span style=\"font-size: 12pt;\">Julio Melian, Bibliotecario de nuestro Instituto, particip&oacute; de la 49&ordf; Reuni&oacute;n de Bibliotecarios graduados de la Rep&uacute;blica Argentina desarrollada los d&iacute;as 25 al 27 de abril en Buenos Aires con un <\/span><span style=\"font-size: 16px;\">p&oacute;ster<\/span><span style=\"font-size: 12pt;\">&nbsp;titulado: &ldquo;La Biblioteca Escolar: La relaci&oacute;n entre Educaci&oacute;n y proyecto Bibliotecario, caso Biblioteca del I.E.S. &ldquo;Olga Pizarro de Vidal&rdquo;.<\/span><\/span><\/p>\n<p><span style=\"font-size: 12pt; color: #888888;\">En el trabajo presentado, Julio hace un repaso sobre las distintas concepciones de las bibliotecas de los centros de ense&ntilde;anza y plantea la necesidad de redefinir su rol y contemplar nuevos componentes (culturales, sociales, pedag&oacute;gicos, etc.) en sus proyectos institucionales. <\/span><\/p>\n<p><span style=\"font-size: 12pt; color: #888888;\">Asimismo, relata la historia de la biblioteca del IES Sim&oacute;n Bol&iacute;var, de sus actividades y proyectos culturales y educativos, que abarcan desde la promoci&oacute;n de lectura, el trabajo con alumnos desde la biblioteca como recurso did&aacute;ctico para el aprendizaje, los caf&eacute; literarios, los encuentros con autores, las efem&eacute;rides, la hora del cuento, las valijas viajeras y el dictado de curso, entre otros. <\/span><\/p>\n<p><span style=\"font-size: 12pt; color: #888888;\">El Instituto felicita y agradece al Bibliotecario Julio Melian e invita a la comunidad educativa a participar y conocer la Biblioteca y sus proyectos.<\/span><\/p>\n<p>&nbsp;<\/p>\n<p><img decoding=\"async\" style=\"vertical-align: middle; border: 0;\" src=\"https:\/\/iesbolivar-cba.infd.edu.ar\/aula\/archivos\/repositorio\/\/1000\/1003\/juliomelian.png\" border=\"0\"><\/p><\/p>\n","protected":false},"excerpt":{"rendered":"<p>Las actividades y proyectos de la Biblioteca del IES SIM\u00d3N BOL\u00cdVAR expuestos en la reuni\u00f3n nacional de Bibliotecarios Julio Melian, Bibliotecario de nuestro Instituto, particip&oacute; de la 49&ordf; Reuni&oacute;n de Bibliotecarios graduados de la Rep&uacute;blica Argentina desarrollada los d&iacute;as 25 al 27 de abril en Buenos Aires con un p&oacute;ster&nbsp;titulado: &ldquo;La Biblioteca Escolar: La relaci&oacute;n &#8230; <a title=\"Las actividades y proyectos de la Biblioteca del IES SIM\u00d3N BOL\u00cdVAR expuestos en la reuni\u00f3n nacional de Bibliotecarios\" class=\"read-more\" href=\"https:\/\/iesbolivar-cba.infd.edu.ar\/sitio\/las-actividades-y-proyectos-de-la-biblioteca-del-ies-simon-bolivar-expuestos-en-la-reunion-nacional-de-bibliotecarios\/\" aria-label=\"More on Las actividades y proyectos de la Biblioteca del IES SIM\u00d3N BOL\u00cdVAR expuestos en la reuni\u00f3n nacional de Bibliotecarios\">[+]<\/a><\/p>\n","protected":false},"author":3377,"featured_media":0,"comment_status":"open","ping_status":"open","sticky":false,"template":"","format":"standard","meta":[],"categories":[7,6],"tags":[],"acf":[],"_links":{"self":[{"href":"https:\/\/iesbolivar-cba.infd.edu.ar\/sitio\/wp-json\/wp\/v2\/posts\/870"}],"collection":[{"href":"https:\/\/iesbolivar-cba.infd.edu.ar\/sitio\/wp-json\/wp\/v2\/posts"}],"about":[{"href":"https:\/\/iesbolivar-cba.infd.edu.ar\/sitio\/wp-json\/wp\/v2\/types\/post"}],"author":[{"embeddable":true,"href":"https:\/\/iesbolivar-cba.infd.edu.ar\/sitio\/wp-json\/wp\/v2\/users\/3377"}],"replies":[{"embeddable":true,"href":"https:\/\/iesbolivar-cba.infd.edu.ar\/sitio\/wp-json\/wp\/v2\/comments?post=870"}],"version-history":[{"count":0,"href":"https:\/\/iesbolivar-cba.infd.edu.ar\/sitio\/wp-json\/wp\/v2\/posts\/870\/revisions"}],"wp:attachment":[{"href":"https:\/\/iesbolivar-cba.infd.edu.ar\/sitio\/wp-json\/wp\/v2\/media?parent=870"}],"wp:term":[{"taxonomy":"category","embeddable":true,"href":"https:\/\/iesbolivar-cba.infd.edu.ar\/sitio\/wp-json\/wp\/v2\/categories?post=870"},{"taxonomy":"post_tag","embeddable":true,"href":"https:\/\/iesbolivar-cba.infd.edu.ar\/sitio\/wp-json\/wp\/v2\/tags?post=870"}],"curies":[{"name":"wp","href":"https:\/\/api.w.org\/{rel}","templated":true}]}}