{"id":867,"date":"2017-03-31T00:00:00","date_gmt":"2017-03-31T00:00:00","guid":{"rendered":"https:\/\/iesbolivar-cba.infd.edu.ar\/sitio\/jornada-por-el-dia-de-la-memoria-en-el-simon-bolivar-con-invitadas-especiales-muestras-y-producciones-de-los-estudiantes\/"},"modified":"2017-03-31T00:00:00","modified_gmt":"2017-03-31T00:00:00","slug":"jornada-por-el-dia-de-la-memoria-en-el-simon-bolivar-con-invitadas-especiales-muestras-y-producciones-de-los-estudiantes","status":"publish","type":"post","link":"https:\/\/iesbolivar-cba.infd.edu.ar\/sitio\/jornada-por-el-dia-de-la-memoria-en-el-simon-bolivar-con-invitadas-especiales-muestras-y-producciones-de-los-estudiantes\/","title":{"rendered":"Jornada por el D\u00eda de la Memoria en el Sim\u00f3n Bol\u00edvar, con invitadas especiales, muestras y producciones de los estudiantes"},"content":{"rendered":"<p class=\"sitio_noticia_volanta\" >\n<h3>Jornada por el D\u00eda de la Memoria en el Sim\u00f3n Bol\u00edvar, con invitadas especiales, muestras y producciones de los estudiantes<\/h3>\n<p class=\"sitio_noticia_copete\" >\n<hr class=\"sitio_noticia_contenido\" \/>\n<p >\n<p><strong><span style=\"color: #888888; font-size: 12pt;\">El pasado lunes 27 de marzo se desarroll&oacute; en el IES Sim&oacute;n Bol&iacute;var una jornada por el D&iacute;a Nacional de la Memoria por la Verdad y la Justicia. El evento cont&oacute; con la participaci&oacute;n especial de Sonia Torres, presidenta de Abuelas de Plaza de Mayo, Filial C&oacute;rdoba, y Mar&iacute;a Soledad Boero, responsable del &Aacute;rea Pedagog&iacute;a de la Memoria del Archivo Provincial de la Memoria de C&oacute;rdoba.<\/span><\/strong><\/p>\n<p><strong><span style=\"color: #888888; font-size: 12pt;\"><img decoding=\"async\" loading=\"lazy\" style=\"vertical-align: middle;\" src=\"https:\/\/iesbolivar-cba.infd.edu.ar\/aula\/archivos\/repositorio\/\/750\/911\/sonianancysoledad.png\" border=\"0\" width=\"579\" height=\"319\"><\/span><\/strong><\/p>\n<p><span style=\"color: #888888; font-size: 12pt;\">La jornada estuvo organizada por la C&aacute;tedra de &ldquo;Historia y Pol&iacute;tica de la Educaci&oacute;n Argentina&rdquo; de los Profesorados de Educaci&oacute;n Secundaria en Geograf&iacute;a, Matem&aacute;tica, Lengua y Literatura, a cargo de la Profesora Nancy V&aacute;zquez, y tuvo entre sus objetivos abrir una instancia de reflexi&oacute;n y debate en torno a la memoria y estimular la formulaci&oacute;n de interrogantes y la apertura de nuevas miradas sobre los avatares que desat&oacute; la &uacute;ltima dictadura c&iacute;vico-militar en la historia reciente y, de modo particular, en la escuela argentina.<\/span><\/p>\n<p><span style=\"color: #888888; font-size: 12pt;\"><img decoding=\"async\" style=\"vertical-align: middle; border: 0;\" src=\"https:\/\/iesbolivar-cba.infd.edu.ar\/aula\/archivos\/repositorio\/\/750\/913\/frasemilankundera.png\" border=\"0\" width=\"600\"><\/span><\/p>\n<p><span style=\"color: #888888; font-size: 12pt;\">En el acto, y con un auditorio colmado, ambas invitadas relataron el rol y las acciones llevadas a cabo por las organizaciones a lo largo de su historia, as&iacute; como sus logros e hitos, como la conformaci&oacute;n del Archivo que recogi&oacute; documentos que sirvieron para juzgar a los responsables de la represi&oacute;n, desaparici&oacute;n y apropiaci&oacute;n de personas, o la creaci&oacute;n del Banco&nbsp;Nacional de Datos Gen&eacute;ticos, una instituci&oacute;n trascendental para el esclarecimiento de delitos de lesa humanidad.<\/span><\/p>\n<p><span style=\"color: #888888; font-size: 12pt;\">Luego de las intervenciones de las invitadas, donde se destac&oacute; el testimonio de Sonia Torres sobre la desaparici&oacute;n de su hija, los primeros v&iacute;nculos establecidos con otras abuelas o el significado que adopt&oacute; para sus vidas la b&uacute;squeda de sus nietos, se estableci&oacute; un di&aacute;logo con los estudiantes que repas&oacute; los juicios llevados a cabo, los apoyos recibidos del estado en las &uacute;ltimas d&eacute;cadas, las transformaciones de los horizontes sociales, culturales y pol&iacute;ticas de las luchas por la Memoria, la Verdad y la Justicia como la misi&oacute;n y los principios b&aacute;sicos que orientan las actividades de Abuelas de Plaza de Mayo y del Archivo Provincial de la Memoria.<\/span><span style=\"color: #888888; font-size: 12pt;\">&nbsp; &nbsp; <\/span><\/p>\n<p><span style=\"color: #888888; font-size: 12pt;\"><img decoding=\"async\" style=\"vertical-align: middle;\" src=\"https:\/\/iesbolivar-cba.infd.edu.ar\/aula\/archivos\/repositorio\/\/750\/914\/muestra27-3233.png\" border=\"0\" width=\"600\"><\/span><\/p>\n<p><span style=\"color: #888888; font-size: 12pt;\">En la jornada, por su parte, los estudiantes de la C&aacute;tedra organizaron una muestra de fotograf&iacute;as y libros y discos prohibidos durante la dictadura militar y presentaron sus trabajos, entre otros, representaciones teatrales sobre experiencias de encierro y represi&oacute;n ilegal y producciones audiovisuales que recog&iacute;an el testimonio de un hijo de padres desaparecidos, doblemente emotivo para la ocasi&oacute;n, ya que era el de un Profesor de Geograf&iacute;a egresado de este Instituto.<\/span><\/p>\n<p><span style=\"color: #888888; font-size: 12pt;\"><img decoding=\"async\" loading=\"lazy\" style=\"vertical-align: middle;\" src=\"https:\/\/iesbolivar-cba.infd.edu.ar\/aula\/archivos\/repositorio\/\/750\/912\/muestra27-3.png\" border=\"0\" width=\"546\" height=\"514\"><\/span><\/p>\n<p><span style=\"color: #888888; font-size: 12pt;\">El IES Sim&oacute;n Bol&iacute;var agradece a Sonia Torres y Mar&iacute;a Soledad Boero por su participaci&oacute;n en la jornada y a la profesora y estudiantes organizadores de la misma.<\/span><\/p>\n<p>&nbsp;<\/p>\n<p><span style=\"color: #ff6600; font-size: 12pt;\"><strong>M&aacute;s informaci&oacute;n<\/strong><\/span><\/p>\n<p><strong><span style=\"color: #888888; font-size: 12pt;\">Archivo Provincial de la Memoria de C&oacute;rdoba<\/span><\/strong><\/p>\n<p><span style=\"color: #888888; font-size: 12pt;\">P&aacute;gina web: <a title=\"http:\/\/www.apm.gov.ar\/\" href=\"http:\/\/www.apm.gov.ar\/\" target=\"_NEW\">http:\/\/www.apm.gov.ar\/<\/a><\/span><\/p>\n<p><span style=\"color: #888888; font-size: 12pt;\">Video institucional:&nbsp;<\/span><\/p>\n<p><iframe loading=\"lazy\" allowfullscreen=\"\" frameborder=\"0\" height=\"315\" src=\"https:\/\/www.youtube.com\/embed\/x715DrOqVHE?wmode=transparent\" width=\"560\"><\/iframe><\/p>\n<p><span style=\"color: #888888; font-size: 12pt;\"><strong>Abuelas de Plaza de Mayo<em>&nbsp;<\/em><\/strong><\/span><\/p>\n<p><span style=\"color: #888888; font-size: 12pt;\">P&aacute;gina web:&nbsp;<\/span><span style=\"color: #888888; font-size: 12pt;\"><a href=\"https:\/\/www.abuelas.org.ar\/\"><span style=\"color: #888888;\">https:\/\/www.abuelas.org.ar\/<\/span><\/a><\/span><\/p>\n<p><strong><span style=\"color: #888888; font-size: 12pt;\"><span style=\"color: #888888;\">Banco Nacional de Datos Gen&eacute;ticos<\/span><\/span><\/strong><\/p>\n<p><span style=\"color: #888888; font-size: 12pt;\"><a href=\"http:\/\/www.bndg.gob.ar\/bndg.php\"><span style=\"color: #888888;\">http:\/\/www.bndg.gob.ar\/bndg.php<\/span><\/a><\/span><\/p>\n<p><span style=\"color: #888888; font-size: 12pt;\">Video Institucional:<\/span><\/p>\n<p><iframe loading=\"lazy\" allowfullscreen=\"\" frameborder=\"0\" height=\"315\" src=\"https:\/\/www.youtube.com\/embed\/hM3OOCTKQnY?wmode=transparent\" width=\"560\"><\/iframe><\/p>\n<p><span style=\"color: #888888; font-size: 12pt;\">&nbsp;<\/span><\/p>\n<p><span style=\"color: #888888; font-size: 12pt;\">&nbsp;<\/span><\/p><\/p>\n","protected":false},"excerpt":{"rendered":"<p>Jornada por el D\u00eda de la Memoria en el Sim\u00f3n Bol\u00edvar, con invitadas especiales, muestras y producciones de los estudiantes El pasado lunes 27 de marzo se desarroll&oacute; en el IES Sim&oacute;n Bol&iacute;var una jornada por el D&iacute;a Nacional de la Memoria por la Verdad y la Justicia. El evento cont&oacute; con la participaci&oacute;n especial &#8230; <a title=\"Jornada por el D\u00eda de la Memoria en el Sim\u00f3n Bol\u00edvar, con invitadas especiales, muestras y producciones de los estudiantes\" class=\"read-more\" href=\"https:\/\/iesbolivar-cba.infd.edu.ar\/sitio\/jornada-por-el-dia-de-la-memoria-en-el-simon-bolivar-con-invitadas-especiales-muestras-y-producciones-de-los-estudiantes\/\" aria-label=\"More on Jornada por el D\u00eda de la Memoria en el Sim\u00f3n Bol\u00edvar, con invitadas especiales, muestras y producciones de los estudiantes\">[+]<\/a><\/p>\n","protected":false},"author":3377,"featured_media":0,"comment_status":"open","ping_status":"open","sticky":false,"template":"","format":"standard","meta":[],"categories":[7,6],"tags":[],"acf":[],"_links":{"self":[{"href":"https:\/\/iesbolivar-cba.infd.edu.ar\/sitio\/wp-json\/wp\/v2\/posts\/867"}],"collection":[{"href":"https:\/\/iesbolivar-cba.infd.edu.ar\/sitio\/wp-json\/wp\/v2\/posts"}],"about":[{"href":"https:\/\/iesbolivar-cba.infd.edu.ar\/sitio\/wp-json\/wp\/v2\/types\/post"}],"author":[{"embeddable":true,"href":"https:\/\/iesbolivar-cba.infd.edu.ar\/sitio\/wp-json\/wp\/v2\/users\/3377"}],"replies":[{"embeddable":true,"href":"https:\/\/iesbolivar-cba.infd.edu.ar\/sitio\/wp-json\/wp\/v2\/comments?post=867"}],"version-history":[{"count":0,"href":"https:\/\/iesbolivar-cba.infd.edu.ar\/sitio\/wp-json\/wp\/v2\/posts\/867\/revisions"}],"wp:attachment":[{"href":"https:\/\/iesbolivar-cba.infd.edu.ar\/sitio\/wp-json\/wp\/v2\/media?parent=867"}],"wp:term":[{"taxonomy":"category","embeddable":true,"href":"https:\/\/iesbolivar-cba.infd.edu.ar\/sitio\/wp-json\/wp\/v2\/categories?post=867"},{"taxonomy":"post_tag","embeddable":true,"href":"https:\/\/iesbolivar-cba.infd.edu.ar\/sitio\/wp-json\/wp\/v2\/tags?post=867"}],"curies":[{"name":"wp","href":"https:\/\/api.w.org\/{rel}","templated":true}]}}