{"id":864,"date":"2016-11-15T00:00:00","date_gmt":"2016-11-15T00:00:00","guid":{"rendered":"https:\/\/iesbolivar-cba.infd.edu.ar\/sitio\/directivos-y-profesores-de-las-nuevas-modalidades-de-educacion-hospitalaria-y-domiciliaria-conversaron-con-los-estudiantes-del-instituto\/"},"modified":"2016-11-15T00:00:00","modified_gmt":"2016-11-15T00:00:00","slug":"directivos-y-profesores-de-las-nuevas-modalidades-de-educacion-hospitalaria-y-domiciliaria-conversaron-con-los-estudiantes-del-instituto","status":"publish","type":"post","link":"https:\/\/iesbolivar-cba.infd.edu.ar\/sitio\/directivos-y-profesores-de-las-nuevas-modalidades-de-educacion-hospitalaria-y-domiciliaria-conversaron-con-los-estudiantes-del-instituto\/","title":{"rendered":"Directivos y Profesores de las nuevas modalidades de Educaci\u00f3n Hospitalaria y Domiciliaria conversaron con los estudiantes del Instituto"},"content":{"rendered":"<p class=\"sitio_noticia_volanta\" >CHARLA EN EL IES SIM\u00d3N BOL\u00cdVAR<\/p>\n<h3>Directivos y Profesores de las nuevas modalidades de Educaci\u00f3n Hospitalaria y Domiciliaria conversaron con los estudiantes del Instituto<\/h3>\n<p class=\"sitio_noticia_copete\" >\n<hr class=\"sitio_noticia_contenido\" \/>\n<p >\n<p><span style=\"color: #808080;\">&nbsp;<\/span><\/p>\n<p><span style=\"color: #ff6600; font-size: 14pt;\"><img decoding=\"async\" loading=\"lazy\" style=\"vertical-align: middle;\" src=\"https:\/\/iesbolivar-cba.infd.edu.ar\/aula\/archivos\/repositorio\/\/750\/879\/cometto.png\" border=\"0\" alt=\"Charla\" width=\"560\" height=\"514\"><\/span><\/p>\n<p><span style=\"color: #808080; font-size: 10pt;\">El 3 de noviembre pasado se realiz&oacute; en nuestro instituto una charla sobre la <em><strong>Modalidad de Educaci&oacute;n Hospitalaria y Domiciliaria <\/strong><\/em>enmarcada en&nbsp;el desarrollo de la unidad curricular UDI II <em>\u00abProblem&aacute;ticas y Desaf&iacute;os de la Educaci&oacute;n\u00bb,<\/em> dictada por la Prof. Luciana Cometto.<\/span><\/p>\n<p><span style=\"color: #808080; font-size: 10pt;\">El evento estuvo destinado a los cursantes del Seminario de las carreras de Profesorado de Educaci&oacute;n Secundaria en Lengua y Literatura y en Matem&aacute;tica y permiti&oacute; conocer a los futuros docentes del Sim&oacute;n Bol&iacute;var el proceso de institucionalizaci&oacute;n de una modalidad relativamente reciente del sistema educativo que encarna problem&aacute;ticas particulares referentes a la institucionalidad, los sujetos y las pr&aacute;cticas educativas.<\/span><\/p>\n<p><span style=\"color: #808080; font-size: 10pt;\">En el encuentro, se cont&oacute; con la participaci&oacute;n especial de la Directora de la Escuela Hospitalaria Atrapasue&ntilde;os, Prof. Liliana Camargo, y las profesoras Susana Ur&iacute;a (Referente de Nivel Secundario) y Mar&iacute;a Andrea Robert (Referente de Nivel Primario) quienes realizaron una exposici&oacute;n sobre el tema y respondieron a las preguntas y comentarios de los asistentes.<\/span><\/p>\n<p><span style=\"color: #808080; font-size: 10pt;\">Posteriormente, la alumna del profesorado de Lengua y Literatura, Claudia Gal&iacute;ndez realiz&oacute; la defensa oral de su IEFI cuyo trabajo de campo fue realizado en la Escuela Hospitalaria Atrapasue&ntilde;os.<\/span><\/p>\n<p>&nbsp;<\/p><\/p>\n","protected":false},"excerpt":{"rendered":"<p>CHARLA EN EL IES SIM\u00d3N BOL\u00cdVAR Directivos y Profesores de las nuevas modalidades de Educaci\u00f3n Hospitalaria y Domiciliaria conversaron con los estudiantes del Instituto &nbsp; El 3 de noviembre pasado se realiz&oacute; en nuestro instituto una charla sobre la Modalidad de Educaci&oacute;n Hospitalaria y Domiciliaria enmarcada en&nbsp;el desarrollo de la unidad curricular UDI II \u00abProblem&aacute;ticas &#8230; <a title=\"Directivos y Profesores de las nuevas modalidades de Educaci\u00f3n Hospitalaria y Domiciliaria conversaron con los estudiantes del Instituto\" class=\"read-more\" href=\"https:\/\/iesbolivar-cba.infd.edu.ar\/sitio\/directivos-y-profesores-de-las-nuevas-modalidades-de-educacion-hospitalaria-y-domiciliaria-conversaron-con-los-estudiantes-del-instituto\/\" aria-label=\"More on Directivos y Profesores de las nuevas modalidades de Educaci\u00f3n Hospitalaria y Domiciliaria conversaron con los estudiantes del Instituto\">[+]<\/a><\/p>\n","protected":false},"author":3377,"featured_media":0,"comment_status":"open","ping_status":"open","sticky":false,"template":"","format":"standard","meta":[],"categories":[8,6],"tags":[],"acf":[],"_links":{"self":[{"href":"https:\/\/iesbolivar-cba.infd.edu.ar\/sitio\/wp-json\/wp\/v2\/posts\/864"}],"collection":[{"href":"https:\/\/iesbolivar-cba.infd.edu.ar\/sitio\/wp-json\/wp\/v2\/posts"}],"about":[{"href":"https:\/\/iesbolivar-cba.infd.edu.ar\/sitio\/wp-json\/wp\/v2\/types\/post"}],"author":[{"embeddable":true,"href":"https:\/\/iesbolivar-cba.infd.edu.ar\/sitio\/wp-json\/wp\/v2\/users\/3377"}],"replies":[{"embeddable":true,"href":"https:\/\/iesbolivar-cba.infd.edu.ar\/sitio\/wp-json\/wp\/v2\/comments?post=864"}],"version-history":[{"count":0,"href":"https:\/\/iesbolivar-cba.infd.edu.ar\/sitio\/wp-json\/wp\/v2\/posts\/864\/revisions"}],"wp:attachment":[{"href":"https:\/\/iesbolivar-cba.infd.edu.ar\/sitio\/wp-json\/wp\/v2\/media?parent=864"}],"wp:term":[{"taxonomy":"category","embeddable":true,"href":"https:\/\/iesbolivar-cba.infd.edu.ar\/sitio\/wp-json\/wp\/v2\/categories?post=864"},{"taxonomy":"post_tag","embeddable":true,"href":"https:\/\/iesbolivar-cba.infd.edu.ar\/sitio\/wp-json\/wp\/v2\/tags?post=864"}],"curies":[{"name":"wp","href":"https:\/\/api.w.org\/{rel}","templated":true}]}}