{"id":862,"date":"2016-11-02T00:00:00","date_gmt":"2016-11-02T00:00:00","guid":{"rendered":"https:\/\/iesbolivar-cba.infd.edu.ar\/sitio\/tertulia-literaria-e-inauguracion-del-patio-de-la-biblioteca-del-simon-bolivar\/"},"modified":"2016-11-02T00:00:00","modified_gmt":"2016-11-02T00:00:00","slug":"tertulia-literaria-e-inauguracion-del-patio-de-la-biblioteca-del-simon-bolivar","status":"publish","type":"post","link":"https:\/\/iesbolivar-cba.infd.edu.ar\/sitio\/tertulia-literaria-e-inauguracion-del-patio-de-la-biblioteca-del-simon-bolivar\/","title":{"rendered":"Tertulia Literaria e inauguraci\u00f2n del Patio de la Biblioteca del Sim\u00f3n Bol\u00edvar"},"content":{"rendered":"<p class=\"sitio_noticia_volanta\" >Invitaci\u00f3n del Profesorado de Lengua y Literatura<\/p>\n<h3>Tertulia Literaria e inauguraci\u00f2n del Patio de la Biblioteca del Sim\u00f3n Bol\u00edvar<\/h3>\n<p class=\"sitio_noticia_copete\" >\n<hr class=\"sitio_noticia_contenido\" \/>\n<p >\n<p><span style=\"font-size: 12pt;\">&nbsp;<img decoding=\"async\" loading=\"lazy\" src=\"https:\/\/iesbolivar-cba.infd.edu.ar\/aula\/archivos\/repositorio\/\/750\/870\/tertulia.jpg\" border=\"0\" alt=\"Tertulia\" width=\"550\" height=\"878\"><\/span><\/p>\n<p>&nbsp;<img decoding=\"async\" loading=\"lazy\" src=\"https:\/\/iesbolivar-cba.infd.edu.ar\/aula\/archivos\/repositorio\/\/750\/857\/separadorpunteado.png\" border=\"0\" alt=\"guia\" width=\"600\" height=\"49\"><span style=\"color: #808080; font-size: 10pt;\"><span style=\"font-size: 12pt;\">ALUMNOS<\/span><br \/><\/span><span style=\"color: #ff6600; font-size: 14pt;\"><strong>Informaci&oacute;n sobre Mesas de ex&aacute;menes <br \/>disponibles en el aula virtual<\/strong><\/span><\/p>\n<p><span style=\"color: #808080; font-size: 12pt;\">El IES Sim&oacute;n Bol&iacute;var informa a sus alumnos que est&aacute;n publicados en el aula virtual &ldquo;Noticias del Sim&oacute;n Bol&iacute;var&rdquo; los d&iacute;as y horarios de las pr&oacute;ximas mesas de ex&aacute;menes para su consulta o descarga.<\/span><\/p>\n<p><span style=\"font-size: 12pt;\">&nbsp;<\/span><\/p><\/p>\n","protected":false},"excerpt":{"rendered":"<p>Invitaci\u00f3n del Profesorado de Lengua y Literatura Tertulia Literaria e inauguraci\u00f2n del Patio de la Biblioteca del Sim\u00f3n Bol\u00edvar &nbsp; &nbsp;ALUMNOSInformaci&oacute;n sobre Mesas de ex&aacute;menes disponibles en el aula virtual El IES Sim&oacute;n Bol&iacute;var informa a sus alumnos que est&aacute;n publicados en el aula virtual &ldquo;Noticias del Sim&oacute;n Bol&iacute;var&rdquo; los d&iacute;as y horarios de las &#8230; <a title=\"Tertulia Literaria e inauguraci\u00f2n del Patio de la Biblioteca del Sim\u00f3n Bol\u00edvar\" class=\"read-more\" href=\"https:\/\/iesbolivar-cba.infd.edu.ar\/sitio\/tertulia-literaria-e-inauguracion-del-patio-de-la-biblioteca-del-simon-bolivar\/\" aria-label=\"More on Tertulia Literaria e inauguraci\u00f2n del Patio de la Biblioteca del Sim\u00f3n Bol\u00edvar\">[+]<\/a><\/p>\n","protected":false},"author":3377,"featured_media":0,"comment_status":"open","ping_status":"open","sticky":false,"template":"","format":"standard","meta":[],"categories":[8,6],"tags":[],"acf":[],"_links":{"self":[{"href":"https:\/\/iesbolivar-cba.infd.edu.ar\/sitio\/wp-json\/wp\/v2\/posts\/862"}],"collection":[{"href":"https:\/\/iesbolivar-cba.infd.edu.ar\/sitio\/wp-json\/wp\/v2\/posts"}],"about":[{"href":"https:\/\/iesbolivar-cba.infd.edu.ar\/sitio\/wp-json\/wp\/v2\/types\/post"}],"author":[{"embeddable":true,"href":"https:\/\/iesbolivar-cba.infd.edu.ar\/sitio\/wp-json\/wp\/v2\/users\/3377"}],"replies":[{"embeddable":true,"href":"https:\/\/iesbolivar-cba.infd.edu.ar\/sitio\/wp-json\/wp\/v2\/comments?post=862"}],"version-history":[{"count":0,"href":"https:\/\/iesbolivar-cba.infd.edu.ar\/sitio\/wp-json\/wp\/v2\/posts\/862\/revisions"}],"wp:attachment":[{"href":"https:\/\/iesbolivar-cba.infd.edu.ar\/sitio\/wp-json\/wp\/v2\/media?parent=862"}],"wp:term":[{"taxonomy":"category","embeddable":true,"href":"https:\/\/iesbolivar-cba.infd.edu.ar\/sitio\/wp-json\/wp\/v2\/categories?post=862"},{"taxonomy":"post_tag","embeddable":true,"href":"https:\/\/iesbolivar-cba.infd.edu.ar\/sitio\/wp-json\/wp\/v2\/tags?post=862"}],"curies":[{"name":"wp","href":"https:\/\/api.w.org\/{rel}","templated":true}]}}