{"id":857,"date":"2016-10-28T00:00:00","date_gmt":"2016-10-28T00:00:00","guid":{"rendered":"https:\/\/iesbolivar-cba.infd.edu.ar\/sitio\/estudiantes-del-simon-bolivar-visitan-el-jardin-botanico-de-la-ucc\/"},"modified":"2016-10-28T00:00:00","modified_gmt":"2016-10-28T00:00:00","slug":"estudiantes-del-simon-bolivar-visitan-el-jardin-botanico-de-la-ucc","status":"publish","type":"post","link":"https:\/\/iesbolivar-cba.infd.edu.ar\/sitio\/estudiantes-del-simon-bolivar-visitan-el-jardin-botanico-de-la-ucc\/","title":{"rendered":"Estudiantes del Sim\u00f3n Bol\u00edvar visitan el Jard\u00edn Bot\u00e1nico de la UCC"},"content":{"rendered":"<p class=\"sitio_noticia_volanta\" >\n<h3>Estudiantes del Sim\u00f3n Bol\u00edvar visitan el Jard\u00edn Bot\u00e1nico de la UCC<\/h3>\n<p class=\"sitio_noticia_copete\" >\n<hr class=\"sitio_noticia_contenido\" \/>\n<p >\n<p style=\"text-align: justify;\"><span style=\"color: #ff6600; font-family: 'Verdana','sans-serif'; font-size: 14pt; mso-bidi-font-size: 7.5pt;\">&nbsp;<\/span><\/p>\n<p style=\"text-align: justify;\"><span style=\"color: #ff6600; font-family: 'Verdana','sans-serif'; font-size: 14pt; mso-bidi-font-size: 7.5pt;\"><img decoding=\"async\" loading=\"lazy\" style=\"border: 1px solid black;\" src=\"https:\/\/iesbolivar-cba.infd.edu.ar\/aula\/archivos\/repositorio\/\/750\/866\/BIOLOGIA_-1-2016.jpg\" border=\"0\" alt=\"visita\" width=\"500\" height=\"218\"><\/span><\/p>\n<p><a title=\"\" href=\"http:\/\/makeagif.com\/Ruav40\"><img decoding=\"async\" src=\"http:\/\/i.makeagif.com\/media\/10-26-2016\/Ruav40.gif\" border=\"0\" alt=\"\"><\/a><\/p>\n<div style=\"font-size: 11px;\"><span style=\"color: black; font-family: 'Verdana','sans-serif'; font-size: 10pt; mso-bidi-font-size: 7.5pt;\">En el marco de actividades formativas del Profesorado de Educaci&oacute;n Secundaria en Biolog&iacute;a del IES Sim&oacute;n Bol&iacute;var estudiantes de 3 y 4 a&ntilde;o concurrieron al Jard&iacute;n Bot&aacute;nico Gaspar Xu&aacute;rez s.j. de la Universidad Cat&oacute;lica de C&oacute;rdoba.<\/span><\/div>\n<p style=\"text-align: justify;\"><span style=\"color: black; font-family: 'Verdana','sans-serif'; font-size: 10pt; mso-bidi-font-size: 7.5pt;\">Mediante la visita al lugar y la participaci&oacute;n en los talleres y actividades organizadas los alumnos pudieron efectuar un acercamiento a las pr&aacute;cticas de investigaci&oacute;n sobre reproducci&oacute;n y manejo de especies aut&oacute;ctonas y conocer y reflexionar sobre la importancia de la biodiversidad.<br \/><\/span><\/p><\/p>\n","protected":false},"excerpt":{"rendered":"<p>Estudiantes del Sim\u00f3n Bol\u00edvar visitan el Jard\u00edn Bot\u00e1nico de la UCC &nbsp; En el marco de actividades formativas del Profesorado de Educaci&oacute;n Secundaria en Biolog&iacute;a del IES Sim&oacute;n Bol&iacute;var estudiantes de 3 y 4 a&ntilde;o concurrieron al Jard&iacute;n Bot&aacute;nico Gaspar Xu&aacute;rez s.j. de la Universidad Cat&oacute;lica de C&oacute;rdoba. Mediante la visita al lugar y la &#8230; <a title=\"Estudiantes del Sim\u00f3n Bol\u00edvar visitan el Jard\u00edn Bot\u00e1nico de la UCC\" class=\"read-more\" href=\"https:\/\/iesbolivar-cba.infd.edu.ar\/sitio\/estudiantes-del-simon-bolivar-visitan-el-jardin-botanico-de-la-ucc\/\" aria-label=\"More on Estudiantes del Sim\u00f3n Bol\u00edvar visitan el Jard\u00edn Bot\u00e1nico de la UCC\">[+]<\/a><\/p>\n","protected":false},"author":3377,"featured_media":0,"comment_status":"open","ping_status":"open","sticky":false,"template":"","format":"standard","meta":[],"categories":[7,6],"tags":[],"acf":[],"_links":{"self":[{"href":"https:\/\/iesbolivar-cba.infd.edu.ar\/sitio\/wp-json\/wp\/v2\/posts\/857"}],"collection":[{"href":"https:\/\/iesbolivar-cba.infd.edu.ar\/sitio\/wp-json\/wp\/v2\/posts"}],"about":[{"href":"https:\/\/iesbolivar-cba.infd.edu.ar\/sitio\/wp-json\/wp\/v2\/types\/post"}],"author":[{"embeddable":true,"href":"https:\/\/iesbolivar-cba.infd.edu.ar\/sitio\/wp-json\/wp\/v2\/users\/3377"}],"replies":[{"embeddable":true,"href":"https:\/\/iesbolivar-cba.infd.edu.ar\/sitio\/wp-json\/wp\/v2\/comments?post=857"}],"version-history":[{"count":0,"href":"https:\/\/iesbolivar-cba.infd.edu.ar\/sitio\/wp-json\/wp\/v2\/posts\/857\/revisions"}],"wp:attachment":[{"href":"https:\/\/iesbolivar-cba.infd.edu.ar\/sitio\/wp-json\/wp\/v2\/media?parent=857"}],"wp:term":[{"taxonomy":"category","embeddable":true,"href":"https:\/\/iesbolivar-cba.infd.edu.ar\/sitio\/wp-json\/wp\/v2\/categories?post=857"},{"taxonomy":"post_tag","embeddable":true,"href":"https:\/\/iesbolivar-cba.infd.edu.ar\/sitio\/wp-json\/wp\/v2\/tags?post=857"}],"curies":[{"name":"wp","href":"https:\/\/api.w.org\/{rel}","templated":true}]}}