{"id":835,"date":"2012-07-30T00:00:00","date_gmt":"2012-07-30T00:00:00","guid":{"rendered":"https:\/\/iesbolivar-cba.infd.edu.ar\/sitio\/especializacion-docente-en-educacion-y-tic\/"},"modified":"2012-07-30T00:00:00","modified_gmt":"2012-07-30T00:00:00","slug":"especializacion-docente-en-educacion-y-tic","status":"publish","type":"post","link":"https:\/\/iesbolivar-cba.infd.edu.ar\/sitio\/especializacion-docente-en-educacion-y-tic\/","title":{"rendered":"Especializaci\u00f3n Docente en Educaci\u00f3n y TIC"},"content":{"rendered":"<p class=\"sitio_noticia_volanta\" >Post\u00edtulo INFOD<\/p>\n<h3>Especializaci\u00f3n Docente en Educaci\u00f3n y TIC<\/h3>\n<p class=\"sitio_noticia_copete\" >\n<hr class=\"sitio_noticia_contenido\" \/>\n<p >\n<p><span>El&nbsp;<\/span><strong>Ministerio de Educaci&oacute;n de la Naci&oacute;n<\/strong><span>&nbsp;les da la bienvenida a la&nbsp;<\/span><strong>Especializaci&oacute;n Docente de Nivel Superior en Educaci&oacute;n y TIC<\/strong><span>, un espacio de formaci&oacute;n y reflexi&oacute;n acad&eacute;mica que tiene como prop&oacute;sito formar a docentes especializados en el uso pedag&oacute;gico de las TIC, promover la producci&oacute;n de nuevos saberes para la ense&ntilde;anza y el aprendizaje, y estimular la reflexi&oacute;n sobre las pr&aacute;cticas. Este post&iacute;tulo busca aportar a una mejora en las trayectorias educativas de los alumnos y enriquecer las pr&aacute;cticas institucionales mediante la inclusi&oacute;n y utilizaci&oacute;n de las TIC en la tarea cotidiana.<\/span><\/p>\n<p><span><a href=\"http:\/\/postitulo.educacion.gov.ar\/\">http:\/\/postitulo.educacion.gov.ar\/<\/a><\/span><\/p>\n<p><span><br \/><\/span><\/p>\n<\/p>\n<div class=\"sitio_noticia_url\">\n                            M\u00e1s informaci\u00f3n:<br \/>\n                            <a href=\"http:\/\/\" target=\"new_\"><\/p>\n<p>                            <\/a>\n                        <\/div>\n","protected":false},"excerpt":{"rendered":"<p>Post\u00edtulo INFOD Especializaci\u00f3n Docente en Educaci\u00f3n y TIC El&nbsp;Ministerio de Educaci&oacute;n de la Naci&oacute;n&nbsp;les da la bienvenida a la&nbsp;Especializaci&oacute;n Docente de Nivel Superior en Educaci&oacute;n y TIC, un espacio de formaci&oacute;n y reflexi&oacute;n acad&eacute;mica que tiene como prop&oacute;sito formar a docentes especializados en el uso pedag&oacute;gico de las TIC, promover la producci&oacute;n de nuevos saberes &#8230; <a title=\"Especializaci\u00f3n Docente en Educaci\u00f3n y TIC\" class=\"read-more\" href=\"https:\/\/iesbolivar-cba.infd.edu.ar\/sitio\/especializacion-docente-en-educacion-y-tic\/\" aria-label=\"More on Especializaci\u00f3n Docente en Educaci\u00f3n y TIC\">[+]<\/a><\/p>\n","protected":false},"author":3377,"featured_media":0,"comment_status":"open","ping_status":"open","sticky":false,"template":"","format":"standard","meta":[],"categories":[7,6],"tags":[],"acf":[],"_links":{"self":[{"href":"https:\/\/iesbolivar-cba.infd.edu.ar\/sitio\/wp-json\/wp\/v2\/posts\/835"}],"collection":[{"href":"https:\/\/iesbolivar-cba.infd.edu.ar\/sitio\/wp-json\/wp\/v2\/posts"}],"about":[{"href":"https:\/\/iesbolivar-cba.infd.edu.ar\/sitio\/wp-json\/wp\/v2\/types\/post"}],"author":[{"embeddable":true,"href":"https:\/\/iesbolivar-cba.infd.edu.ar\/sitio\/wp-json\/wp\/v2\/users\/3377"}],"replies":[{"embeddable":true,"href":"https:\/\/iesbolivar-cba.infd.edu.ar\/sitio\/wp-json\/wp\/v2\/comments?post=835"}],"version-history":[{"count":0,"href":"https:\/\/iesbolivar-cba.infd.edu.ar\/sitio\/wp-json\/wp\/v2\/posts\/835\/revisions"}],"wp:attachment":[{"href":"https:\/\/iesbolivar-cba.infd.edu.ar\/sitio\/wp-json\/wp\/v2\/media?parent=835"}],"wp:term":[{"taxonomy":"category","embeddable":true,"href":"https:\/\/iesbolivar-cba.infd.edu.ar\/sitio\/wp-json\/wp\/v2\/categories?post=835"},{"taxonomy":"post_tag","embeddable":true,"href":"https:\/\/iesbolivar-cba.infd.edu.ar\/sitio\/wp-json\/wp\/v2\/tags?post=835"}],"curies":[{"name":"wp","href":"https:\/\/api.w.org\/{rel}","templated":true}]}}