{"id":3411,"date":"2023-06-13T08:00:41","date_gmt":"2023-06-13T11:00:41","guid":{"rendered":"https:\/\/iesbolivar-cba.infd.edu.ar\/sitio\/?p=3411"},"modified":"2023-06-13T08:02:49","modified_gmt":"2023-06-13T11:02:49","slug":"ii-encuentro-de-investigacion-geografica-en-el-ies-simon-bolivar-geografia-y-discapacidad","status":"publish","type":"post","link":"https:\/\/iesbolivar-cba.infd.edu.ar\/sitio\/ii-encuentro-de-investigacion-geografica-en-el-ies-simon-bolivar-geografia-y-discapacidad\/","title":{"rendered":"<strong>II ENCUENTRO DE INVESTIGACI\u00d3N GEOGR\u00c1FICA EN EL IES SIM\u00d3N BOL\u00cdVAR\u00a0<em>\u00abGEOGRAF\u00cdA Y DISCAPACIDAD\u00bb<\/em><\/strong>"},"content":{"rendered":"\n<figure class=\"wp-block-image size-full\"><img decoding=\"async\" loading=\"lazy\" width=\"774\" height=\"384\" src=\"https:\/\/iesbolivar-cba.infd.edu.ar\/sitio\/wp-content\/uploads\/2023\/06\/II-encuentro-2.png\" alt=\"\" class=\"wp-image-3413\" srcset=\"https:\/\/iesbolivar-cba.infd.edu.ar\/sitio\/wp-content\/uploads\/2023\/06\/II-encuentro-2.png 774w, https:\/\/iesbolivar-cba.infd.edu.ar\/sitio\/wp-content\/uploads\/2023\/06\/II-encuentro-2-768x381.png 768w\" sizes=\"(max-width: 774px) 100vw, 774px\" \/><\/figure>\n\n\n\n<p>El Encuentro tiene el prop\u00f3sito de promover la divulgaci\u00f3n acad\u00e9mica de trabajos realizado por estudiantes del Profesorado de Educaci\u00f3n Secundaria en Geograf\u00eda realizan en el Seminario Metodolog\u00eda de la Investigaci\u00f3n Geogr\u00e1fica que se cursa en el cuarto a\u00f1o de la carrera. Durante este encuentro se reflexionar\u00e1 sobre las conexiones entre la Geograf\u00eda y la discapacidad, a partir de la exposici\u00f3n de las investigaciones y la socializaci\u00f3n de experiencias did\u00e1cticas con personas con discapacidad.<\/p>\n\n\n\n<p>Participar\u00e1n docentes del Profesorado de Educaci\u00f3n Especial de la Universidad Provincial de C\u00f3rdoba, aportar\u00e1n sugerencias generales para la educaci\u00f3n de personas con discapacidad haciendo en el Modelo Social de la Discapacidad.<\/p>\n\n\n\n<p><strong><u>DESTINATARIOS<\/u><\/strong><strong>:&nbsp;<\/strong>Destinado a docentes de Educaci\u00f3n Secundaria y Superior; Estudiantes de IFD; Estudiantes y Docentes Universitarios en v\u00ednculo con la investigaci\u00f3n did\u00e1ctica y geogr\u00e1fica.<\/p>\n\n\n\n<p><strong><u>ACTIVIDAD:&nbsp;<\/u><\/strong><em>con contribuci\u00f3n docente de $ 500 (el d\u00eda del encuentro)<\/em>.&nbsp;<strong>Estudiantes sin costo. FORMULARIO DE INSCIPCI\u00d3N:&nbsp;<\/strong><a href=\"https:\/\/forms.gle\/sHm9n2AyyL3XdLde6\" target=\"_blank\" rel=\"noreferrer noopener\"><\/a><a target=\"_blank\" href=\"https:\/\/forms.gle\/sHm9n2AyyL3XdLde6\" rel=\"noreferrer noopener\">https:\/\/forms.gle\/sHm9n2AyyL3XdLde6<\/a><\/p>\n\n\n\n<p>Consultas:&nbsp;iesbolivar.depa@gmail.com&nbsp;\u2013 Whatsapp 351- 8568183<\/p>\n","protected":false},"excerpt":{"rendered":"<p>El Encuentro tiene el prop\u00f3sito de promover la divulgaci\u00f3n acad\u00e9mica de trabajos realizado por estudiantes del Profesorado de Educaci\u00f3n Secundaria en Geograf\u00eda realizan en el Seminario Metodolog\u00eda de la Investigaci\u00f3n Geogr\u00e1fica que se cursa en el cuarto a\u00f1o de la carrera. Durante este encuentro se reflexionar\u00e1 sobre las conexiones entre la Geograf\u00eda y la discapacidad, &#8230; <a title=\"II ENCUENTRO DE INVESTIGACI\u00d3N GEOGR\u00c1FICA EN EL IES SIM\u00d3N BOL\u00cdVAR\u00a0\u00abGEOGRAF\u00cdA Y DISCAPACIDAD\u00bb\" class=\"read-more\" href=\"https:\/\/iesbolivar-cba.infd.edu.ar\/sitio\/ii-encuentro-de-investigacion-geografica-en-el-ies-simon-bolivar-geografia-y-discapacidad\/\" aria-label=\"More on II ENCUENTRO DE INVESTIGACI\u00d3N GEOGR\u00c1FICA EN EL IES SIM\u00d3N BOL\u00cdVAR\u00a0\u00abGEOGRAF\u00cdA Y DISCAPACIDAD\u00bb\">[+]<\/a><\/p>\n","protected":false},"author":3377,"featured_media":0,"comment_status":"open","ping_status":"open","sticky":false,"template":"","format":"standard","meta":[],"categories":[6],"tags":[],"acf":[],"_links":{"self":[{"href":"https:\/\/iesbolivar-cba.infd.edu.ar\/sitio\/wp-json\/wp\/v2\/posts\/3411"}],"collection":[{"href":"https:\/\/iesbolivar-cba.infd.edu.ar\/sitio\/wp-json\/wp\/v2\/posts"}],"about":[{"href":"https:\/\/iesbolivar-cba.infd.edu.ar\/sitio\/wp-json\/wp\/v2\/types\/post"}],"author":[{"embeddable":true,"href":"https:\/\/iesbolivar-cba.infd.edu.ar\/sitio\/wp-json\/wp\/v2\/users\/3377"}],"replies":[{"embeddable":true,"href":"https:\/\/iesbolivar-cba.infd.edu.ar\/sitio\/wp-json\/wp\/v2\/comments?post=3411"}],"version-history":[{"count":2,"href":"https:\/\/iesbolivar-cba.infd.edu.ar\/sitio\/wp-json\/wp\/v2\/posts\/3411\/revisions"}],"predecessor-version":[{"id":3414,"href":"https:\/\/iesbolivar-cba.infd.edu.ar\/sitio\/wp-json\/wp\/v2\/posts\/3411\/revisions\/3414"}],"wp:attachment":[{"href":"https:\/\/iesbolivar-cba.infd.edu.ar\/sitio\/wp-json\/wp\/v2\/media?parent=3411"}],"wp:term":[{"taxonomy":"category","embeddable":true,"href":"https:\/\/iesbolivar-cba.infd.edu.ar\/sitio\/wp-json\/wp\/v2\/categories?post=3411"},{"taxonomy":"post_tag","embeddable":true,"href":"https:\/\/iesbolivar-cba.infd.edu.ar\/sitio\/wp-json\/wp\/v2\/tags?post=3411"}],"curies":[{"name":"wp","href":"https:\/\/api.w.org\/{rel}","templated":true}]}}