{"id":3365,"date":"2023-05-05T18:10:00","date_gmt":"2023-05-05T21:10:00","guid":{"rendered":"https:\/\/iesbolivar-cba.infd.edu.ar\/sitio\/?p=3365"},"modified":"2023-05-05T18:10:01","modified_gmt":"2023-05-05T21:10:01","slug":"la-biblioteca-realizo-un-taller-sobre-elaboracion-citas-y-referencias-bibliograficas-con-base-en-las-normas-apa","status":"publish","type":"post","link":"https:\/\/iesbolivar-cba.infd.edu.ar\/sitio\/la-biblioteca-realizo-un-taller-sobre-elaboracion-citas-y-referencias-bibliograficas-con-base-en-las-normas-apa\/","title":{"rendered":"La Biblioteca realiz\u00f3 un taller sobre elaboraci\u00f3n citas y referencias bibliogr\u00e1ficas con base en las normas APA"},"content":{"rendered":"\n<p>El d\u00eda pasado 3 de mayo la Biblioteca Olga Pizarro de Vidal llev\u00f3 a cabo un taller sobre la elaboraci\u00f3n de citas y referencias bibliogr\u00e1ficas con base en las normas APA (American Psychological Association). El taller se realiz\u00f3 en la sede de la Biblioteca y fue impartido por Julio Melian, bibliotecario y coordinador de este espacio.<\/p>\n\n\n\n<p>El objetivo del taller fue proporcionar a los participantes las herramientas necesarias para la elaboraci\u00f3n de textos acad\u00e9micos con la rigurosidad que requieren las normas APA.&nbsp;Los inscriptos al taller mostraron gran inter\u00e9s en la propuesta y Julio Melian destac\u00f3 la importancia de la formaci\u00f3n de los estudiantes en estos temas.<\/p>\n\n\n\n<figure class=\"wp-block-image\"><img decoding=\"async\" src=\"https:\/\/ci6.googleusercontent.com\/proxy\/GUqWPzsyPtr-ziFSOPm8oAPViOY4VvXnDouCljDiH0FCkdg6-ycHwj9QuWbUlD3oH8oo0j57-hBeG38UJH4NpsHkWZXIkqGfiljt67qc9mcEvbaGrYnOGxCgZlqRS1Kdh3TzTjA9=s0-d-e1-ft#https:\/\/iesbolivar-cba.infd.edu.ar\/aula\/archivos\/repositorio\/\/7500\/7500\/taller3.jpg\" alt=\"\"\/><\/figure>\n\n\n\n<figure class=\"wp-block-image\"><img decoding=\"async\" src=\"https:\/\/ci6.googleusercontent.com\/proxy\/18ZNX3M_ArZ5i5cqkVtjjLTVkNW41F-pbIQsGc-lHefAqpRdxtENghGwHS9c8DmlOph1W4Azt_JmKDEE-k9JbIepOhDuvHrbVnBvEVoiulRWvRMX5bDOUz04nT2may9R9Ma9kDRf=s0-d-e1-ft#https:\/\/iesbolivar-cba.infd.edu.ar\/aula\/archivos\/repositorio\/\/7250\/7498\/taller1.jpg\" alt=\"\"\/><\/figure>\n\n\n\n<figure class=\"wp-block-image\"><img decoding=\"async\" src=\"https:\/\/ci4.googleusercontent.com\/proxy\/6PY8Gxh7_J5WRIaIwgnbEkSQfSJ_if8MwkSx4PmXjbd4FivHWObg6adZMqU4torErojlQ17J4RaCfGSzcFOJJE_lveAe1YjCocYb37w-ZaGpwLomkUYRHNuf-dRVxFBIL1SFqkI=s0-d-e1-ft#https:\/\/iesbolivar-cba.infd.edu.ar\/aula\/archivos\/repositorio\/\/7250\/7499\/taller.jpg\" alt=\"\"\/><\/figure>\n","protected":false},"excerpt":{"rendered":"<p>El d\u00eda pasado 3 de mayo la Biblioteca Olga Pizarro de Vidal llev\u00f3 a cabo un taller sobre la elaboraci\u00f3n de citas y referencias bibliogr\u00e1ficas con base en las normas APA (American Psychological Association). El taller se realiz\u00f3 en la sede de la Biblioteca y fue impartido por Julio Melian, bibliotecario y coordinador de este &#8230; <a title=\"La Biblioteca realiz\u00f3 un taller sobre elaboraci\u00f3n citas y referencias bibliogr\u00e1ficas con base en las normas APA\" class=\"read-more\" href=\"https:\/\/iesbolivar-cba.infd.edu.ar\/sitio\/la-biblioteca-realizo-un-taller-sobre-elaboracion-citas-y-referencias-bibliograficas-con-base-en-las-normas-apa\/\" aria-label=\"More on La Biblioteca realiz\u00f3 un taller sobre elaboraci\u00f3n citas y referencias bibliogr\u00e1ficas con base en las normas APA\">[+]<\/a><\/p>\n","protected":false},"author":3377,"featured_media":0,"comment_status":"open","ping_status":"open","sticky":false,"template":"","format":"standard","meta":[],"categories":[1],"tags":[],"acf":[],"_links":{"self":[{"href":"https:\/\/iesbolivar-cba.infd.edu.ar\/sitio\/wp-json\/wp\/v2\/posts\/3365"}],"collection":[{"href":"https:\/\/iesbolivar-cba.infd.edu.ar\/sitio\/wp-json\/wp\/v2\/posts"}],"about":[{"href":"https:\/\/iesbolivar-cba.infd.edu.ar\/sitio\/wp-json\/wp\/v2\/types\/post"}],"author":[{"embeddable":true,"href":"https:\/\/iesbolivar-cba.infd.edu.ar\/sitio\/wp-json\/wp\/v2\/users\/3377"}],"replies":[{"embeddable":true,"href":"https:\/\/iesbolivar-cba.infd.edu.ar\/sitio\/wp-json\/wp\/v2\/comments?post=3365"}],"version-history":[{"count":1,"href":"https:\/\/iesbolivar-cba.infd.edu.ar\/sitio\/wp-json\/wp\/v2\/posts\/3365\/revisions"}],"predecessor-version":[{"id":3366,"href":"https:\/\/iesbolivar-cba.infd.edu.ar\/sitio\/wp-json\/wp\/v2\/posts\/3365\/revisions\/3366"}],"wp:attachment":[{"href":"https:\/\/iesbolivar-cba.infd.edu.ar\/sitio\/wp-json\/wp\/v2\/media?parent=3365"}],"wp:term":[{"taxonomy":"category","embeddable":true,"href":"https:\/\/iesbolivar-cba.infd.edu.ar\/sitio\/wp-json\/wp\/v2\/categories?post=3365"},{"taxonomy":"post_tag","embeddable":true,"href":"https:\/\/iesbolivar-cba.infd.edu.ar\/sitio\/wp-json\/wp\/v2\/tags?post=3365"}],"curies":[{"name":"wp","href":"https:\/\/api.w.org\/{rel}","templated":true}]}}