{"id":3349,"date":"2023-04-03T14:37:35","date_gmt":"2023-04-03T17:37:35","guid":{"rendered":"https:\/\/iesbolivar-cba.infd.edu.ar\/sitio\/?p=3349"},"modified":"2023-04-27T15:45:44","modified_gmt":"2023-04-27T18:45:44","slug":"proyecto-la-mochila-viajera-libros-a-la-plaza","status":"publish","type":"post","link":"https:\/\/iesbolivar-cba.infd.edu.ar\/sitio\/proyecto-la-mochila-viajera-libros-a-la-plaza\/","title":{"rendered":"Proyecto La Mochila Viajera: Libros a la plaza"},"content":{"rendered":"\n<figure class=\"wp-block-image size-full\"><img decoding=\"async\" loading=\"lazy\" width=\"1070\" height=\"960\" src=\"https:\/\/iesbolivar-cba.infd.edu.ar\/sitio\/wp-content\/uploads\/2023\/04\/WhatsApp-Image-2023-04-27-at-12.35.10-1.jpeg\" alt=\"\" class=\"wp-image-3360\" srcset=\"https:\/\/iesbolivar-cba.infd.edu.ar\/sitio\/wp-content\/uploads\/2023\/04\/WhatsApp-Image-2023-04-27-at-12.35.10-1.jpeg 1070w, https:\/\/iesbolivar-cba.infd.edu.ar\/sitio\/wp-content\/uploads\/2023\/04\/WhatsApp-Image-2023-04-27-at-12.35.10-1-1000x897.jpeg 1000w, https:\/\/iesbolivar-cba.infd.edu.ar\/sitio\/wp-content\/uploads\/2023\/04\/WhatsApp-Image-2023-04-27-at-12.35.10-1-768x689.jpeg 768w\" sizes=\"(max-width: 1070px) 100vw, 1070px\" \/><\/figure>\n\n\n<h3 style=\"text-align: center;\"><span style=\"font-size: 1.25rem; color: #ff6600;\"><strong><span style=\"font-size: 1.25rem;\">Reuni\u00f3n informativa el d\u00eda 13 de abril a las 19 hs en la Biblioteca Olga Pizarro de Vidal del Instituto de Ense\u00f1anza Superior Sim\u00f3n Bol\u00edvar<\/span><\/strong><\/span><\/h3>\n<p style=\"text-align: center;\"><span style=\"font-size: 1.25rem; color: #808080;\"><strong><br \/>\u00bfQu\u00e9 es <em>mochilas viajeras<\/em>?<\/strong><\/span><\/p>\n<p><span style=\"font-size: 1.25rem; color: #808080;\"><!-- \/wp:paragraph --> <!-- wp:paragraph --><\/span><\/p>\n<p><span style=\"font-size: 1.25rem; color: #808080;\">El programa <em>Mochilas Viajeras<\/em>, supone un trabajo educativo, organizativo y de sensibilizaci\u00f3n en torno al h\u00e1bito lector que contribuir\u00e1 a mejorar la calidad educativa en las escuelas. A la vez, <em>Mochilas<\/em> <em>Viajeras <\/em>fortalecer\u00e1 las destrezas y competencias para el aprestamiento de la lectoescritura, mejorando sus capacidades de aprendizaje; y e<\/span><span style=\"color: #808080; font-size: 1.25rem;\">stimular\u00e1 el inter\u00e9s y gusto por la lectura en las familias de los Participantes en la Actividades. Con este enfoque, tambi\u00e9n se contribuir\u00e1 a estrechar los lazos afectivos e intereses comunes entre padres e hijos, y a la sensibilizaci\u00f3n de los padres en torno a la importancia de la alfabetizaci\u00f3n y la lectura como factores fundamentales en el desarrollo de los adolescentes y j\u00f3venes.<\/span><\/p>\n<p><span style=\"font-size: 1.25rem; color: #808080;\"><strong>Actividades <\/strong>para trabajar con los Alumnos y Docentes de los profesorados del Instituto de Ense\u00f1anza Superior Sim\u00f3n Bol\u00edvar interesados en participar con el apoyo desde la Biblioteca:<\/span><\/p>\n<p><span style=\"font-size: 1.25rem; color: #808080;\"><!-- \/wp:paragraph --> <!-- wp:paragraph --><\/span><\/p>\n<p><span style=\"font-size: 1.25rem; color: #808080;\">Talleres de Cuentos.<\/span><\/p>\n<p><span style=\"font-size: 1.25rem; color: #808080;\"><!-- \/wp:paragraph --> <!-- wp:paragraph --><\/span><\/p>\n<p><span style=\"font-size: 1.25rem; color: #808080;\">Talleres de pintura y collage sobre los cuentos le\u00eddos.<\/span><\/p>\n<p><span style=\"font-size: 1.25rem; color: #808080;\"><!-- \/wp:paragraph --> <!-- wp:paragraph --><\/span><\/p>\n<p><span style=\"font-size: 1.25rem; color: #808080;\"><em>Exposici\u00f3n de los <\/em><em>trabajos en la Biblioteca Olga Pizarro de Vidal.<\/em><\/span><\/p>\n<p><span style=\"font-size: 1.25rem; color: #808080;\"><strong>Objetivos<\/strong><\/span><\/p>\n<p><span style=\"font-size: 1.25rem; color: #808080;\"><!-- \/wp:paragraph --> <!-- wp:paragraph --><\/span><\/p>\n<p><span style=\"font-size: 1.25rem; color: #808080;\">Contribuir a la mejora de la calidad educativa mediante la implementaci\u00f3n de estrategias y programas que propicien el h\u00e1bito lector en la comunidad educativa.<\/span><\/p>\n<p><span style=\"font-size: 1.25rem; color: #808080;\"><!-- \/wp:paragraph --> <!-- wp:paragraph --><\/span><\/p>\n<p><span style=\"font-size: 1.25rem; color: #808080;\">Trabajar en la puesta en valor de las bibliotecas, dado su potencial en la difusi\u00f3n de la cultura y el conocimiento, y por su facilidad de interacci\u00f3n con la cultura local.<\/span><\/p>\n<p><span style=\"font-size: 1.25rem; color: #808080;\"><!-- \/wp:paragraph --> <!-- wp:paragraph --><\/span><\/p>\n<p><span style=\"font-size: 1.25rem; color: #808080;\"><strong>\u00c1rea de actuaci\u00f3n de <em>mochilas viajeras<\/em><\/strong><\/span><\/p>\n<p><span style=\"font-size: 1.25rem; color: #808080;\"><!-- \/wp:paragraph --> <!-- wp:paragraph --><\/span><\/p>\n<p><span style=\"font-size: 1.25rem; color: #808080;\"><em>Mochilas Viajeras <\/em>est\u00e1 dise\u00f1ado como un programa a desarrollarse en este a\u00f1o 2023.<\/span><\/p>\n<p><span style=\"font-size: 1.25rem; color: #808080;\"><!-- \/wp:paragraph --> <!-- wp:paragraph --><\/span><\/p>\n<p><span style=\"font-size: 1.25rem; color: #808080;\">Durante este tiempo, el programa trabajar\u00e1 con la Comunidad un S\u00e1bado al mes, en el Horario de 15 hs a 17 hs en la Plaza Elvira Ceballos en la Calle Santa Rosa y pasaje Aguaducho del Barrio Alberdi<\/span><\/p>\n<p><span style=\"font-size: 1.25rem; color: #808080;\"><!-- \/wp:paragraph --> <!-- wp:paragraph --><\/span><\/p>\n<p><span style=\"font-size: 1.25rem; color: #808080;\"><strong>Equipo de trabajo:<\/strong><\/span><\/p>\n<p><span style=\"font-size: 1.25rem; color: #808080;\"><!-- \/wp:paragraph --> <!-- wp:paragraph --><\/span><\/p>\n<p><span style=\"font-size: 1.25rem; color: #808080;\">Bib. Julio F. Melian<\/span><\/p>\n<p><span style=\"font-size: 1.25rem; color: #808080;\"><!-- \/wp:paragraph --> <!-- wp:paragraph --><\/span><\/p>\n<p><span style=\"font-size: 1.25rem; color: #808080;\">Docentes y alumnos interesados en el proyecto.<\/span><\/p>\n<p><span style=\"font-size: 1.25rem; color: #808080;\"><!-- \/wp:paragraph --> <!-- wp:paragraph --><\/span><\/p>\n<p><span style=\"font-size: 1.25rem; color: #808080;\">D\u00edas s\u00e1bados una vez al mes<\/span><\/p>\n<p><span style=\"font-size: 1.25rem; color: #808080;\"><!-- \/wp:paragraph --> <!-- wp:paragraph --><\/span><\/p>\n<p><span style=\"font-size: 1.25rem; color: #808080;\"><strong>Abril a Octubre<\/strong><\/span><\/p>\n<p><span style=\"font-size: 1.25rem; color: #808080;\"><strong>Lectura en Ronda<\/strong><\/span><\/p>\n<p><span style=\"font-size: 1.25rem; color: #808080;\"><!-- \/wp:paragraph --> <!-- wp:paragraph --><\/span><\/p>\n<p><span style=\"font-size: 1.25rem; color: #808080;\">Esta Actividad hace tambi\u00e9n un especial \u00e9nfasis en las familias, para dar continuidad a las iniciativas de lectura de la escuela. Fortalece, adem\u00e1s, el enlace afectivo entre padres, madres, hijos e hijas en el disfrute de la cultura y ayuda a la comprensi\u00f3n de la importancia de asistir a estos espacios recreativos de Lecturas. M\u00e1s espec\u00edficamente, <em>Mochilas Viajeras <\/em>realizar\u00e1 y ayudar\u00e1 en la ejecuci\u00f3n de actividades sostenidas de promoci\u00f3n y animaci\u00f3n a la lectura como una herramienta b\u00e1sica para el ejercicio del derecho a la educaci\u00f3n y a la cultura; centrar\u00e1 su atenci\u00f3n en los colectivos con dificultades de acceso al libro y la lectura, apoyando iniciativas de instituciones educativas del \u00e1mbito p\u00fablico.<\/span><\/p>\n<p><!-- wp:file {\"id\":3350,\"href\":\"https:\/\/iesbolivar-cba.infd.edu.ar\/sitio\/wp-content\/uploads\/2023\/04\/Lectura-en-Ronda-2023.pdf\",\"displayPreview\":true} --><\/p>\n<div class=\"wp-block-file\"><object class=\"wp-block-file__embed\" style=\"width: 100%; height: 600px;\" data=\"https:\/\/iesbolivar-cba.infd.edu.ar\/sitio\/wp-content\/uploads\/2023\/04\/Lectura-en-Ronda-2023.pdf\" type=\"application\/pdf\" width=\"300\" height=\"150\" aria-label=\"Lectura-en-Ronda-2023\"><\/object><a id=\"wp-block-file--media-a454b7f8-9d46-491c-9d1e-6e7f22c05376\" href=\"https:\/\/iesbolivar-cba.infd.edu.ar\/sitio\/wp-content\/uploads\/2023\/04\/Lectura-en-Ronda-2023.pdf\">Lectura-en-Ronda-2023<\/a><a class=\"wp-block-file__button wp-element-button\" href=\"https:\/\/iesbolivar-cba.infd.edu.ar\/sitio\/wp-content\/uploads\/2023\/04\/Lectura-en-Ronda-2023.pdf\" download=\"\" aria-describedby=\"wp-block-file--media-a454b7f8-9d46-491c-9d1e-6e7f22c05376\">Descarga<\/a><\/div>\n<p><!-- \/wp:file --><\/p>","protected":false},"excerpt":{"rendered":"<p>Reuni\u00f3n informativa el d\u00eda 13 de abril a las 19 hs en la Biblioteca Olga Pizarro de Vidal del Instituto de Ense\u00f1anza Superior Sim\u00f3n Bol\u00edvar \u00bfQu\u00e9 es mochilas viajeras? El programa Mochilas Viajeras, supone un trabajo educativo, organizativo y de sensibilizaci\u00f3n en torno al h\u00e1bito lector que contribuir\u00e1 a mejorar la calidad educativa en las &#8230; <a title=\"Proyecto La Mochila Viajera: Libros a la plaza\" class=\"read-more\" href=\"https:\/\/iesbolivar-cba.infd.edu.ar\/sitio\/proyecto-la-mochila-viajera-libros-a-la-plaza\/\" aria-label=\"More on Proyecto La Mochila Viajera: Libros a la plaza\">[+]<\/a><\/p>\n","protected":false},"author":3377,"featured_media":0,"comment_status":"open","ping_status":"open","sticky":false,"template":"","format":"standard","meta":[],"categories":[6],"tags":[],"acf":[],"_links":{"self":[{"href":"https:\/\/iesbolivar-cba.infd.edu.ar\/sitio\/wp-json\/wp\/v2\/posts\/3349"}],"collection":[{"href":"https:\/\/iesbolivar-cba.infd.edu.ar\/sitio\/wp-json\/wp\/v2\/posts"}],"about":[{"href":"https:\/\/iesbolivar-cba.infd.edu.ar\/sitio\/wp-json\/wp\/v2\/types\/post"}],"author":[{"embeddable":true,"href":"https:\/\/iesbolivar-cba.infd.edu.ar\/sitio\/wp-json\/wp\/v2\/users\/3377"}],"replies":[{"embeddable":true,"href":"https:\/\/iesbolivar-cba.infd.edu.ar\/sitio\/wp-json\/wp\/v2\/comments?post=3349"}],"version-history":[{"count":5,"href":"https:\/\/iesbolivar-cba.infd.edu.ar\/sitio\/wp-json\/wp\/v2\/posts\/3349\/revisions"}],"predecessor-version":[{"id":3361,"href":"https:\/\/iesbolivar-cba.infd.edu.ar\/sitio\/wp-json\/wp\/v2\/posts\/3349\/revisions\/3361"}],"wp:attachment":[{"href":"https:\/\/iesbolivar-cba.infd.edu.ar\/sitio\/wp-json\/wp\/v2\/media?parent=3349"}],"wp:term":[{"taxonomy":"category","embeddable":true,"href":"https:\/\/iesbolivar-cba.infd.edu.ar\/sitio\/wp-json\/wp\/v2\/categories?post=3349"},{"taxonomy":"post_tag","embeddable":true,"href":"https:\/\/iesbolivar-cba.infd.edu.ar\/sitio\/wp-json\/wp\/v2\/tags?post=3349"}],"curies":[{"name":"wp","href":"https:\/\/api.w.org\/{rel}","templated":true}]}}