{"id":3333,"date":"2023-03-21T14:59:34","date_gmt":"2023-03-21T17:59:34","guid":{"rendered":"https:\/\/iesbolivar-cba.infd.edu.ar\/sitio\/?p=3333"},"modified":"2023-08-01T09:27:59","modified_gmt":"2023-08-01T12:27:59","slug":"3333-2","status":"publish","type":"post","link":"https:\/\/iesbolivar-cba.infd.edu.ar\/sitio\/3333-2\/","title":{"rendered":"Cursos con puntaje docente organizados por Departamento de Extensi\u00f3n Pedag\u00f3gico Acad\u00e9mica del IES Sim\u00f3n Bol\u00edvar"},"content":{"rendered":"\n<p><\/p>\n\n\n\n<p><a href=\"archivos\/repositorio\/\/7750\/7973\/curso.png\"><img decoding=\"async\" src=\"https:\/\/iesbolivar-cba.infd.edu.ar\/aula\/archivos\/repositorio\/\/7750\/7973\/curso.png\" border=\"0\" \/><\/a><\/p>\n<p><span style=\"font-size: 1.25rem;\">&nbsp; &nbsp; &nbsp; &nbsp; &nbsp; &nbsp; &nbsp; &nbsp; &nbsp; &nbsp; &nbsp; &nbsp; &nbsp; &nbsp; &nbsp; &nbsp; &nbsp; &nbsp; &nbsp; &nbsp; &nbsp; <br \/>&nbsp; &nbsp; &nbsp; &nbsp; &nbsp; &nbsp; &nbsp; &nbsp; &nbsp; &nbsp; &nbsp; &nbsp; &nbsp; &nbsp; &nbsp; &nbsp; &nbsp; &nbsp; &nbsp; &nbsp; &nbsp;<span style=\"color: #ff6600;\"><strong>PROPUESTAS<\/strong><\/span><\/span><\/p>\n<p>&nbsp;<\/p>\n<p><span style=\"font-size: 1rem;\">&nbsp; &nbsp; &nbsp;<img decoding=\"async\" loading=\"lazy\" src=\"https:\/\/iesbolivar-cba.infd.edu.ar\/aula\/archivos\/repositorio\/\/7750\/7969\/1.png\" border=\"0\" width=\"600\" height=\"337\" \/><\/span><\/p>\n<p><span style=\"font-size: 1rem;\">Curso:<br \/><span style=\"font-size: 1.25rem; color: #333399;\"><strong>EVALUACI&Oacute;N FORMATIVA Y EL TRABAJO EN AULA: RETROALIMENTACI&Oacute;N Y ACOMPA&Ntilde;AMIENTO DE LOS PROCESOS DE ENSE&Ntilde;ANZA Y APRENDIZAJE<br \/><\/strong><\/span><strong><span style=\"color: #808080;\">Resoluci&oacute;n de Aceptaci&oacute;n Red Provincial de Formaci&oacute;n Docente Continua N&deg; 64\/2023 (CON PUNTAJE)&nbsp;<\/span><\/strong><strong><br \/><\/strong><em><strong><br \/><\/strong><\/em>En este curso se abordar&aacute; la evaluaci&oacute;n como un fen&oacute;meno educativo que condiciona el proceso de ense&ntilde;anza y aprendizaje, dif&iacute;cil de conceptualizar debido a su car&aacute;cter multifuncional: sirve tanto para acreditar como para diagnosticar, retroalimentar, reflexionar, regular y mejorar los aprendizajes. Se buscar&aacute; reflexionar los supuestos impl&iacute;citos en esas pr&aacute;cticas con el fin de construir y\/o reforzar criterios pedag&oacute;gicos que favorezcan la toma de decisiones para llevar adelante pr&aacute;cticas de evaluaci&oacute;n aut&eacute;nticas, situadas y &uacute;tiles para enfrentar los desaf&iacute;os de la escuela de hoy.<\/span><\/p>\n<p><span style=\"font-size: 1rem;\"><strong><u>DESTINATARIOS:<\/u><\/strong>&nbsp;Docentes de nivel primario, secundario y superior &nbsp;<br \/><strong><u>ACREDITA:<\/u><\/strong>&nbsp;30 hs. reloj&nbsp;&nbsp;&nbsp;<br \/><strong><u>MODALIDAD:<\/u><\/strong>&nbsp;SEMIPRESENCIAL&nbsp;<br \/><strong>ACTIVIDAD CON COSTO Y CUPO.<\/strong><\/span><\/p>\n<p><span style=\"font-size: 1rem;\">Consultas e inscripciones:&nbsp;iesbolivar.depa@gmail.com&nbsp;&#8211; Whatsapp 351- 8568183<\/span><\/p>\n<p><span style=\"font-size: 1rem;\"><br \/>_________________________________________________________________________________<\/span><\/p>\n<p>&nbsp;<\/p>\n<p><span style=\"font-size: 1rem;\"> &nbsp; &nbsp;<img decoding=\"async\" loading=\"lazy\" src=\"https:\/\/iesbolivar-cba.infd.edu.ar\/aula\/archivos\/repositorio\/\/7750\/7968\/2.png\" border=\"0\" width=\"600\" height=\"337\" \/>&nbsp;<\/span><\/p>\n<p><span style=\"font-size: 1rem;\">Curso:<br \/><span style=\"font-size: 1.25rem; color: #333399;\"><strong>RENOVAR LA ENSE&Ntilde;ANZA DE LA GEOGRAF&Iacute;A EN LA EDUCACI&Oacute;N SECUNDARIA<br \/><\/strong><\/span><strong><span style=\"color: #808080;\">Resoluci&oacute;n de Aceptaci&oacute;n Red Provincial de Formaci&oacute;n Docente Continua N&deg; 58\/2023 (CON PUNTAJE)<\/span><br \/><\/strong><br \/>En este curso se abordar&aacute; la ense&ntilde;anza del espacio socialmente construido en el marco del espacio curricular de educaci&oacute;n secundaria Geograf&iacute;a. Cualquier docente de geograf&iacute;a deber&iacute;a ser interpelado a partir de algunas cuestiones b&aacute;sicas: &iquest;qu&eacute; es el mundo social y qu&eacute; lo diferencia del natural?, &iquest;c&oacute;mo se conoce este mundo y para qu&eacute;? Se trabajar&aacute; bajo el formato taller poniendo foco en las propuestas did&aacute;cticas realizada por los docentes para resignificarlas.<\/span><\/p>\n<p><span style=\"font-size: 1rem;\"><strong><u>DESTINATARIOS: <\/u><\/strong>Docentes de Educaci&oacute;n Secundaria&nbsp; &nbsp; &nbsp;<br \/><strong><u>ACREDITA:<\/u><\/strong>&nbsp;24hs. reloj&nbsp;&nbsp;&nbsp;<br \/><strong><u>MODALIDAD:<\/u><\/strong>&nbsp;PRESENCIAL&nbsp;<br \/><strong>ACTIVIDAD CON COSTO Y CUPO.<\/strong><\/span><\/p>\n<p><span style=\"font-size: 1rem;\">Consultas e inscripciones:&nbsp;iesbolivar.depa@gmail.com&nbsp;&#8211; Whatsapp 351- 8568183<\/span><\/p>\n<p><span style=\"font-size: 1rem;\"><br \/>_________________________________________________________________________________<\/span><\/p>\n<p>&nbsp;<\/p>\n<p><span style=\"font-size: 1rem;\"> &nbsp; &nbsp;<img decoding=\"async\" src=\"https:\/\/iesbolivar-cba.infd.edu.ar\/aula\/archivos\/repositorio\/\/7750\/7966\/3.png\" border=\"0\" width=\"600\" \/><\/span><\/p>\n<p><span style=\"font-size: 1rem;\">Curso<br \/><\/span><span style=\"font-size: 1.25rem; color: #333399;\"><strong>LA LITERATURA: UN LUGAR PARA LAS EMOCIONES Y LAS EXPRESIONES EN LA EDUCACI&Oacute;N SECUNDARIA<\/strong><\/span><span style=\"font-size: 1rem;\"><strong><br \/><span style=\"color: #808080;\">Resoluci&oacute;n de Aceptaci&oacute;n Red Provincial de Formaci&oacute;n Docente Continua N&deg; 288\/2023 (CON PUNTAJE).<\/span><\/strong> <br \/><br \/>Se espera generar un espacio donde se pueda repensar las propias pr&aacute;cticas a la luz de diversos documentos, experiencias, textos y marcos te&oacute;ricos a fin de poner en tensi&oacute;n los saberes adquiridos en torno a la Literatura en los diversos trayectos de formaci&oacute;n y en el desempe&ntilde;o diario en las aulas que los y las docentes viven. A su vez, se buscar&aacute; generar instancias de puesta en escena de situaciones diversas que se pudieran generar en el aula para producir espacios de reflexi&oacute;n y construcci&oacute;n colectiva acerca del abordaje de la ense&ntilde;anza y de la vivencia en tanto experiencia art&iacute;stica\/expresiva de la Literatura.<\/span><\/p>\n<p><span style=\"font-size: 1rem;\"><strong><u>DESTINATARIOS: <\/u><\/strong>Docentes de Educaci&oacute;n Secundaria&nbsp; &nbsp; &nbsp;<br \/><strong><u>ACREDITA:<\/u><\/strong>&nbsp;25 hs. reloj&nbsp;&nbsp;&nbsp;<br \/><strong><u>MODALIDAD:<\/u><\/strong>&nbsp;SEMIPRESENCIAL&nbsp;<br \/><strong>ACTIVIDAD CON COSTO Y CUPO.<\/strong><\/span><\/p>\n<p><span style=\"font-size: 1rem;\">Consultas e inscripciones:&nbsp;iesbolivar.depa@gmail.com&nbsp;&#8211; Whatsapp 351- 8568183<\/span><\/p>\n<p><span style=\"font-size: 1rem;\"><br \/>_________________________________________________________________________________<\/span><\/p>\n<p>&nbsp;<\/p>\n<p><span style=\"font-size: 1rem;\"> &nbsp; &nbsp;<img decoding=\"async\" src=\"https:\/\/iesbolivar-cba.infd.edu.ar\/aula\/archivos\/repositorio\/\/7750\/7971\/4.png\" border=\"0\" width=\"600\" \/><br \/><br \/>Curso<em><strong><br \/><\/strong><\/em><span style=\"font-size: 1.25rem; color: #333399;\"><strong>NUEVOS ESCENARIOS PEDAG&Oacute;GICO: EL CEMENTERIO EN EL APRENDIZAJE DE LA HISTORIA<br \/><\/strong><\/span><span style=\"color: #808080;\"><strong>Resoluci&oacute;n de Aceptaci&oacute;n Red Provincial de Formaci&oacute;n Docente Continua N&deg; 97\/2023 (CON PUNTAJE). <\/strong><strong><br \/><\/strong><\/span><em><strong><br \/><\/strong><\/em>Los Cementerios pueden convertirse en lugares propicios de aprendizaje para todo tipo de edades, ofreciendo un servicio educativo formal, no formal e informal, que entienda a fortalecer los procesos de ense&ntilde;anza-aprendizaje como una forma de vida &uacute;til para ampliar horizontes culturales, hist&oacute;ricos y educativos.&nbsp; En el marco de las nuevas concepciones de la museolog&iacute;a este proyecto tiene como prop&oacute;sito difundir la potencialidad educativa que contiene el Cementerio San Jer&oacute;nimo, incorpor&aacute;ndolo como instrumento pedag&oacute;gico al desarrollo de la pr&aacute;ctica curricular y a la tarea diaria.<\/span><\/p>\n<p><span style=\"font-size: 1rem;\"><strong><u>DESTINATARIOS: <\/u><\/strong><em>Destinado a docentes de Nivel Primario, Secundario y Superior.<\/em> <br \/><strong><u>ACREDITA:<\/u><\/strong>&nbsp;30 hs. reloj&nbsp;&nbsp;&nbsp;<br \/><strong><u>MODALIDAD:<\/u><\/strong>&nbsp;SEMIPRESENCIAL&nbsp;<br \/><strong>ACTIVIDAD CON COSTO Y CUPO.<\/strong><\/span><\/p>\n<p><span style=\"font-size: 1rem;\">Consultas e inscripciones:&nbsp;iesbolivar.depa@gmail.com&nbsp;&ndash; Whatsapp 351- 8568183<\/span><\/p>\n<p><span style=\"font-size: 1rem;\">&nbsp;<\/span><span style=\"font-size: 1rem;\">_________________________________________________________________________________<\/span><\/p>\n<p>&nbsp;<\/p>\n<p><span style=\"font-size: 1rem;\"><em><strong> &nbsp; &nbsp;<img decoding=\"async\" loading=\"lazy\" src=\"https:\/\/iesbolivar-cba.infd.edu.ar\/aula\/archivos\/repositorio\/\/7750\/7967\/5.png\" border=\"0\" width=\"600\" height=\"337\" \/><br \/><br \/><\/strong><\/em><strong>Curso&nbsp;<\/strong><strong><br \/><\/strong><span style=\"color: #333399;\"><strong><span style=\"font-size: 1.25rem;\">LA PR&Aacute;CTICA EDUCATIVA EN UN CONTEXTO H&Iacute;BRIDO<\/span><\/strong><em><strong><span style=\"font-size: 1.25rem;\">&nbsp;<br \/><\/span><\/strong><\/em><\/span><\/span><span style=\"font-size: 1rem;\"><span style=\"color: #808080;\"><strong>Resoluci&oacute;n de Aceptaci&oacute;n Red Provincial de Formaci&oacute;n Docente Continua N&deg; 446\/2022 (CON PUNTAJE).&nbsp;<\/strong><em><strong><br \/><\/strong><\/em><\/span><br \/>Se espera que los cursantes, incorporen las principales ideas en una planificaci&oacute;n del &aacute;rea que ellos elijan y con el contenido que decidan. Entre los principales contenidos: Dise&ntilde;o de propuestas educativas desde la complejidad. Modelo Educativo H&iacute;brido. Dise&ntilde;o de propuestas sincr&oacute;nicas y asincr&oacute;nicas. Entender el juego para dise&ntilde;ar una propuesta de Gamificaci&oacute;n.&nbsp; Apps y Redes sociales en educaci&oacute;n. Realidad Aumentada. Holograf&iacute;a. Experiencia con simuladores.<\/span><\/p>\n<p><span style=\"font-size: 1rem;\"><strong><u>DESTINATARIOS:<\/u><\/strong>&nbsp;Docentes de todos los niveles &nbsp;<br \/><strong><u>ACREDITA:<\/u><\/strong>&nbsp;40 hs. reloj&nbsp;&nbsp;&nbsp;<br \/><strong><u>MODALIDAD:<\/u><\/strong>&nbsp;SEMIPRESENCIAL<br \/><\/span><span style=\"font-size: 1rem;\"><strong>ACTIVIDAD CON COSTO Y CUPO.<\/strong><\/span><\/p>\n<p><span style=\"font-size: 1rem;\">Consultas e inscripciones:&nbsp;iesbolivar.depa@gmail.com&nbsp;&#8211; Whatsapp 351- 8568183<\/span><\/p>\n<p><span style=\"font-size: 1rem;\"><br \/>_________________________________________________________________________________<\/span><\/p>\n<p>&nbsp;<\/p>\n<p><span style=\"font-size: 1rem;\"> &nbsp; &nbsp;<img decoding=\"async\" loading=\"lazy\" src=\"https:\/\/iesbolivar-cba.infd.edu.ar\/aula\/archivos\/repositorio\/\/7750\/7970\/6.png\" border=\"0\" width=\"600\" height=\"337\" \/><\/span><\/p>\n<p><span style=\"font-size: 1rem;\">Curso<br \/><span style=\"font-size: 1.25rem; color: #333399;\"><strong>CUENTOS, CREENCIAS Y SABERES DE LA TIERRA: ORALIDAD, COMUNIDAD Y MEDIO AMBIENTE<\/strong><\/span><em><strong><span style=\"font-size: 1.25rem; color: #333399;\">. &nbsp;<\/span><br \/><\/strong><\/em><span style=\"color: #808080;\"><strong>Resoluci&oacute;n de Aceptaci&oacute;n Red Provincial de Formaci&oacute;n Docente Continua N&deg; 242\/2022 (CON PUNTAJE).&nbsp;<\/strong><em><strong><br \/><\/strong><\/em><\/span><br \/>Esta propuesta pretende promover una aproximaci&oacute;n al pensamiento popular latinoamericano y reflexionar sobre problem&aacute;ticas que act&uacute;an en desmedro de la cultura vinculada al paisaje-territorio, consolidando los conocimientos adquiridos mediante la experiencia directa, generando al mismo tiempo una acci&oacute;n de impacto en la comunidad. La capacitaci&oacute;n est&aacute; a cargo de la Lic. Patricia Rionda y el Lic. Pablo Rosal&iacute;a, integrantes de la Asociaci&oacute;n Cultural Relatos del Viento, investigadores y divulgadores de tradiciones orales y otras expresiones culturales<\/span><\/p>\n<p><span style=\"font-size: 1rem;\"><strong><u>DESTINATARIOS:<\/u><\/strong>&nbsp;Docentes de todos los niveles &nbsp;<br \/><strong><u>ACREDITA:<\/u><\/strong>&nbsp;20 hs. reloj&nbsp;&nbsp;&nbsp;<br \/><strong><u>MODALIDAD:<\/u><\/strong>&nbsp;SEMIPRESENCIAL<br \/><\/span><span style=\"font-size: 1rem;\"><strong>ACTIVIDAD CON COSTO Y CUPO.<\/strong><\/span><\/p>\n<p><span style=\"font-size: 1rem;\">Consultas e inscripciones:&nbsp;iesbolivar.depa@gmail.com&nbsp;&#8211; Whatsapp 351- 8568183<\/span><\/p>\n<p><span style=\"font-size: 1rem;\">&nbsp;<\/span><span style=\"font-size: 1rem;\">_________________________________________________________________________________<\/span><\/p>\n<p>&nbsp;<\/p>\n\n<p>Cursos realizados:&nbsp;<\/p>\n\n<p>&nbsp;<\/p>\n<p><img decoding=\"async\" loading=\"lazy\" style=\"border-width: 2px;\" src=\"https:\/\/iesbolivar-cba.infd.edu.ar\/aula\/archivos\/repositorio\/\/7000\/7072\/1.png\" border=\"0\" width=\"729\" height=\"410\"><\/p>\n<p><span style=\"color: #808080;\">Curso \u201c<strong><em>ESCRITURA Y TRANSFORMACI\u00d3N DIGITAL EN LA EDUCACI\u00d3N PRIMARIA Y SECUNDARIA\u201d Resoluci\u00f3n de Aceptaci\u00f3n Red Provincial de Formaci\u00f3n Docente Continua N\u00b0 56\/2023 (CON PUNTAJE)&nbsp;<\/em><\/strong>es una propuesta que promueve la adquisici\u00f3n de saberes y estrategias de trabajo para las pr\u00e1cticas de escritura a partir de tres ejes tem\u00e1ticos: 1) La escritura en la era digital y su v\u00ednculo con las nuevas formas de ciudadan\u00eda, 2) La innovaci\u00f3n en las pr\u00e1cticas de escritura: supuestos, continuidades y rupturas; y 3) La construcci\u00f3n de la identidad y su v\u00ednculo con la escritura en el marco de la transformaci\u00f3n digital.<\/span><\/p>\n<p><span style=\"color: #808080;\"><strong><u>DESTINATARIOS:<\/u><\/strong>&nbsp;Docentes de nivel primario y secundario &nbsp;<\/span><br><span style=\"color: #808080;\"><strong><u>ACREDITA:<\/u><\/strong>&nbsp;20 hs. reloj&nbsp;&nbsp;&nbsp;<br><strong><u>MODALIDAD:<\/u><\/strong>&nbsp;PRESENCIAL.&nbsp;<\/span><\/p>\n<p><span style=\"color: #808080;\"><strong>ACTIVIDAD CON COSTO Y CUPO.<br><\/strong><strong>Consultas e inscripciones:<\/strong>&nbsp;iesbolivar.depa@gmail.com&nbsp;<\/span><\/p>\n<p>&nbsp;<\/p>\n<p><img decoding=\"async\" loading=\"lazy\" style=\"float: left; border-width: 2px;\" src=\"https:\/\/iesbolivar-cba.infd.edu.ar\/aula\/archivos\/repositorio\/\/7000\/7069\/3.png\" border=\"0\" width=\"732\" height=\"412\"><\/p>\n<p><span style=\"color: #808080;\">Curso:&nbsp;<em><strong>LA PR\u00c1CTICA EDUCATIVA EN UN CONTEXTO H\u00cdBRIDO<\/strong><\/em><strong><em>. &nbsp;Resoluci\u00f3n de Aceptaci\u00f3n Red Provincial de Formaci\u00f3n Docente Continua N\u00b0 446\/2022 (CON PUNTAJE).&nbsp;<\/em><\/strong>Se espera que los cursantes, incorporen las principales ideas en una planificaci\u00f3n del \u00e1rea que ellos elijan y con el contenido que decidan. Entre los principales contenidos: Dise\u00f1o de propuestas educativas desde la complejidad. Modelo Educativo H\u00edbrido. Dise\u00f1o de propuestas sincr\u00f3nicas y asincr\u00f3nicas. Entender el juego para dise\u00f1ar una propuesta de Gamificaci\u00f3n.&nbsp; Apps y Redes sociales en educaci\u00f3n. Realidad Aumentada. Holograf\u00eda. Experiencia con simuladores.<\/span><\/p>\n<p><span style=\"color: #808080;\"><strong><u>DESTINATARIOS:<\/u><\/strong>&nbsp;Docentes de todos los niveles &nbsp;<\/span><br><span style=\"color: #808080;\"><strong><u>ACREDITA:<\/u><\/strong>&nbsp;40 hs. reloj&nbsp;&nbsp;&nbsp;<br><strong><u>MODALIDAD:<\/u><\/strong>&nbsp;SEMIPRESENCIAL<\/span><\/p>\n<p><span style=\"color: #808080;\"><strong>ACTIVIDAD CON COSTO Y CUPO.<br>Consultas e inscripciones:<\/strong>&nbsp;iesbolivar.depa@gmail.com<\/span><\/p>\n<p><img decoding=\"async\" loading=\"lazy\" style=\"border-width: 2px;\" src=\"https:\/\/iesbolivar-cba.infd.edu.ar\/aula\/archivos\/repositorio\/\/7000\/7070\/2.png\" border=\"0\" width=\"746\" height=\"419\"><\/p>\n<p><span style=\"color: #808080;\">Curso:&nbsp;<strong>LAS BIBLIOTECAS ESCOLARES COMO ESCENARIO ESTRAT\u00c9GICO<\/strong><strong><em>\u201d- REPLICA. &nbsp;Resoluci\u00f3n de Aceptaci\u00f3n Red Provincial de Formaci\u00f3n Docente Continua N\u00b0 181\/2022 (CON PUNTAJE).&nbsp;<\/em><\/strong>El contexto actual ofrece desaf\u00edos o situaciones controversiales que no permiten a las bibliotecas escolares cumplir con compromisos asumidos oportunamente. La tarea de sortear obst\u00e1culos propios o ajenos a la biblioteca constituye un entorno de trabajo profundizado por la incertidumbre. Desde la perspectiva organizacional de estas bibliotecas, el factor humano representa un recurso esencial dentro de ellas, donde se conjugan conocimientos y pr\u00e1cticas.<\/span><\/p>\n<p><span style=\"color: #808080;\"><strong>DESTINATARIOS<u>:<\/u><\/strong>&nbsp;Bibliotecarios y Docentes de todos los niveles &nbsp;<\/span><br><span style=\"color: #808080;\"><strong><u>ACREDITA:<\/u><\/strong>&nbsp;30 hs. reloj&nbsp;&nbsp;&nbsp;<br><strong><u>MODALIDAD:<\/u><\/strong>&nbsp;SEMIPRESENCIAL.&nbsp;<\/span><\/p>\n<p><span style=\"color: #808080;\"><strong>ACTIVIDAD CON COSTO Y CUPO.<br>Consultas e inscripciones:<\/strong>&nbsp;iesbolivar.depa@gmail.com&nbsp;<\/span><\/p>\n<p>&nbsp;<\/p>\n<p>&nbsp;<img decoding=\"async\" loading=\"lazy\" style=\"border-width: 2px;\" src=\"https:\/\/iesbolivar-cba.infd.edu.ar\/aula\/archivos\/repositorio\/\/7000\/7083\/4.png\" border=\"0\" width=\"716\" height=\"403\"><\/p>\n<p><span style=\"color: #808080;\">Curso \u201c<em><strong>EVALUACI\u00d3N FORMATIVA Y EL TRABAJO EN AULA: RETROALIMENTACI\u00d3N Y ACOMPA\u00d1AMIENTO DE LOS PROCESOS DE ENSE\u00d1ANZA Y APRENDIZAJE<\/strong><\/em><em><strong>\u201d Resoluci\u00f3n de Aceptaci\u00f3n Red Provincial de Formaci\u00f3n Docente Continua N\u00b0 64\/2023 (CON PUNTAJE)&nbsp;<\/strong><\/em>En este curso se abordar\u00e1 la evaluaci\u00f3n como un fen\u00f3meno educativo que condiciona el proceso de ense\u00f1anza y aprendizaje, dif\u00edcil de conceptualizar debido a su car\u00e1cter multifuncional: sirve tanto para acreditar como para diagnosticar, retroalimentar, reflexionar, regular y mejorar los aprendizajes. Se buscar\u00e1 reflexionar los supuestos impl\u00edcitos en esas pr\u00e1cticas con el fin de construir y\/o reforzar criterios pedag\u00f3gicos que favorezcan la toma de decisiones para llevar adelante pr\u00e1cticas de evaluaci\u00f3n aut\u00e9nticas, situadas y \u00fatiles para enfrentar los desaf\u00edos de la escuela de hoy.<\/span><\/p>\n<p><span style=\"color: #808080;\"><strong><u>DESTINATARIOS:<\/u><\/strong>&nbsp;Docentes de nivel primario, secundario y superior &nbsp;<\/span><br><span style=\"color: #808080;\"><strong><u>ACREDITA:<\/u><\/strong>&nbsp;30 hs. reloj&nbsp;&nbsp;&nbsp;<\/span><br><span style=\"color: #808080;\"><strong><u>MODALIDAD:<\/u><\/strong>&nbsp;SEMIPRESENCIAL&nbsp;<\/span><br><span style=\"color: #808080;\"><strong>ACTIVIDAD CON COSTO Y CUPO.<\/strong><\/span><\/p>\n<p><span style=\"color: #808080;\"><strong>Consultas e inscripciones:&nbsp;<\/strong>iesbolivar.depa@gmail.com&nbsp;<\/span><\/p>\n<p><span style=\"color: #808080;\"><img decoding=\"async\" loading=\"lazy\" style=\"border-width: 2px;\" src=\"https:\/\/iesbolivar-cba.infd.edu.ar\/aula\/archivos\/repositorio\/\/7000\/7105\/5.jpg\" border=\"0\" width=\"723\" height=\"407\"><\/span><\/p>\n<p><span style=\"color: #808080;\">CURSO:&nbsp;<strong><em>RENOVAR LA ENSE\u00d1ANZA DE LA GEOGRAF\u00cdA EN LA EDUCACI\u00d3N SECUNDARIA.<\/em><\/strong>&nbsp;&nbsp;<strong>Resoluci\u00f3n de Aceptaci\u00f3n Red Provincial de Formaci\u00f3n Docente Continua N\u00b0 58\/2023 (CON PUNTAJE).<\/strong>&nbsp;En este curso se abordar\u00e1 la ense\u00f1anza del espacio socialmente construido en el marco del espacio curricular de educaci\u00f3n secundaria Geograf\u00eda. Cualquier docente de geograf\u00eda deber\u00eda ser interpelado a partir de algunas cuestiones b\u00e1sicas: \u00bfqu\u00e9 es el mundo social y qu\u00e9 lo diferencia del natural?, \u00bfc\u00f3mo se conoce este mundo y para qu\u00e9?. Se trabajar\u00e1 bajo el formato taller poniendo foco en las propuestas did\u00e1cticas realizada por los docentes para resignificarlas.<\/span><\/p>\n<p><span style=\"color: #808080;\"><strong><u>DESTINATARIOS:&nbsp;<\/u><\/strong>Docentes de Educaci\u00f3n Secundaria &nbsp;&nbsp; &nbsp;<\/span><br><span style=\"color: #808080;\"><strong><u>ACREDITA:<\/u><\/strong>&nbsp;24hs. reloj&nbsp;&nbsp;&nbsp;<\/span><br><span style=\"color: #808080;\"><strong><u>MODALIDAD:<\/u><\/strong>&nbsp;PRESENCIAL&nbsp;<\/span><br><span style=\"color: #808080;\"><strong>ACTIVIDAD CON COSTO Y CUPO.<\/strong><\/span><\/p>\n<p><span style=\"color: #808080;\"><strong>Consultas e inscripciones<\/strong>:&nbsp;iesbolivar.depa@gmail.com&nbsp;<\/span><\/p>\n<p>&nbsp;<\/p>\n<p><img decoding=\"async\" style=\"border-width: 2px;\" src=\"https:\/\/iesbolivar-cba.infd.edu.ar\/aula\/archivos\/repositorio\/\/7000\/7106\/6.jpg\" border=\"0\" width=\"723\"><\/p>\n<p><span style=\"color: #808080;\">CURSO:&nbsp;<em><strong>USO DID\u00c1CTICO DEL PATRIMONIO<\/strong><\/em><em><strong>. &nbsp;Resoluci\u00f3n de Aceptaci\u00f3n Red Provincial de Formaci\u00f3n Docente Continua N\u00b0 63\/2023 (CON PUNTAJE).&nbsp;<\/strong><\/em><em>La utilizaci\u00f3n did\u00e1ctica el patrimonio a trav\u00e9s del desarrollo de capacidades entendidas como potencialidades de los sujetos, cuyo desarrollo les posibilita hacer frente a la realidad en condiciones m\u00e1s beneficiosas. Ellas son: la oralidad, lectura y escritura, el trabajo en colaboraci\u00f3n para aprender a relacionarse e interactuar, el pensamiento cr\u00edtico y creativo y el abordaje y la resoluci\u00f3n de situaciones problem\u00e1ticas.<\/em><\/span><\/p>\n<p><span style=\"color: #808080;\"><strong><u>DESTINATARIOS:&nbsp;<\/u><\/strong>Docentes de todos los Niveles &nbsp;&nbsp; &nbsp;<\/span><br><span style=\"color: #808080;\"><strong><u>ACREDITA:<\/u><\/strong>&nbsp;20 hs. reloj&nbsp;&nbsp;&nbsp;<\/span><br><span style=\"color: #808080;\"><strong><u>MODALIDAD:<\/u><\/strong>&nbsp;PRESENCIAL &#8211;&nbsp;<\/span><br><span style=\"color: #808080;\"><strong>ACTIVIDAD CON COSTO Y CUPO.<\/strong><\/span><\/p>\n<p><span style=\"color: #808080;\"><strong>Consultas e inscripciones<\/strong>:&nbsp;iesbolivar.depa@gmail.com&nbsp;<\/span><\/p>\n<p><span style=\"color: #808080;\">&nbsp;<\/span><\/p>\n<p>&nbsp;<\/p>\n<p>&nbsp;<\/p>\n\n<p>Estimados\/as egresados\/as:&nbsp;<\/p>\n<p>Compartimos las propuestas de formaci\u00f3n con puntaje docente organizadas por el&nbsp;<a class=\"LinkModi\" href=\"redirect.cgi?wid_cursoActual=1262&amp;goto=admin_cursos.cgi%3FwAccion%3Dmodifica_data%26wid_curso%3D1262%26wadm_grupos_filtro_estado%3DT\">Departamento de Extensi\u00f3n Pedag\u00f3gico Acad\u00e9mica &#8211; D.E.P.A&nbsp; del IES Sim\u00f3n Bol\u00edvar.<\/a><\/p>\n<p><img decoding=\"async\" loading=\"lazy\" style=\"border-width: 2px;\" src=\"https:\/\/iesbolivar-cba.infd.edu.ar\/aula\/archivos\/repositorio\/\/7250\/7294\/DEPA.jpg\" border=\"0\" width=\"653\" height=\"367\"><\/p>\n<p><strong>CURSO: <br>NUEVOS ESCENARIOS PEDAG\u00d3GICO: EL CEMENTERIO EN EL APRENDIZAJE DE LA HISTORIA<br><\/strong><br>Resoluci\u00f3n de Aceptaci\u00f3n Red Provincial de Formaci\u00f3n Docente Continua N\u00b0 97\/2023 (CON PUNTAJE). Los Cementerios pueden convertirse en lugares propicios de aprendizaje para todo tipo de edades, ofreciendo un servicio educativo formal, no formal e informal, que entienda a fortalecer los procesos de ense\u00f1anza-aprendizaje como una forma de vida \u00fatil para ampliar horizontes culturales, hist\u00f3ricos y educativos. En el marco de las nuevas concepciones de la museolog\u00eda este proyecto tiene como prop\u00f3sito difundir la potencialidad educativa que contiene el Cementerio San Jer\u00f3nimo, incorpor\u00e1ndolo como instrumento pedag\u00f3gico al desarrollo de la pr\u00e1ctica curricular y a la tarea diaria.<\/p>\n<p><strong>DESTINATARIOS:<\/strong> Destinado a docentes de Nivel Primario, Secundario y Superior. ACREDITA: 30 hs. reloj <br><strong>MODALIDAD:<\/strong> SEMIPRESENCIAL &#8211; ACTIVIDAD CON COSTO Y CUPO.<\/p>\n<p><strong>Consultas e inscripciones:<\/strong> iesbolivar.depa@gmail.com&nbsp;<\/p>\n\n<p>&nbsp;<\/p>\n<p><span style=\"color: #808080;\">Curso:&nbsp;<em><strong>LA PR\u00c1CTICA EDUCATIVA EN UN CONTEXTO H\u00cdBRIDO<\/strong><\/em><strong><em>. &nbsp;Resoluci\u00f3n de Aceptaci\u00f3n Red Provincial de Formaci\u00f3n Docente Continua N\u00b0 446\/2022 (CON PUNTAJE).&nbsp;<\/em><\/strong>Se espera que los cursantes, incorporen las principales ideas en una planificaci\u00f3n del \u00e1rea que ellos elijan y con el contenido que decidan. Entre los principales contenidos: Dise\u00f1o de propuestas educativas desde la complejidad. Modelo Educativo H\u00edbrido. Dise\u00f1o de propuestas sincr\u00f3nicas y asincr\u00f3nicas. Entender el juego para dise\u00f1ar una propuesta de Gamificaci\u00f3n.&nbsp; Apps y Redes sociales en educaci\u00f3n. Realidad Aumentada. Holograf\u00eda. Experiencia con simuladores.<\/span><\/p>\n<p><span style=\"color: #808080;\"><strong><u>DESTINATARIOS:<\/u><\/strong>&nbsp;Docentes de todos los niveles &nbsp;<\/span><br><span style=\"color: #808080;\"><strong><u>ACREDITA:<\/u><\/strong>&nbsp;40 hs. reloj&nbsp;&nbsp;&nbsp;<br><strong><u>MODALIDAD:<\/u><\/strong>&nbsp;SEMIPRESENCIAL<\/span><\/p>\n<p><span style=\"color: #808080;\"><strong>ACTIVIDAD CON COSTO Y CUPO.<br>Consultas e inscripciones:<\/strong>&nbsp;iesbolivar.depa@gmail.com<\/span><\/p>\n<p><img decoding=\"async\" loading=\"lazy\" style=\"border-width: 2px;\" src=\"https:\/\/iesbolivar-cba.infd.edu.ar\/aula\/archivos\/repositorio\/\/7000\/7070\/2.png\" border=\"0\" width=\"746\" height=\"419\"><\/p>\n<p><span style=\"color: #808080;\">Curso:&nbsp;<strong>LAS BIBLIOTECAS ESCOLARES COMO ESCENARIO ESTRAT\u00c9GICO<\/strong><strong><em>\u201d- REPLICA. &nbsp;Resoluci\u00f3n de Aceptaci\u00f3n Red Provincial de Formaci\u00f3n Docente Continua N\u00b0 181\/2022 (CON PUNTAJE).&nbsp;<\/em><\/strong>El contexto actual ofrece desaf\u00edos o situaciones controversiales que no permiten a las bibliotecas escolares cumplir con compromisos asumidos oportunamente. La tarea de sortear obst\u00e1culos propios o ajenos a la biblioteca constituye un entorno de trabajo profundizado por la incertidumbre. Desde la perspectiva organizacional de estas bibliotecas, el factor humano representa un recurso esencial dentro de ellas, donde se conjugan conocimientos y pr\u00e1cticas.<\/span><\/p>\n<p><span style=\"color: #808080;\"><strong>DESTINATARIOS<u>:<\/u><\/strong>&nbsp;Bibliotecarios y Docentes de todos los niveles &nbsp;<\/span><br><span style=\"color: #808080;\"><strong><u>ACREDITA:<\/u><\/strong>&nbsp;30 hs. reloj&nbsp;&nbsp;&nbsp;<br><strong><u>MODALIDAD:<\/u><\/strong>&nbsp;SEMIPRESENCIAL.&nbsp;<\/span><\/p>\n<p><span style=\"color: #808080;\"><strong>ACTIVIDAD CON COSTO Y CUPO.<br>Consultas e inscripciones:<\/strong>&nbsp;iesbolivar.depa@gmail.com&nbsp;<\/span><\/p>\n<p>&nbsp;<\/p>\n<p>&nbsp;<img decoding=\"async\" loading=\"lazy\" style=\"border-width: 2px;\" src=\"https:\/\/iesbolivar-cba.infd.edu.ar\/aula\/archivos\/repositorio\/\/7000\/7083\/4.png\" border=\"0\" width=\"716\" height=\"403\"><\/p>\n<p>&nbsp;Curso \u201c<em><strong>EVALUACI\u00d3N FORMATIVA Y EL TRABAJO EN AULA: RETROALIMENTACI\u00d3N Y ACOMPA\u00d1AMIENTO DE LOS PROCESOS DE ENSE\u00d1ANZA Y APRENDIZAJE<\/strong><\/em><em><strong>\u201d Resoluci\u00f3n de Aceptaci\u00f3n Red Provincial de Formaci\u00f3n Docente Continua N\u00b0 64\/2023 (CON PUNTAJE)&nbsp;<\/strong><\/em>En este curso se abordar\u00e1 la evaluaci\u00f3n como un fen\u00f3meno educativo que condiciona el proceso de ense\u00f1anza y aprendizaje, dif\u00edcil de conceptualizar debido a su car\u00e1cter multifuncional: sirve tanto para acreditar como para diagnosticar, retroalimentar, reflexionar, regular y mejorar los aprendizajes. Se buscar\u00e1 reflexionar los supuestos impl\u00edcitos en esas pr\u00e1cticas con el fin de construir y\/o reforzar criterios pedag\u00f3gicos que favorezcan la toma de decisiones para llevar adelante pr\u00e1cticas de evaluaci\u00f3n aut\u00e9nticas, situadas y \u00fatiles para enfrentar los desaf\u00edos de la escuela de hoy.<\/p>\n<p><strong><u>DESTINATARIOS:<\/u><\/strong>&nbsp;Docentes de nivel primario, secundario y superior &nbsp;<br><strong><u>ACREDITA:<\/u><\/strong>&nbsp;30 hs. reloj&nbsp;&nbsp;&nbsp;<br><strong><u>MODALIDAD:<\/u><\/strong>&nbsp;SEMIPRESENCIAL&nbsp;<br><strong>ACTIVIDAD CON COSTO Y CUPO.<\/strong><\/p>\n<p><strong>Consultas e inscripciones:&nbsp;<\/strong>iesbolivar.depa@gmail.com&nbsp;<\/p>\n<p>&nbsp;<\/p>\n<p>&nbsp;<\/p>\n<p><img decoding=\"async\" loading=\"lazy\" style=\"border-width: 2px;\" src=\"https:\/\/iesbolivar-cba.infd.edu.ar\/aula\/archivos\/repositorio\/\/7250\/7294\/DEPA.jpg\" border=\"0\" width=\"653\" height=\"367\"><\/p>\n<p><strong>CURSO: <br>NUEVOS ESCENARIOS PEDAG\u00d3GICO: EL CEMENTERIO EN EL APRENDIZAJE DE LA HISTORIA<br><\/strong><br>Resoluci\u00f3n de Aceptaci\u00f3n Red Provincial de Formaci\u00f3n Docente Continua N\u00b0 97\/2023 (CON PUNTAJE). Los Cementerios pueden convertirse en lugares propicios de aprendizaje para todo tipo de edades, ofreciendo un servicio educativo formal, no formal e informal, que entienda a fortalecer los procesos de ense\u00f1anza-aprendizaje como una forma de vida \u00fatil para ampliar horizontes culturales, hist\u00f3ricos y educativos. En el marco de las nuevas concepciones de la museolog\u00eda este proyecto tiene como prop\u00f3sito difundir la potencialidad educativa que contiene el Cementerio San Jer\u00f3nimo, incorpor\u00e1ndolo como instrumento pedag\u00f3gico al desarrollo de la pr\u00e1ctica curricular y a la tarea diaria.<\/p>\n<p><strong>DESTINATARIOS:<\/strong> Destinado a docentes de Nivel Primario, Secundario y Superior. ACREDITA: 30 hs. reloj <br><strong>MODALIDAD:<\/strong> SEMIPRESENCIAL &#8211; ACTIVIDAD CON COSTO Y CUPO.<\/p>\n<p><strong>Consultas e inscripciones:<\/strong> iesbolivar.depa@gmail.com&nbsp;<\/p>\n<p>&nbsp;<\/p>\n","protected":false},"excerpt":{"rendered":"<p>&nbsp; &nbsp; &nbsp; &nbsp; &nbsp; &nbsp; &nbsp; &nbsp; &nbsp; &nbsp; &nbsp; &nbsp; &nbsp; &nbsp; &nbsp; &nbsp; &nbsp; &nbsp; &nbsp; &nbsp; &nbsp; &nbsp; &nbsp; &nbsp; &nbsp; &nbsp; &nbsp; &nbsp; &nbsp; &nbsp; &nbsp; &nbsp; &nbsp; &nbsp; &nbsp; &nbsp; &nbsp; &nbsp; &nbsp; &nbsp; &nbsp; &nbsp;PROPUESTAS &nbsp; &nbsp; &nbsp; &nbsp; Curso:EVALUACI&Oacute;N FORMATIVA Y EL TRABAJO EN AULA: RETROALIMENTACI&Oacute;N Y &#8230; <a title=\"Cursos con puntaje docente organizados por Departamento de Extensi\u00f3n Pedag\u00f3gico Acad\u00e9mica del IES Sim\u00f3n Bol\u00edvar\" class=\"read-more\" href=\"https:\/\/iesbolivar-cba.infd.edu.ar\/sitio\/3333-2\/\" aria-label=\"More on Cursos con puntaje docente organizados por Departamento de Extensi\u00f3n Pedag\u00f3gico Acad\u00e9mica del IES Sim\u00f3n Bol\u00edvar\">[+]<\/a><\/p>\n","protected":false},"author":3377,"featured_media":0,"comment_status":"open","ping_status":"open","sticky":false,"template":"","format":"standard","meta":[],"categories":[6],"tags":[],"acf":[],"_links":{"self":[{"href":"https:\/\/iesbolivar-cba.infd.edu.ar\/sitio\/wp-json\/wp\/v2\/posts\/3333"}],"collection":[{"href":"https:\/\/iesbolivar-cba.infd.edu.ar\/sitio\/wp-json\/wp\/v2\/posts"}],"about":[{"href":"https:\/\/iesbolivar-cba.infd.edu.ar\/sitio\/wp-json\/wp\/v2\/types\/post"}],"author":[{"embeddable":true,"href":"https:\/\/iesbolivar-cba.infd.edu.ar\/sitio\/wp-json\/wp\/v2\/users\/3377"}],"replies":[{"embeddable":true,"href":"https:\/\/iesbolivar-cba.infd.edu.ar\/sitio\/wp-json\/wp\/v2\/comments?post=3333"}],"version-history":[{"count":12,"href":"https:\/\/iesbolivar-cba.infd.edu.ar\/sitio\/wp-json\/wp\/v2\/posts\/3333\/revisions"}],"predecessor-version":[{"id":3429,"href":"https:\/\/iesbolivar-cba.infd.edu.ar\/sitio\/wp-json\/wp\/v2\/posts\/3333\/revisions\/3429"}],"wp:attachment":[{"href":"https:\/\/iesbolivar-cba.infd.edu.ar\/sitio\/wp-json\/wp\/v2\/media?parent=3333"}],"wp:term":[{"taxonomy":"category","embeddable":true,"href":"https:\/\/iesbolivar-cba.infd.edu.ar\/sitio\/wp-json\/wp\/v2\/categories?post=3333"},{"taxonomy":"post_tag","embeddable":true,"href":"https:\/\/iesbolivar-cba.infd.edu.ar\/sitio\/wp-json\/wp\/v2\/tags?post=3333"}],"curies":[{"name":"wp","href":"https:\/\/api.w.org\/{rel}","templated":true}]}}