{"id":3144,"date":"2022-09-27T18:36:04","date_gmt":"2022-09-27T21:36:04","guid":{"rendered":"https:\/\/iesbolivar-cba.infd.edu.ar\/sitio\/?p=3144"},"modified":"2022-09-27T18:36:05","modified_gmt":"2022-09-27T21:36:05","slug":"novedad-institucional-se-presento-el-manual-institucional-sobre-generos-academicos-didacticos","status":"publish","type":"post","link":"https:\/\/iesbolivar-cba.infd.edu.ar\/sitio\/novedad-institucional-se-presento-el-manual-institucional-sobre-generos-academicos-didacticos\/","title":{"rendered":"Novedad institucional | Se present\u00f3 el Manual Institucional sobre G\u00e9neros Acad\u00e9micos Did\u00e1cticos"},"content":{"rendered":"\n<p>El viernes 9 de septiembre se present\u00f3 en la sala de profesores \u201cProf. M\u00f3nica Francetic\u201d el Manual Institucional sobre&nbsp;<em>G\u00e9neros Acad\u00e9micos Did\u00e1cticos<\/em>. La publicaci\u00f3n naci\u00f3 antes de la pandemia como una necesidad institucional de trabajar en torno a la alfabetizaci\u00f3n acad\u00e9mica y ayudar a fortalecer la alfabetizaci\u00f3n b\u00e1sica.<br><br>El manual recopila trabajos producidos por los propios docentes del Instituto sobre los g\u00e9neros acad\u00e9micos m\u00e1s frecuentes solicitados en los espacios curriculares y pretende aunar y proporcionar un marco conceptual y metodol\u00f3gico com\u00fan para orientar su producci\u00f3n y elaboraci\u00f3n. Entre otros, incluye la descripci\u00f3n y definici\u00f3n del informe de lectura, el ensayo, el informe de pr\u00e1ctica docente, la autobiograf\u00eda escolar, etc.<\/p>\n\n\n\n<p>Se espera que la publicaci\u00f3n no solo contribuya a que el estudiantado incorpore y asuma la escritura como parte de su oficio de estudiante sino tambi\u00e9n que ayude a las y los docentes a la hora de decidir y dise\u00f1ar actividades de ense\u00f1anza y de evaluaci\u00f3n.<\/p>\n\n\n\n<p>Invitamos a la comunidad educativa a visualizar y descargar el Manual&nbsp;<a rel=\"noreferrer noopener\" href=\"https:\/\/drive.google.com\/file\/d\/1wXIFziMitH_epC6oN-GW890Ox6xVi9Jv\/view?usp=sharing\" target=\"_blank\">aqu\u00ed<\/a>.<\/p>\n\n\n\n<figure class=\"wp-block-image\"><img decoding=\"async\" src=\"https:\/\/ci6.googleusercontent.com\/proxy\/jnkkwMdiJ90rkzhTSWBWKECSyFvd7ALK5Qda7sPvILrw2ithKRuAag6eQQhpNiNKwYth8KgFZ5kvyIU72TCkdgjGR_cuAgvxB5qCgW2ADahuOdUlte_7Es0TE3_kIpSl2vkKQ90QsMhJgw=s0-d-e1-ft#https:\/\/iesbolivar-cba.infd.edu.ar\/aula\/archivos\/repositorio\/\/6500\/6585\/Publicacion.png\" alt=\"\"\/><\/figure>\n","protected":false},"excerpt":{"rendered":"<p>El viernes 9 de septiembre se present\u00f3 en la sala de profesores \u201cProf. M\u00f3nica Francetic\u201d el Manual Institucional sobre&nbsp;G\u00e9neros Acad\u00e9micos Did\u00e1cticos. La publicaci\u00f3n naci\u00f3 antes de la pandemia como una necesidad institucional de trabajar en torno a la alfabetizaci\u00f3n acad\u00e9mica y ayudar a fortalecer la alfabetizaci\u00f3n b\u00e1sica. El manual recopila trabajos producidos por los propios &#8230; <a title=\"Novedad institucional | Se present\u00f3 el Manual Institucional sobre G\u00e9neros Acad\u00e9micos Did\u00e1cticos\" class=\"read-more\" href=\"https:\/\/iesbolivar-cba.infd.edu.ar\/sitio\/novedad-institucional-se-presento-el-manual-institucional-sobre-generos-academicos-didacticos\/\" aria-label=\"More on Novedad institucional | Se present\u00f3 el Manual Institucional sobre G\u00e9neros Acad\u00e9micos Did\u00e1cticos\">[+]<\/a><\/p>\n","protected":false},"author":3377,"featured_media":0,"comment_status":"open","ping_status":"open","sticky":false,"template":"","format":"standard","meta":[],"categories":[6],"tags":[],"acf":[],"_links":{"self":[{"href":"https:\/\/iesbolivar-cba.infd.edu.ar\/sitio\/wp-json\/wp\/v2\/posts\/3144"}],"collection":[{"href":"https:\/\/iesbolivar-cba.infd.edu.ar\/sitio\/wp-json\/wp\/v2\/posts"}],"about":[{"href":"https:\/\/iesbolivar-cba.infd.edu.ar\/sitio\/wp-json\/wp\/v2\/types\/post"}],"author":[{"embeddable":true,"href":"https:\/\/iesbolivar-cba.infd.edu.ar\/sitio\/wp-json\/wp\/v2\/users\/3377"}],"replies":[{"embeddable":true,"href":"https:\/\/iesbolivar-cba.infd.edu.ar\/sitio\/wp-json\/wp\/v2\/comments?post=3144"}],"version-history":[{"count":1,"href":"https:\/\/iesbolivar-cba.infd.edu.ar\/sitio\/wp-json\/wp\/v2\/posts\/3144\/revisions"}],"predecessor-version":[{"id":3145,"href":"https:\/\/iesbolivar-cba.infd.edu.ar\/sitio\/wp-json\/wp\/v2\/posts\/3144\/revisions\/3145"}],"wp:attachment":[{"href":"https:\/\/iesbolivar-cba.infd.edu.ar\/sitio\/wp-json\/wp\/v2\/media?parent=3144"}],"wp:term":[{"taxonomy":"category","embeddable":true,"href":"https:\/\/iesbolivar-cba.infd.edu.ar\/sitio\/wp-json\/wp\/v2\/categories?post=3144"},{"taxonomy":"post_tag","embeddable":true,"href":"https:\/\/iesbolivar-cba.infd.edu.ar\/sitio\/wp-json\/wp\/v2\/tags?post=3144"}],"curies":[{"name":"wp","href":"https:\/\/api.w.org\/{rel}","templated":true}]}}