{"id":3043,"date":"2022-08-17T20:06:41","date_gmt":"2022-08-17T23:06:41","guid":{"rendered":"https:\/\/iesbolivar-cba.infd.edu.ar\/sitio\/?p=3043"},"modified":"2022-08-17T20:06:42","modified_gmt":"2022-08-17T23:06:42","slug":"estudiantes-de-biologia-visitan-el-jardin-botanico","status":"publish","type":"post","link":"https:\/\/iesbolivar-cba.infd.edu.ar\/sitio\/estudiantes-de-biologia-visitan-el-jardin-botanico\/","title":{"rendered":"Estudiantes de Biolog\u00eda visitan el Jard\u00edn Bot\u00e1nico"},"content":{"rendered":"\n<p><em>Docentes y estudiantes comparten actividades y proyectos<\/em><\/p>\n\n\n\n<p>El pasado viernes 12 agosto estudiantes de tercer y cuarto a\u00f1o del Profesorado de Biolog\u00eda hicieron una visita educativa al&nbsp;<em>Jard\u00edn Bot\u00e1nico de la Ciudad de C\u00f3rdoba <\/em>acompa\u00f1ados&nbsp;de las profesoras Ang\u00e9lica Chebel y Claudia Pe\u00f1aloza.&nbsp;Durante la visita se realizaron distintos paseos por el Jard\u00edn Bot\u00e1nico, observando las adaptaciones de flores, plantas arbustivas y acu\u00e1ticas a su medio y reconociendo distintas plantas.<\/p>\n\n\n\n<figure class=\"wp-block-image\"><img decoding=\"async\" src=\"https:\/\/iesbolivar-cba.infd.edu.ar\/aula\/archivos\/repositorio\/\/6250\/6321\/WhatsApp_Image_2022-08-16_at_9.12.27_PM.jpeg\" alt=\"\"\/><\/figure>\n\n\n\n<figure class=\"wp-block-image\"><img decoding=\"async\" src=\"https:\/\/iesbolivar-cba.infd.edu.ar\/aula\/archivos\/repositorio\/\/6250\/6320\/WhatsApp_Image_2022-08-16_at_9.13.03_PM_1.jpeg\" alt=\"\"\/><\/figure>\n","protected":false},"excerpt":{"rendered":"<p>Docentes y estudiantes comparten actividades y proyectos El pasado viernes 12 agosto estudiantes de tercer y cuarto a\u00f1o del Profesorado de Biolog\u00eda hicieron una visita educativa al&nbsp;Jard\u00edn Bot\u00e1nico de la Ciudad de C\u00f3rdoba acompa\u00f1ados&nbsp;de las profesoras Ang\u00e9lica Chebel y Claudia Pe\u00f1aloza.&nbsp;Durante la visita se realizaron distintos paseos por el Jard\u00edn Bot\u00e1nico, observando las adaptaciones de &#8230; <a title=\"Estudiantes de Biolog\u00eda visitan el Jard\u00edn Bot\u00e1nico\" class=\"read-more\" href=\"https:\/\/iesbolivar-cba.infd.edu.ar\/sitio\/estudiantes-de-biologia-visitan-el-jardin-botanico\/\" aria-label=\"More on Estudiantes de Biolog\u00eda visitan el Jard\u00edn Bot\u00e1nico\">[+]<\/a><\/p>\n","protected":false},"author":3377,"featured_media":0,"comment_status":"open","ping_status":"open","sticky":false,"template":"","format":"standard","meta":[],"categories":[6],"tags":[],"acf":[],"_links":{"self":[{"href":"https:\/\/iesbolivar-cba.infd.edu.ar\/sitio\/wp-json\/wp\/v2\/posts\/3043"}],"collection":[{"href":"https:\/\/iesbolivar-cba.infd.edu.ar\/sitio\/wp-json\/wp\/v2\/posts"}],"about":[{"href":"https:\/\/iesbolivar-cba.infd.edu.ar\/sitio\/wp-json\/wp\/v2\/types\/post"}],"author":[{"embeddable":true,"href":"https:\/\/iesbolivar-cba.infd.edu.ar\/sitio\/wp-json\/wp\/v2\/users\/3377"}],"replies":[{"embeddable":true,"href":"https:\/\/iesbolivar-cba.infd.edu.ar\/sitio\/wp-json\/wp\/v2\/comments?post=3043"}],"version-history":[{"count":1,"href":"https:\/\/iesbolivar-cba.infd.edu.ar\/sitio\/wp-json\/wp\/v2\/posts\/3043\/revisions"}],"predecessor-version":[{"id":3044,"href":"https:\/\/iesbolivar-cba.infd.edu.ar\/sitio\/wp-json\/wp\/v2\/posts\/3043\/revisions\/3044"}],"wp:attachment":[{"href":"https:\/\/iesbolivar-cba.infd.edu.ar\/sitio\/wp-json\/wp\/v2\/media?parent=3043"}],"wp:term":[{"taxonomy":"category","embeddable":true,"href":"https:\/\/iesbolivar-cba.infd.edu.ar\/sitio\/wp-json\/wp\/v2\/categories?post=3043"},{"taxonomy":"post_tag","embeddable":true,"href":"https:\/\/iesbolivar-cba.infd.edu.ar\/sitio\/wp-json\/wp\/v2\/tags?post=3043"}],"curies":[{"name":"wp","href":"https:\/\/api.w.org\/{rel}","templated":true}]}}