{"id":2972,"date":"2022-03-28T10:54:59","date_gmt":"2022-03-28T13:54:59","guid":{"rendered":"https:\/\/iesbolivar-cba.infd.edu.ar\/sitio\/?p=2972"},"modified":"2025-02-22T21:17:38","modified_gmt":"2025-02-23T00:17:38","slug":"departamento-de-extension-pedagogico-academica","status":"publish","type":"post","link":"https:\/\/iesbolivar-cba.infd.edu.ar\/sitio\/departamento-de-extension-pedagogico-academica\/","title":{"rendered":"Departamento de Extensi\u00f3n Pedag\u00f3gico Acad\u00e9mica"},"content":{"rendered":"\n<p class=\"has-text-align-center\"><img decoding=\"async\" loading=\"lazy\" width=\"500\" height=\"500\" class=\"wp-image-4301\" style=\"width: 300px;\" src=\"https:\/\/iesbolivar-cba.infd.edu.ar\/sitio\/wp-content\/uploads\/2025\/02\/LOGO-DEPA-IES-BOLIVAR.png\" alt=\"\"><\/p>\n\n\n\n<p class=\"has-text-align-center has-accent-color has-text-color has-large-font-size\"><strong>Tu espacio para la formaci\u00f3n permanente<\/strong>       <\/p>\n\n\n\n<p style=\"font-size:17px\">El <strong>Departamento de Extensi\u00f3n Pedag\u00f3gico Acad\u00e9mico (DEPA)<\/strong> del Instituto de Ense\u00f1anza Superior Sim\u00f3n Bol\u00edvar se compromete con la formaci\u00f3n continua de los docentes. Creemos en la formaci\u00f3n docente como un proceso permanente, donde la actualizaci\u00f3n y la reflexi\u00f3n son clave para una educaci\u00f3n de calidad, en un entorno educativo din\u00e1mico, ofrecemos capacitaci\u00f3n que responde a las necesidades del sistema y la sociedad.<\/p>\n\n\n\n<p class=\"has-text-align-center\"><strong><mark style=\"background-color:rgba(0, 0, 0, 0);color:#ae4ebc\" class=\"has-inline-color\">NUESTRA MISI\u00d3N: <em>acompa\u00f1ar a docentes y egresados en su desarrollo profesional, brindando herramientas y estrategias innovadoras para una ense\u00f1anza significativa.<\/em><\/mark><\/strong><\/p>\n\n\n\n<p><strong><mark style=\"background-color:rgba(0, 0, 0, 0);color:#2d1be6\" class=\"has-inline-color\">La Escuela Posible se construye con el compromiso de todos.<\/mark><\/strong><\/p>\n\n\n\n<p>Desde el DEPA, impulsamos una formaci\u00f3n que fortalezca la labor docente y contribuya a la mejora continua de la educaci\u00f3n. <strong>Queremos que nuestros egresados y docentes cuenten con las mejores herramientas para construir la \u00abEscuela Posible\u00bb en sus propios contextos<\/strong>.<\/p>\n\n\n\n<p><strong><mark style=\"background-color:rgba(0, 0, 0, 0);color:#211ce9\" class=\"has-inline-color\">\u00bfQu\u00e9 es el DEPA?<\/mark><\/strong><\/p>\n\n\n\n<p class=\"has-text-align-left\">El Departamento de Extensi\u00f3n Pedag\u00f3gico Acad\u00e9mica (DEPA) es el espacio donde convergen ideas y acciones para enriquecer la formaci\u00f3n docente, tanto inicial como continua.<\/p>\n\n\n\n<p><strong><mark style=\"background-color:rgba(0, 0, 0, 0);color:#2c10ed\" class=\"has-inline-color\">\u00bfQui\u00e9nes formamos parte del DEPA?<\/mark><\/strong><\/p>\n\n\n\n<p>Directivos, docentes, bibliotecario, adscriptos, egresados y jubilados del IES Sim\u00f3n Bol\u00edvar trabajamos juntos para crear propuestas formativas de calidad para estudiantes, egresados y docentes de todo el sistema educativo provincial.<\/p>\n\n\n\n<p><strong><mark style=\"background-color:rgba(0, 0, 0, 0);color:#3827e5\" class=\"has-inline-color\">\u00bfPor qu\u00e9 un DEPA en el IES Sim\u00f3n Bol\u00edvar?<\/mark><\/strong><\/p>\n\n\n\n<p>Creemos en el poder de construir juntos una agenda educativa que responda a las necesidades de nuestra comunidad. <strong>La extensi\u00f3n, la docencia y la investigaci\u00f3n se entrelazan para generar nuevos conocimientos y ofrecer soluciones a los desaf\u00edos que enfrentan los docentes en su pr\u00e1ctica diaria.<\/strong><\/p>\n\n\n\n<p><strong><mark style=\"background-color:rgba(0, 0, 0, 0);color:#0003ff\" class=\"has-inline-color\">\u00bfQu\u00e9 hacemos en el DEPA?<\/mark><\/strong><\/p>\n\n\n\n<p><strong>Acompa\u00f1amos a los docentes egresados del IES con propuestas de formaci\u00f3n permanente<\/strong> que fortalecen su desempe\u00f1o en las aulas. Queremos seguir siendo un referente en la formaci\u00f3n de docentes comprometidos con la educaci\u00f3n de calidad.<\/p>\n\n\n\n<p><strong><mark style=\"background-color:rgba(0, 0, 0, 0);color:#1b1eec\" class=\"has-inline-color\">Nuestros logros<\/mark><\/strong><\/p>\n\n\n\n<p>Desde 2022, hemos desarrollado m\u00e1s de 18 propuestas de capacitaci\u00f3n, 14 jornadas y talleres declarados de inter\u00e9s educativo, y hemos sido parte de eventos importantes como el <strong><em>I Congreso Provincial de Institutos de Formaci\u00f3n Docente<\/em><\/strong>. <strong>\u00a1M\u00e1s de 867 docentes y estudiantes se han beneficiado con nuestras acciones!<\/strong><\/p>\n\n\n\n<p><strong><mark style=\"background-color:rgba(0, 0, 0, 0);color:#2252e4\" class=\"has-inline-color\">\u00a1Lo que viene!<\/mark><\/strong><\/p>\n\n\n\n<p><strong><em>En 2025, te invitamos a participar en los cursos que ya est\u00e1n aprobados por la Subdirecci\u00f3n de Formaci\u00f3n Permanente y sumarte a las propuestas que estamos preparando para este ciclo lectivo<\/em><\/strong><\/p>\n\n\n\n<p><\/p>\n\n\n\n<iframe loading=\"lazy\" src=\"https:\/\/docs.google.com\/presentation\/d\/e\/2PACX-1vQ_tGuztB0e6Rl6a0uHO2SOn8pRK674zDCRwl3vvphSzlnIIUhV1_yqDdovRr0gWm7qPuquY_O7wkP-\/embed?start=false&amp;loop=false&amp;delayms=3000\" frameborder=\"0\" width=\"640\" height=\"389\" allowfullscreen=\"true\" mozallowfullscreen=\"true\" webkitallowfullscreen=\"true\"><\/iframe>\n\n\n\n<div class=\"wp-block-buttons is-layout-flex\"><\/div>\n","protected":false},"excerpt":{"rendered":"<p>Tu espacio para la formaci\u00f3n permanente El Departamento de Extensi\u00f3n Pedag\u00f3gico Acad\u00e9mico (DEPA) del Instituto de Ense\u00f1anza Superior Sim\u00f3n Bol\u00edvar se compromete con la formaci\u00f3n continua de los docentes. Creemos en la formaci\u00f3n docente como un proceso permanente, donde la actualizaci\u00f3n y la reflexi\u00f3n son clave para una educaci\u00f3n de calidad, en un entorno educativo &#8230; <a title=\"Departamento de Extensi\u00f3n Pedag\u00f3gico Acad\u00e9mica\" class=\"read-more\" href=\"https:\/\/iesbolivar-cba.infd.edu.ar\/sitio\/departamento-de-extension-pedagogico-academica\/\" aria-label=\"More on Departamento de Extensi\u00f3n Pedag\u00f3gico Acad\u00e9mica\">[+]<\/a><\/p>\n","protected":false},"author":3377,"featured_media":0,"comment_status":"closed","ping_status":"closed","sticky":false,"template":"","format":"standard","meta":[],"categories":[7],"tags":[],"acf":[],"_links":{"self":[{"href":"https:\/\/iesbolivar-cba.infd.edu.ar\/sitio\/wp-json\/wp\/v2\/posts\/2972"}],"collection":[{"href":"https:\/\/iesbolivar-cba.infd.edu.ar\/sitio\/wp-json\/wp\/v2\/posts"}],"about":[{"href":"https:\/\/iesbolivar-cba.infd.edu.ar\/sitio\/wp-json\/wp\/v2\/types\/post"}],"author":[{"embeddable":true,"href":"https:\/\/iesbolivar-cba.infd.edu.ar\/sitio\/wp-json\/wp\/v2\/users\/3377"}],"replies":[{"embeddable":true,"href":"https:\/\/iesbolivar-cba.infd.edu.ar\/sitio\/wp-json\/wp\/v2\/comments?post=2972"}],"version-history":[{"count":4,"href":"https:\/\/iesbolivar-cba.infd.edu.ar\/sitio\/wp-json\/wp\/v2\/posts\/2972\/revisions"}],"predecessor-version":[{"id":4317,"href":"https:\/\/iesbolivar-cba.infd.edu.ar\/sitio\/wp-json\/wp\/v2\/posts\/2972\/revisions\/4317"}],"wp:attachment":[{"href":"https:\/\/iesbolivar-cba.infd.edu.ar\/sitio\/wp-json\/wp\/v2\/media?parent=2972"}],"wp:term":[{"taxonomy":"category","embeddable":true,"href":"https:\/\/iesbolivar-cba.infd.edu.ar\/sitio\/wp-json\/wp\/v2\/categories?post=2972"},{"taxonomy":"post_tag","embeddable":true,"href":"https:\/\/iesbolivar-cba.infd.edu.ar\/sitio\/wp-json\/wp\/v2\/tags?post=2972"}],"curies":[{"name":"wp","href":"https:\/\/api.w.org\/{rel}","templated":true}]}}