{"id":2942,"date":"2022-03-07T16:21:33","date_gmt":"2022-03-07T19:21:33","guid":{"rendered":"https:\/\/iesbolivar-cba.infd.edu.ar\/sitio\/?p=2942"},"modified":"2022-03-07T16:36:34","modified_gmt":"2022-03-07T19:36:34","slug":"inicia-el-ciclo-de-ingreso-2022","status":"publish","type":"post","link":"https:\/\/iesbolivar-cba.infd.edu.ar\/sitio\/inicia-el-ciclo-de-ingreso-2022\/","title":{"rendered":"Inicia el Ciclo de Ingreso 2022"},"content":{"rendered":"\n<figure class=\"wp-block-image size-large\"><img decoding=\"async\" loading=\"lazy\" width=\"903\" height=\"470\" src=\"https:\/\/iesbolivar-cba.infd.edu.ar\/sitio\/wp-content\/uploads\/2022\/03\/ingre-3.png\" alt=\"\" class=\"wp-image-2953\" srcset=\"https:\/\/iesbolivar-cba.infd.edu.ar\/sitio\/wp-content\/uploads\/2022\/03\/ingre-3.png 903w, https:\/\/iesbolivar-cba.infd.edu.ar\/sitio\/wp-content\/uploads\/2022\/03\/ingre-3-768x400.png 768w\" sizes=\"(max-width: 903px) 100vw, 903px\" \/><\/figure>\n\n\n\n<p>Hoy <strong>lunes 7 de marzo y hasta al viernes 25 de marzo<\/strong> se desarrollar\u00e1 uno de los seminarios que integran el Ciclo de Ingreso 2022: el Seminario \u201cEl oficio de ense\u00f1ar\u201d (SOE). La propuesta dura tres (3) semanas y se dictar\u00e1 en <strong>modalidad combinada<\/strong>. <\/p>\n\n\n\n<p>La <strong>cursada virtual<\/strong> tendr\u00e1 lugar en las aulas virtuales del campus del IES Sim\u00f3n Bol\u00edvar, mientras que <strong>los tres (3) encuentros presenciales<\/strong> se realizar\u00e1n en nuestro Instituto en las siguientes fechas y horarios de acuerdo al profesorado en que el\/la ingresante se inscribi\u00f3:<\/p>\n\n\n<p><iframe loading=\"lazy\" src=\"https:\/\/docs.google.com\/presentation\/d\/e\/2PACX-1vSh9bCg5ztEPMkBBCenS7SFlIZPCNiwyDTT1xyReSuZ-JfK8GU0J3zmfY6Af7ljAw4MGPbyB-iiU9tX\/embed?start=false&amp;loop=false&amp;delayms=3000\" width=\"960\" height=\"569\" frameborder=\"0\" allowfullscreen=\"allowfullscreen\"><\/iframe><\/p>\n\n\n<p>Acceder: <a href=\"https:\/\/docs.google.com\/presentation\/d\/1d47r4QdceR6BKjba2QkHv0sKYLkqUXBoEaZUyqmIaHo\/edit?usp=sharing\" target=\"_blank\" rel=\"noreferrer noopener\">https:\/\/docs.google.com\/presentation\/d\/1d47r4QdceR6BKjba2QkHv0sKYLkqUXBoEaZUyqmIaHo\/edit?usp=sharing<\/a><\/p>\n\n\n\n<p>En este Seminario se presentar\u00e1n los debates centrales, los principales desaf\u00edos, problemas, l\u00edmites y posibilidades que actualmente cobran relevancia e interpelan a los futuros docentes m\u00e1s all\u00e1 de niveles, modalidades o latitudes de desempe\u00f1o profesional. El principal objeto es vincular a los y las ingresantes con el conocimiento, entendiendo adem\u00e1s a la alfabetizaci\u00f3n acad\u00e9mica y a la alfabetizaci\u00f3n digital como contenidos transversales que atraviesan a toda la propuesta formativa.<\/p>\n\n\n\n<p>Se piensa el \u201coficio\u201d como el dominio y la apropiaci\u00f3n de ciertos saberes, para que ense\u00f1ar a otros sea posible, saberes que se configuran en la textura entre el pensar, el sentir y el hacer. Ese oficio se ense\u00f1a y para aprenderlo requiere formaci\u00f3n, compromiso y un trabajo con otros, superando as\u00ed \u201cesa visi\u00f3n instrumental y mec\u00e1nica con la que suelen caracterizarse ciertos oficios\u201d (Alliaud, 2017).<\/p>\n\n\n\n<p>\u00a1Nuevamente bienvenidas\/os y buen comienzo del cursado!<\/p>\n","protected":false},"excerpt":{"rendered":"<p>Hoy lunes 7 de marzo y hasta al viernes 25 de marzo se desarrollar\u00e1 uno de los seminarios que integran el Ciclo de Ingreso 2022: el Seminario \u201cEl oficio de ense\u00f1ar\u201d (SOE). La propuesta dura tres (3) semanas y se dictar\u00e1 en modalidad combinada. La cursada virtual tendr\u00e1 lugar en las aulas virtuales del campus &#8230; <a title=\"Inicia el Ciclo de Ingreso 2022\" class=\"read-more\" href=\"https:\/\/iesbolivar-cba.infd.edu.ar\/sitio\/inicia-el-ciclo-de-ingreso-2022\/\" aria-label=\"More on Inicia el Ciclo de Ingreso 2022\">[+]<\/a><\/p>\n","protected":false},"author":3377,"featured_media":0,"comment_status":"open","ping_status":"open","sticky":false,"template":"","format":"standard","meta":[],"categories":[1],"tags":[],"acf":[],"_links":{"self":[{"href":"https:\/\/iesbolivar-cba.infd.edu.ar\/sitio\/wp-json\/wp\/v2\/posts\/2942"}],"collection":[{"href":"https:\/\/iesbolivar-cba.infd.edu.ar\/sitio\/wp-json\/wp\/v2\/posts"}],"about":[{"href":"https:\/\/iesbolivar-cba.infd.edu.ar\/sitio\/wp-json\/wp\/v2\/types\/post"}],"author":[{"embeddable":true,"href":"https:\/\/iesbolivar-cba.infd.edu.ar\/sitio\/wp-json\/wp\/v2\/users\/3377"}],"replies":[{"embeddable":true,"href":"https:\/\/iesbolivar-cba.infd.edu.ar\/sitio\/wp-json\/wp\/v2\/comments?post=2942"}],"version-history":[{"count":7,"href":"https:\/\/iesbolivar-cba.infd.edu.ar\/sitio\/wp-json\/wp\/v2\/posts\/2942\/revisions"}],"predecessor-version":[{"id":2957,"href":"https:\/\/iesbolivar-cba.infd.edu.ar\/sitio\/wp-json\/wp\/v2\/posts\/2942\/revisions\/2957"}],"wp:attachment":[{"href":"https:\/\/iesbolivar-cba.infd.edu.ar\/sitio\/wp-json\/wp\/v2\/media?parent=2942"}],"wp:term":[{"taxonomy":"category","embeddable":true,"href":"https:\/\/iesbolivar-cba.infd.edu.ar\/sitio\/wp-json\/wp\/v2\/categories?post=2942"},{"taxonomy":"post_tag","embeddable":true,"href":"https:\/\/iesbolivar-cba.infd.edu.ar\/sitio\/wp-json\/wp\/v2\/tags?post=2942"}],"curies":[{"name":"wp","href":"https:\/\/api.w.org\/{rel}","templated":true}]}}