{"id":2847,"date":"2021-10-06T14:52:20","date_gmt":"2021-10-06T17:52:20","guid":{"rendered":"https:\/\/iesbolivar-cba.infd.edu.ar\/sitio\/?p=2847"},"modified":"2021-10-06T14:52:22","modified_gmt":"2021-10-06T17:52:22","slug":"invitacion-del-profesorado-de-lengua-y-literatura","status":"publish","type":"post","link":"https:\/\/iesbolivar-cba.infd.edu.ar\/sitio\/invitacion-del-profesorado-de-lengua-y-literatura\/","title":{"rendered":"Invitaci\u00f3n del  Profesorado de Lengua y Literatura"},"content":{"rendered":"<p><span style=\"color: #808080;\">Los espacios curriculares <em>Pr\u00e1ctica III, Did\u00e1ctica de la Literatura, Estudios del Discurso y Did\u00e1ctica de la Lengua<\/em> del Profesorado de Lengua y Literatura del IES Sim\u00f3n Bol\u00edvar invitan al Taller \u201cLa narraci\u00f3n oral como recurso did\u00e1ctico\u201d, a cargo de la Narradora oral y Profesora Irma Varela.<\/span><\/p>\n<p><span style=\"color: #808080;\">El evento se desarrollar\u00e1 por Meet. Los interesados deber\u00e1n inscribirse <a title=\"https:\/\/docs.google.com\/forms\/d\/e\/1FAIpQLSdUQxvnkZOsq9y429A1aCHHoKbzB2M-x-D2kHWeqZutHZcEig\/viewform\" href=\"https:\/\/docs.google.com\/forms\/d\/e\/1FAIpQLSdUQxvnkZOsq9y429A1aCHHoKbzB2M-x-D2kHWeqZutHZcEig\/viewform\" target=\"_blank\" rel=\"noopener\">aqu\u00ed<\/a> para recibir el enlace y participar del encuentro virtual.<\/span><\/p>\n<p><span style=\"color: #808080;\"><strong>Fecha y hora del evento:<\/strong> jueves 14 de octubre a las 10:30 horas.<\/span><br \/>\n<span style=\"color: #808080;\"><strong>Equipo organizador<\/strong>: Elena P\u00e9rez Moreno, Sandra Peralta, Victoria Marazzi y Roc\u00edo Heredia.<\/span><br \/>\n<span style=\"color: #808080;\"> <strong>Consultas<\/strong>: <a style=\"color: #808080;\" href=\"mailto:vbmarazzi@gmail.com\">vbmarazzi@gmail.com<\/a> (Victoria Marazzi), <a style=\"color: #808080;\" href=\"mailto:herediaqrocio@gmail.com\">herediaqrocio@gmail.com<\/a> (Roc\u00edo Heredia).<\/span><\/p>\n<p><img decoding=\"async\" loading=\"lazy\" src=\"https:\/\/iesbolivar-cba.infd.edu.ar\/aula\/archivos\/repositorio\/\/5250\/5450\/La_narracion_oral_como_recurso_didactico_IRMA_VARELA_2021_1.jpg\" width=\"684\" height=\"968\" border=\"0\" \/><\/p>\n","protected":false},"excerpt":{"rendered":"<p>Los espacios curriculares Pr\u00e1ctica III, Did\u00e1ctica de la Literatura, Estudios del Discurso y Did\u00e1ctica de la Lengua del Profesorado de Lengua y Literatura del IES Sim\u00f3n Bol\u00edvar invitan al Taller \u201cLa narraci\u00f3n oral como recurso did\u00e1ctico\u201d, a cargo de la Narradora oral y Profesora Irma Varela. El evento se desarrollar\u00e1 por Meet. Los interesados deber\u00e1n &#8230; <a title=\"Invitaci\u00f3n del  Profesorado de Lengua y Literatura\" class=\"read-more\" href=\"https:\/\/iesbolivar-cba.infd.edu.ar\/sitio\/invitacion-del-profesorado-de-lengua-y-literatura\/\" aria-label=\"More on Invitaci\u00f3n del  Profesorado de Lengua y Literatura\">[+]<\/a><\/p>\n","protected":false},"author":3377,"featured_media":0,"comment_status":"open","ping_status":"open","sticky":false,"template":"","format":"standard","meta":[],"categories":[1],"tags":[],"acf":[],"_links":{"self":[{"href":"https:\/\/iesbolivar-cba.infd.edu.ar\/sitio\/wp-json\/wp\/v2\/posts\/2847"}],"collection":[{"href":"https:\/\/iesbolivar-cba.infd.edu.ar\/sitio\/wp-json\/wp\/v2\/posts"}],"about":[{"href":"https:\/\/iesbolivar-cba.infd.edu.ar\/sitio\/wp-json\/wp\/v2\/types\/post"}],"author":[{"embeddable":true,"href":"https:\/\/iesbolivar-cba.infd.edu.ar\/sitio\/wp-json\/wp\/v2\/users\/3377"}],"replies":[{"embeddable":true,"href":"https:\/\/iesbolivar-cba.infd.edu.ar\/sitio\/wp-json\/wp\/v2\/comments?post=2847"}],"version-history":[{"count":1,"href":"https:\/\/iesbolivar-cba.infd.edu.ar\/sitio\/wp-json\/wp\/v2\/posts\/2847\/revisions"}],"predecessor-version":[{"id":2848,"href":"https:\/\/iesbolivar-cba.infd.edu.ar\/sitio\/wp-json\/wp\/v2\/posts\/2847\/revisions\/2848"}],"wp:attachment":[{"href":"https:\/\/iesbolivar-cba.infd.edu.ar\/sitio\/wp-json\/wp\/v2\/media?parent=2847"}],"wp:term":[{"taxonomy":"category","embeddable":true,"href":"https:\/\/iesbolivar-cba.infd.edu.ar\/sitio\/wp-json\/wp\/v2\/categories?post=2847"},{"taxonomy":"post_tag","embeddable":true,"href":"https:\/\/iesbolivar-cba.infd.edu.ar\/sitio\/wp-json\/wp\/v2\/tags?post=2847"}],"curies":[{"name":"wp","href":"https:\/\/api.w.org\/{rel}","templated":true}]}}