{"id":2842,"date":"2021-09-28T14:56:06","date_gmt":"2021-09-28T17:56:06","guid":{"rendered":"https:\/\/iesbolivar-cba.infd.edu.ar\/sitio\/?p=2842"},"modified":"2021-09-28T14:56:07","modified_gmt":"2021-09-28T17:56:07","slug":"conversatorio-sobre-memoria-reciente-con-la-participacion-de-bibiana-reibaldi-integrante-del-colectivo-historias-desobedientes","status":"publish","type":"post","link":"https:\/\/iesbolivar-cba.infd.edu.ar\/sitio\/conversatorio-sobre-memoria-reciente-con-la-participacion-de-bibiana-reibaldi-integrante-del-colectivo-historias-desobedientes\/","title":{"rendered":"Conversatorio sobre Memoria Reciente | Con la participaci\u00f3n de Bibiana Reibaldi, integrante del Colectivo Historias Desobedientes"},"content":{"rendered":"<p>El pasado jueves 23 de setiembre se desarroll\u00f3 el<strong> Conversatorio sobre Memoria Reciente <\/strong>organizado por la C\u00e1tedra de \u201cHistoria y pol\u00edtica de la educaci\u00f3n argentina\u201d de los Profesorados de Educaci\u00f3n Secundaria en Geograf\u00eda, Matem\u00e1tica, Lengua y Literatura a cargo de la Profesora Nancy Alice V\u00e1zquez.<\/p>\n<p><img decoding=\"async\" loading=\"lazy\" src=\"https:\/\/iesbolivar-cba.infd.edu.ar\/aula\/archivos\/repositorio\/\/5250\/5420\/nacncy.jpeg\" border=\"0\" width=\"481\" height=\"273\"><\/p>\n<p>La jornada tuvo entre otros objetivos \u201cabrir una instancia de reflexi\u00f3n y debate en torno a la memoria como espacio plural en permanente creaci\u00f3n y re-creaci\u00f3n\u201d y cont\u00f3 para ello con la participaci\u00f3n y el testimonio de&nbsp;<strong>Bibiana Reibaldi, <\/strong>integrante del <em>Colectivo Historias Desobedientes,<\/em> con quien los asistentes pudieron profundizar sobre la herencia generacional que dej\u00f3 la \u00faltima dictadura c\u00edvica, militar y eclesi\u00e1stica.<\/p>\n<p><em>El Colectivo Historias Desobedientes es una agrupaci\u00f3n que se encuentra conformada por hijas, hijos y familiares de personal de las fuerzas armadas y de seguridad responsables de cr\u00edmenes de lesa humanidad durante la \u00faltima dictadura c\u00edvico militar en Argentina<\/em><\/p>\n<p>El programa del conversatorio se puede consultar <a href=\"archivos\/repositorio\/\/5250\/5417\/Conversatorio_sobre_Memoria_Reciente_.pdf\">aqu\u00ed<\/a>.<\/p>\n<p><img decoding=\"async\" loading=\"lazy\" src=\"https:\/\/iesbolivar-cba.infd.edu.ar\/aula\/archivos\/repositorio\/\/5250\/5419\/Bibiana.png\" border=\"0\" width=\"556\" height=\"324\"><\/p>\n<p>Adem\u00e1s, se puede acceder a la grabaci\u00f3n del encuentro <a title=\"https:\/\/drive.google.com\/file\/d\/1gP5jAg1A6uavpghYnAC33CklqSgc_Vb7\/view?usp=sharing\" rel=\"noopener\" href=\"https:\/\/drive.google.com\/file\/d\/1gP5jAg1A6uavpghYnAC33CklqSgc_Vb7\/view?usp=sharing\" target=\"_blank\">aqu\u00ed<\/a>.<\/p>\n<p>&nbsp;<\/p>\n","protected":false},"excerpt":{"rendered":"<p>El pasado jueves 23 de setiembre se desarroll\u00f3 el Conversatorio sobre Memoria Reciente organizado por la C\u00e1tedra de \u201cHistoria y pol\u00edtica de la educaci\u00f3n argentina\u201d de los Profesorados de Educaci\u00f3n Secundaria en Geograf\u00eda, Matem\u00e1tica, Lengua y Literatura a cargo de la Profesora Nancy Alice V\u00e1zquez. La jornada tuvo entre otros objetivos \u201cabrir una instancia de &#8230; <a title=\"Conversatorio sobre Memoria Reciente | Con la participaci\u00f3n de Bibiana Reibaldi, integrante del Colectivo Historias Desobedientes\" class=\"read-more\" href=\"https:\/\/iesbolivar-cba.infd.edu.ar\/sitio\/conversatorio-sobre-memoria-reciente-con-la-participacion-de-bibiana-reibaldi-integrante-del-colectivo-historias-desobedientes\/\" aria-label=\"More on Conversatorio sobre Memoria Reciente | Con la participaci\u00f3n de Bibiana Reibaldi, integrante del Colectivo Historias Desobedientes\">[+]<\/a><\/p>\n","protected":false},"author":3377,"featured_media":0,"comment_status":"open","ping_status":"open","sticky":false,"template":"","format":"standard","meta":[],"categories":[1],"tags":[],"acf":[],"_links":{"self":[{"href":"https:\/\/iesbolivar-cba.infd.edu.ar\/sitio\/wp-json\/wp\/v2\/posts\/2842"}],"collection":[{"href":"https:\/\/iesbolivar-cba.infd.edu.ar\/sitio\/wp-json\/wp\/v2\/posts"}],"about":[{"href":"https:\/\/iesbolivar-cba.infd.edu.ar\/sitio\/wp-json\/wp\/v2\/types\/post"}],"author":[{"embeddable":true,"href":"https:\/\/iesbolivar-cba.infd.edu.ar\/sitio\/wp-json\/wp\/v2\/users\/3377"}],"replies":[{"embeddable":true,"href":"https:\/\/iesbolivar-cba.infd.edu.ar\/sitio\/wp-json\/wp\/v2\/comments?post=2842"}],"version-history":[{"count":1,"href":"https:\/\/iesbolivar-cba.infd.edu.ar\/sitio\/wp-json\/wp\/v2\/posts\/2842\/revisions"}],"predecessor-version":[{"id":2843,"href":"https:\/\/iesbolivar-cba.infd.edu.ar\/sitio\/wp-json\/wp\/v2\/posts\/2842\/revisions\/2843"}],"wp:attachment":[{"href":"https:\/\/iesbolivar-cba.infd.edu.ar\/sitio\/wp-json\/wp\/v2\/media?parent=2842"}],"wp:term":[{"taxonomy":"category","embeddable":true,"href":"https:\/\/iesbolivar-cba.infd.edu.ar\/sitio\/wp-json\/wp\/v2\/categories?post=2842"},{"taxonomy":"post_tag","embeddable":true,"href":"https:\/\/iesbolivar-cba.infd.edu.ar\/sitio\/wp-json\/wp\/v2\/tags?post=2842"}],"curies":[{"name":"wp","href":"https:\/\/api.w.org\/{rel}","templated":true}]}}