{"id":2823,"date":"2021-09-10T14:58:46","date_gmt":"2021-09-10T17:58:46","guid":{"rendered":"https:\/\/iesbolivar-cba.infd.edu.ar\/sitio\/?p=2823"},"modified":"2021-09-10T14:59:59","modified_gmt":"2021-09-10T17:59:59","slug":"la-biblioteca-asesora-en-la-organizacion-de-un-museo-escolar","status":"publish","type":"post","link":"https:\/\/iesbolivar-cba.infd.edu.ar\/sitio\/la-biblioteca-asesora-en-la-organizacion-de-un-museo-escolar\/","title":{"rendered":"La Biblioteca asesora en la organizaci\u00f3n de un Museo escolar y la conservaci\u00f3n de fotograf\u00edas"},"content":{"rendered":"<p>Julio Melian, Bibliotecario del IES Sim\u00f3n Bol\u00edvar asesora en la organizaci\u00f3n de un Museo escolar y capacita en la conservaci\u00f3n de fotograf\u00edas en la ciudad de San Francisco.<\/p>\n\n\n<figure class=\"wp-block-image size-large\"><img decoding=\"async\" loading=\"lazy\" width=\"1000\" height=\"553\" src=\"https:\/\/iesbolivar-cba.infd.edu.ar\/sitio\/wp-content\/uploads\/2021\/09\/juliodede-1.png\" alt=\"\" class=\"wp-image-2826\" srcset=\"https:\/\/iesbolivar-cba.infd.edu.ar\/sitio\/wp-content\/uploads\/2021\/09\/juliodede-1.png 1000w, https:\/\/iesbolivar-cba.infd.edu.ar\/sitio\/wp-content\/uploads\/2021\/09\/juliodede-1-768x425.png 768w\" sizes=\"(max-width: 1000px) 100vw, 1000px\" \/><\/figure>\n","protected":false},"excerpt":{"rendered":"<p>Julio Melian, Bibliotecario del IES Sim\u00f3n Bol\u00edvar asesora en la organizaci\u00f3n de un Museo escolar y capacita en la conservaci\u00f3n de fotograf\u00edas en la ciudad de San Francisco.<\/p>\n","protected":false},"author":3377,"featured_media":0,"comment_status":"open","ping_status":"open","sticky":false,"template":"","format":"standard","meta":[],"categories":[1],"tags":[],"acf":[],"_links":{"self":[{"href":"https:\/\/iesbolivar-cba.infd.edu.ar\/sitio\/wp-json\/wp\/v2\/posts\/2823"}],"collection":[{"href":"https:\/\/iesbolivar-cba.infd.edu.ar\/sitio\/wp-json\/wp\/v2\/posts"}],"about":[{"href":"https:\/\/iesbolivar-cba.infd.edu.ar\/sitio\/wp-json\/wp\/v2\/types\/post"}],"author":[{"embeddable":true,"href":"https:\/\/iesbolivar-cba.infd.edu.ar\/sitio\/wp-json\/wp\/v2\/users\/3377"}],"replies":[{"embeddable":true,"href":"https:\/\/iesbolivar-cba.infd.edu.ar\/sitio\/wp-json\/wp\/v2\/comments?post=2823"}],"version-history":[{"count":4,"href":"https:\/\/iesbolivar-cba.infd.edu.ar\/sitio\/wp-json\/wp\/v2\/posts\/2823\/revisions"}],"predecessor-version":[{"id":2829,"href":"https:\/\/iesbolivar-cba.infd.edu.ar\/sitio\/wp-json\/wp\/v2\/posts\/2823\/revisions\/2829"}],"wp:attachment":[{"href":"https:\/\/iesbolivar-cba.infd.edu.ar\/sitio\/wp-json\/wp\/v2\/media?parent=2823"}],"wp:term":[{"taxonomy":"category","embeddable":true,"href":"https:\/\/iesbolivar-cba.infd.edu.ar\/sitio\/wp-json\/wp\/v2\/categories?post=2823"},{"taxonomy":"post_tag","embeddable":true,"href":"https:\/\/iesbolivar-cba.infd.edu.ar\/sitio\/wp-json\/wp\/v2\/tags?post=2823"}],"curies":[{"name":"wp","href":"https:\/\/api.w.org\/{rel}","templated":true}]}}