{"id":2812,"date":"2021-09-10T14:04:07","date_gmt":"2021-09-10T17:04:07","guid":{"rendered":"https:\/\/iesbolivar-cba.infd.edu.ar\/sitio\/?p=2812"},"modified":"2021-09-10T14:07:55","modified_gmt":"2021-09-10T17:07:55","slug":"jornada-sobre-el-cordobazo-organizada-por-la-catedra-de-historia-y-politica-de-la-educacion-argentina","status":"publish","type":"post","link":"https:\/\/iesbolivar-cba.infd.edu.ar\/sitio\/jornada-sobre-el-cordobazo-organizada-por-la-catedra-de-historia-y-politica-de-la-educacion-argentina\/","title":{"rendered":"Jornada sobre el Cordobazo organizada por la c\u00e1tedra de \u201cHistoria y pol\u00edtica de la educaci\u00f3n argentina\u201d"},"content":{"rendered":"\n<figure class=\"wp-block-image size-large\"><img decoding=\"async\" loading=\"lazy\" width=\"1280\" height=\"486\" src=\"https:\/\/iesbolivar-cba.infd.edu.ar\/sitio\/wp-content\/uploads\/2021\/09\/nancy.jpeg\" alt=\"\" class=\"wp-image-2814\" srcset=\"https:\/\/iesbolivar-cba.infd.edu.ar\/sitio\/wp-content\/uploads\/2021\/09\/nancy.jpeg 1280w, https:\/\/iesbolivar-cba.infd.edu.ar\/sitio\/wp-content\/uploads\/2021\/09\/nancy-1000x380.jpeg 1000w, https:\/\/iesbolivar-cba.infd.edu.ar\/sitio\/wp-content\/uploads\/2021\/09\/nancy-768x292.jpeg 768w\" sizes=\"(max-width: 1280px) 100vw, 1280px\" \/><\/figure>\n\n\n\n<p>La C\u00e1tedra de \u201cHistoria y pol\u00edtica de la educaci\u00f3n argentina\u201d de los Profesorados de Educaci\u00f3n Secundaria en Geograf\u00eda, Matem\u00e1tica, Lengua y Literatura a cargo de la Profesora Nancy Alice V\u00e1zquez organiz\u00f3 la \u201cJornada sobre el Cordobazo\u201d. La propuesta tuvo la intencionalidad de reflexionar sobre la insurrecci\u00f3n que estall\u00f3 en C\u00f3rdoba en 1969 y que configur\u00f3 una experiencia popular que herman\u00f3 a obrerxs y estudiantes.<\/p>\n\n\n\n<p>El encuentro se propuso como una instancia de an\u00e1lisis y debate para indagar el legado cultural de un acontecimiento que disput\u00f3 el sentido de autoridad instalado en el escenario argentino a mediados del siglo XX.\u00a0 \u00a0Adem\u00e1s, tuvo como objetivo abrir una instancia de reflexi\u00f3n sobre el acontecimiento obrerx &#8211; estudiantil como as\u00ed tambi\u00e9n promover la formulaci\u00f3n de interrogantes y la apertura de nuevas\u00a0 miradas sobre dicho acontecimiento.\u00a0 \u00a0<\/p>\n\n\n\n<figure class=\"wp-block-image size-large\"><img decoding=\"async\" loading=\"lazy\" width=\"1280\" height=\"499\" src=\"https:\/\/iesbolivar-cba.infd.edu.ar\/sitio\/wp-content\/uploads\/2021\/09\/nacy.jpeg\" alt=\"\" class=\"wp-image-2819\" srcset=\"https:\/\/iesbolivar-cba.infd.edu.ar\/sitio\/wp-content\/uploads\/2021\/09\/nacy.jpeg 1280w, https:\/\/iesbolivar-cba.infd.edu.ar\/sitio\/wp-content\/uploads\/2021\/09\/nacy-1000x390.jpeg 1000w, https:\/\/iesbolivar-cba.infd.edu.ar\/sitio\/wp-content\/uploads\/2021\/09\/nacy-768x299.jpeg 768w\" sizes=\"(max-width: 1280px) 100vw, 1280px\" \/><\/figure>\n\n\n\n<p>Para profundizar sobre la herencia cultural de dicho acontecimiento, disert\u00f3 como invitado especial el Licenciado en Comunicaci\u00f3n Juan Cruz Taborda Varela. &nbsp;<\/p>\n\n\n\n<p>La jornada se realiz\u00f3 mediante una reuni\u00f3n sincr\u00f3nica el d\u00eda 12 de agosto a las 20:00 hs<\/p>\n\n\n\n<p>El programa de la jornada se puede consultar aqu\u00ed: <a href=\"https:\/\/iesbolivar-cba.infd.edu.ar\/aula\/archivos\/repositorio\/\/5250\/5311\/Jornada_sobre_el_Cordobazo_1.pdf\" data-type=\"URL\" data-id=\"https:\/\/iesbolivar-cba.infd.edu.ar\/aula\/archivos\/repositorio\/\/5250\/5311\/Jornada_sobre_el_Cordobazo_1.pdf\">https:\/\/iesbolivar-cba.infd.edu.ar\/aula\/archivos\/repositorio\/\/5250\/5311\/Jornada_sobre_el_Cordobazo_1.pdf<\/a> <\/p>\n\n\n\n<p><\/p>\n","protected":false},"excerpt":{"rendered":"<p>La C\u00e1tedra de \u201cHistoria y pol\u00edtica de la educaci\u00f3n argentina\u201d de los Profesorados de Educaci\u00f3n Secundaria en Geograf\u00eda, Matem\u00e1tica, Lengua y Literatura a cargo de la Profesora Nancy Alice V\u00e1zquez organiz\u00f3 la \u201cJornada sobre el Cordobazo\u201d. La propuesta tuvo la intencionalidad de reflexionar sobre la insurrecci\u00f3n que estall\u00f3 en C\u00f3rdoba en 1969 y que configur\u00f3 &#8230; <a title=\"Jornada sobre el Cordobazo organizada por la c\u00e1tedra de \u201cHistoria y pol\u00edtica de la educaci\u00f3n argentina\u201d\" class=\"read-more\" href=\"https:\/\/iesbolivar-cba.infd.edu.ar\/sitio\/jornada-sobre-el-cordobazo-organizada-por-la-catedra-de-historia-y-politica-de-la-educacion-argentina\/\" aria-label=\"More on Jornada sobre el Cordobazo organizada por la c\u00e1tedra de \u201cHistoria y pol\u00edtica de la educaci\u00f3n argentina\u201d\">[+]<\/a><\/p>\n","protected":false},"author":3377,"featured_media":0,"comment_status":"open","ping_status":"open","sticky":false,"template":"","format":"standard","meta":[],"categories":[1],"tags":[],"acf":[],"_links":{"self":[{"href":"https:\/\/iesbolivar-cba.infd.edu.ar\/sitio\/wp-json\/wp\/v2\/posts\/2812"}],"collection":[{"href":"https:\/\/iesbolivar-cba.infd.edu.ar\/sitio\/wp-json\/wp\/v2\/posts"}],"about":[{"href":"https:\/\/iesbolivar-cba.infd.edu.ar\/sitio\/wp-json\/wp\/v2\/types\/post"}],"author":[{"embeddable":true,"href":"https:\/\/iesbolivar-cba.infd.edu.ar\/sitio\/wp-json\/wp\/v2\/users\/3377"}],"replies":[{"embeddable":true,"href":"https:\/\/iesbolivar-cba.infd.edu.ar\/sitio\/wp-json\/wp\/v2\/comments?post=2812"}],"version-history":[{"count":5,"href":"https:\/\/iesbolivar-cba.infd.edu.ar\/sitio\/wp-json\/wp\/v2\/posts\/2812\/revisions"}],"predecessor-version":[{"id":2820,"href":"https:\/\/iesbolivar-cba.infd.edu.ar\/sitio\/wp-json\/wp\/v2\/posts\/2812\/revisions\/2820"}],"wp:attachment":[{"href":"https:\/\/iesbolivar-cba.infd.edu.ar\/sitio\/wp-json\/wp\/v2\/media?parent=2812"}],"wp:term":[{"taxonomy":"category","embeddable":true,"href":"https:\/\/iesbolivar-cba.infd.edu.ar\/sitio\/wp-json\/wp\/v2\/categories?post=2812"},{"taxonomy":"post_tag","embeddable":true,"href":"https:\/\/iesbolivar-cba.infd.edu.ar\/sitio\/wp-json\/wp\/v2\/tags?post=2812"}],"curies":[{"name":"wp","href":"https:\/\/api.w.org\/{rel}","templated":true}]}}