{"id":2760,"date":"2021-08-13T13:30:39","date_gmt":"2021-08-13T16:30:39","guid":{"rendered":"https:\/\/iesbolivar-cba.infd.edu.ar\/sitio\/?p=2760"},"modified":"2021-08-13T13:32:43","modified_gmt":"2021-08-13T16:32:43","slug":"ciclo-de-formacion","status":"publish","type":"post","link":"https:\/\/iesbolivar-cba.infd.edu.ar\/sitio\/ciclo-de-formacion\/","title":{"rendered":"Ciclo de Formaci\u00f3n"},"content":{"rendered":"\n<figure class=\"wp-block-image is-resized\"><img decoding=\"async\" loading=\"lazy\" src=\"https:\/\/ci5.googleusercontent.com\/proxy\/LutajB2fUQbIZwMLxysWlvovoFh-bTWyF-02xIE6I0Tsp-hSV0r8VPSop36aJUvClpcYDFwKrWY3jnawJpojXc1aOO0JuORkdtQhIVexJTR2CfFF5_cUFKKVhvvrU-oU0p139RY7xsYmBMEFvSaED5iPC4MqiG-ZHyHDZKotC_t8fysiNQ=s0-d-e1-ft#https:\/\/iesbolivar-cba.infd.edu.ar\/aula\/archivos\/repositorio\/\/5000\/5205\/WhatsApp_Image_2021-08-09_at_16.54.27.jpeg\" alt=\"\" width=\"514\" height=\"729\"\/><\/figure>\n\n\n\n<p>El \u00e1rea de Pol\u00edticas Estudiantiles, Comunicaci\u00f3n y Contenidos Audiovisuales, el ProFoDI &#8211; MC (Proyecto de Formaci\u00f3n Docente Inicial en Modalidad Combinada) y el Equipo Jurisdiccional de Formaci\u00f3n Docente Inicial de Aprender Conectados, invitan a participar del ciclo de formaci\u00f3n \u201cDise\u00f1o, producci\u00f3n e implementaci\u00f3n de materiales digitales\u201d destinado a docentes y estudiantes de los Institutos Superiores de Formaci\u00f3n Docente.<\/p>\n\n\n\n<p><strong>D\u00edas y horarios:<\/strong>&nbsp;17, 26 y 31 de agosto a las 17 hs,<\/p>\n\n\n\n<p><strong>Agenda de los talleres:<\/strong><\/p>\n\n\n\n<ul><li>17\/08 &#8211; \u00bfDe qu\u00e9 hablamos cu\u00e1ndo hablamos de materiales digitales?<\/li><li>26\/08 &#8211; Creando actividades gamificadas.<\/li><li>31\/08 &#8211; La Infograf\u00eda como medio de comunicaci\u00f3n audiovisual.<\/li><\/ul>\n\n\n\n<p><strong><span class=\"has-inline-color has-luminous-vivid-orange-color\">Cada encuentro podr\u00e1 verse desde el Canal de Youtube de la DGES<\/span><\/strong>.<\/p>\n\n\n\n<p>Noticia publicada el&nbsp;<strong>13\/08\/2021<\/strong>&nbsp;en la categor\u00eda&nbsp;<strong>INFORMACI\u00d3N GENERAL<\/strong>&nbsp;( Informaci\u00f3n General )<\/p>\n","protected":false},"excerpt":{"rendered":"<p>El \u00e1rea de Pol\u00edticas Estudiantiles, Comunicaci\u00f3n y Contenidos Audiovisuales, el ProFoDI &#8211; MC (Proyecto de Formaci\u00f3n Docente Inicial en Modalidad Combinada) y el Equipo Jurisdiccional de Formaci\u00f3n Docente Inicial de Aprender Conectados, invitan a participar del ciclo de formaci\u00f3n \u201cDise\u00f1o, producci\u00f3n e implementaci\u00f3n de materiales digitales\u201d destinado a docentes y estudiantes de los Institutos Superiores &#8230; <a title=\"Ciclo de Formaci\u00f3n\" class=\"read-more\" href=\"https:\/\/iesbolivar-cba.infd.edu.ar\/sitio\/ciclo-de-formacion\/\" aria-label=\"More on Ciclo de Formaci\u00f3n\">[+]<\/a><\/p>\n","protected":false},"author":3377,"featured_media":0,"comment_status":"open","ping_status":"open","sticky":false,"template":"","format":"standard","meta":[],"categories":[6],"tags":[],"acf":[],"_links":{"self":[{"href":"https:\/\/iesbolivar-cba.infd.edu.ar\/sitio\/wp-json\/wp\/v2\/posts\/2760"}],"collection":[{"href":"https:\/\/iesbolivar-cba.infd.edu.ar\/sitio\/wp-json\/wp\/v2\/posts"}],"about":[{"href":"https:\/\/iesbolivar-cba.infd.edu.ar\/sitio\/wp-json\/wp\/v2\/types\/post"}],"author":[{"embeddable":true,"href":"https:\/\/iesbolivar-cba.infd.edu.ar\/sitio\/wp-json\/wp\/v2\/users\/3377"}],"replies":[{"embeddable":true,"href":"https:\/\/iesbolivar-cba.infd.edu.ar\/sitio\/wp-json\/wp\/v2\/comments?post=2760"}],"version-history":[{"count":2,"href":"https:\/\/iesbolivar-cba.infd.edu.ar\/sitio\/wp-json\/wp\/v2\/posts\/2760\/revisions"}],"predecessor-version":[{"id":2763,"href":"https:\/\/iesbolivar-cba.infd.edu.ar\/sitio\/wp-json\/wp\/v2\/posts\/2760\/revisions\/2763"}],"wp:attachment":[{"href":"https:\/\/iesbolivar-cba.infd.edu.ar\/sitio\/wp-json\/wp\/v2\/media?parent=2760"}],"wp:term":[{"taxonomy":"category","embeddable":true,"href":"https:\/\/iesbolivar-cba.infd.edu.ar\/sitio\/wp-json\/wp\/v2\/categories?post=2760"},{"taxonomy":"post_tag","embeddable":true,"href":"https:\/\/iesbolivar-cba.infd.edu.ar\/sitio\/wp-json\/wp\/v2\/tags?post=2760"}],"curies":[{"name":"wp","href":"https:\/\/api.w.org\/{rel}","templated":true}]}}