{"id":2752,"date":"2021-08-02T16:05:50","date_gmt":"2021-08-02T19:05:50","guid":{"rendered":"https:\/\/iesbolivar-cba.infd.edu.ar\/sitio\/?p=2752"},"modified":"2021-08-02T16:05:51","modified_gmt":"2021-08-02T19:05:51","slug":"9-de-agosto-conversatorio-con-melina-furman-ensenar-ciencias-naturales-en-la-escuela-hoy","status":"publish","type":"post","link":"https:\/\/iesbolivar-cba.infd.edu.ar\/sitio\/9-de-agosto-conversatorio-con-melina-furman-ensenar-ciencias-naturales-en-la-escuela-hoy\/","title":{"rendered":"9 de agosto | Conversatorio con Melina Furman. Ense\u00f1ar Ciencias Naturales en la escuela hoy"},"content":{"rendered":"\n<figure class=\"wp-block-image\"><a href=\"https:\/\/www.youtube.com\/watch?v=MASJGMD3InU&amp;ab_channel=Direcci%C3%B3nGeneraldeEducaci%C3%B3nSuperior\" target=\"_blank\" rel=\"noreferrer noopener\"><img decoding=\"async\" src=\"https:\/\/iesbolivar-cba.infd.edu.ar\/aula\/archivos\/repositorio\/\/5000\/5161\/Furman.png\" alt=\"\"\/><\/a><\/figure>\n\n\n\n<p>El&nbsp;<strong>lunes 9 de agosto a las 17 horas&nbsp;<\/strong>se desarrollar\u00e1 el \u00ab<strong>Conversatorio: Ense\u00f1ar Ciencias Naturales en la escuela hoy: desaf\u00edos y oportunidades que presenta la modalidad combinada\u00bb&nbsp;<\/strong>con la presencia de Melina Furman, Doctora en Educaci\u00f3n; Codirectora de la Especializaci\u00f3n en Educaci\u00f3n en Ciencias, Universidad de San Andr\u00e9s; Coordinadora de la Red de Docentes PLaNEA, UNICEF Argentina e Investigadora Asociada del CONICET.<\/p>\n\n\n\n<p>El prop\u00f3sito del encuentro es el de habilitar un espacio en donde reflexionar sobre la ense\u00f1anza de las Ciencias Naturales en la Educaci\u00f3n Secundaria y en las carreras de Formaci\u00f3n Docente en la modalidad combinada, con situaciones que promuevan el desarrollo del pensamiento cr\u00edtico, creativo y la autonom\u00eda para aprender de los estudiantes.&nbsp;&nbsp;<\/p>\n\n\n\n<p>Est\u00e1 dirigido a: docentes y estudiantes de los Profesorados de Educaci\u00f3n Secundaria en Qu\u00edmica, Biolog\u00eda y F\u00edsica y docentes de Educaci\u00f3n Secundaria a cargo de estas asignaturas u otras vinculadas a las Ciencias Naturales.<\/p>\n\n\n\n<p>Es organizado por las \u00e1reas de Desarrollo Curricular&nbsp; Ciencias Naturales y Comunicaci\u00f3n y Contenidos Audiovisuales de la Direcci\u00f3n General de Educaci\u00f3n Superior.<\/p>\n\n\n\n<p>Se transmitir\u00e1 en vivo por el canal de Youtube de D.G.E.S. Link de la transmisi\u00f3n:&nbsp;<strong><a href=\"https:\/\/youtu.be\/2JO9IKPTW7Q\">Click Aqu\u00ed&nbsp;<\/a><\/strong><\/p>\n","protected":false},"excerpt":{"rendered":"<p>El&nbsp;lunes 9 de agosto a las 17 horas&nbsp;se desarrollar\u00e1 el \u00abConversatorio: Ense\u00f1ar Ciencias Naturales en la escuela hoy: desaf\u00edos y oportunidades que presenta la modalidad combinada\u00bb&nbsp;con la presencia de Melina Furman, Doctora en Educaci\u00f3n; Codirectora de la Especializaci\u00f3n en Educaci\u00f3n en Ciencias, Universidad de San Andr\u00e9s; Coordinadora de la Red de Docentes PLaNEA, UNICEF Argentina &#8230; <a title=\"9 de agosto | Conversatorio con Melina Furman. Ense\u00f1ar Ciencias Naturales en la escuela hoy\" class=\"read-more\" href=\"https:\/\/iesbolivar-cba.infd.edu.ar\/sitio\/9-de-agosto-conversatorio-con-melina-furman-ensenar-ciencias-naturales-en-la-escuela-hoy\/\" aria-label=\"More on 9 de agosto | Conversatorio con Melina Furman. Ense\u00f1ar Ciencias Naturales en la escuela hoy\">[+]<\/a><\/p>\n","protected":false},"author":3377,"featured_media":0,"comment_status":"open","ping_status":"open","sticky":false,"template":"","format":"standard","meta":[],"categories":[6],"tags":[],"acf":[],"_links":{"self":[{"href":"https:\/\/iesbolivar-cba.infd.edu.ar\/sitio\/wp-json\/wp\/v2\/posts\/2752"}],"collection":[{"href":"https:\/\/iesbolivar-cba.infd.edu.ar\/sitio\/wp-json\/wp\/v2\/posts"}],"about":[{"href":"https:\/\/iesbolivar-cba.infd.edu.ar\/sitio\/wp-json\/wp\/v2\/types\/post"}],"author":[{"embeddable":true,"href":"https:\/\/iesbolivar-cba.infd.edu.ar\/sitio\/wp-json\/wp\/v2\/users\/3377"}],"replies":[{"embeddable":true,"href":"https:\/\/iesbolivar-cba.infd.edu.ar\/sitio\/wp-json\/wp\/v2\/comments?post=2752"}],"version-history":[{"count":1,"href":"https:\/\/iesbolivar-cba.infd.edu.ar\/sitio\/wp-json\/wp\/v2\/posts\/2752\/revisions"}],"predecessor-version":[{"id":2754,"href":"https:\/\/iesbolivar-cba.infd.edu.ar\/sitio\/wp-json\/wp\/v2\/posts\/2752\/revisions\/2754"}],"wp:attachment":[{"href":"https:\/\/iesbolivar-cba.infd.edu.ar\/sitio\/wp-json\/wp\/v2\/media?parent=2752"}],"wp:term":[{"taxonomy":"category","embeddable":true,"href":"https:\/\/iesbolivar-cba.infd.edu.ar\/sitio\/wp-json\/wp\/v2\/categories?post=2752"},{"taxonomy":"post_tag","embeddable":true,"href":"https:\/\/iesbolivar-cba.infd.edu.ar\/sitio\/wp-json\/wp\/v2\/tags?post=2752"}],"curies":[{"name":"wp","href":"https:\/\/api.w.org\/{rel}","templated":true}]}}