{"id":2746,"date":"2021-07-30T13:13:10","date_gmt":"2021-07-30T16:13:10","guid":{"rendered":"https:\/\/iesbolivar-cba.infd.edu.ar\/sitio\/?p=2746"},"modified":"2021-08-18T14:33:34","modified_gmt":"2021-08-18T17:33:34","slug":"inscripciones-para-aspirantes-a-cubrir-horas-y-cargos-docentes","status":"publish","type":"post","link":"https:\/\/iesbolivar-cba.infd.edu.ar\/sitio\/inscripciones-para-aspirantes-a-cubrir-horas-y-cargos-docentes\/","title":{"rendered":"Inscripciones para aspirantes a cubrir horas y cargos docentes"},"content":{"rendered":"\n<p><strong>PRORROGA DE INSCRIPCIONES<br><\/strong><\/p>\n\n\n\n<p>El Ministerio de Educaci\u00f3n de la Provincia de C\u00f3rdoba  PRORROGA hasta el domingo 22\/8, las convocatorias a Titularidades, Interinatos, Suplencia y Traslados 2021\/22 de todas las Direcciones de Nivel y Modalidades Educativas (excepto los traslados de Inicial y Primaria que se contin\u00faa con los mecanismos ya establecidos).<br><\/p>\n\n\n\n<p>Para realizar el tr\u00e1mite se debe ingresar a los siguientes link:<\/p>\n\n\n\n<ul><li>Junta de Calificaci\u00f3n y Clasificaci\u00f3n&nbsp;<strong>Inicial y Primaria<\/strong>:&nbsp;<a rel=\"noreferrer noopener\" href=\"https:\/\/www.cba.gov.ar\/junta-de-clasificacion-primaria\/\" target=\"_blank\">https:\/\/www.cba.gov.ar\/junta-de-clasificacion-primaria\/<\/a><\/li><li>Junta de Clasificaci\u00f3n&nbsp;<strong>Secundaria<\/strong>:&nbsp;<a rel=\"noreferrer noopener\" href=\"https:\/\/www.cba.gov.ar\/ministerio-de-educacion\/junta-de-clasificacion-secundaria\/\" target=\"_blank\">https:\/\/www.cba.gov.ar\/ministerio-de-educacion\/junta-de-clasificacion-secundaria\/<\/a><\/li><\/ul>\n\n\n\n<p><strong>Recordar<\/strong><\/p>\n\n\n\n<ul><li>Los documentos&nbsp;(t\u00edtulos, certificados de cursos, etc.) que desees presentar debes hacerlo como<em>&nbsp;\u201cActualizaci\u00f3n de Legajo\u201d<\/em>.<\/li><li>Todos los archivos a subir deben ser en formato&nbsp;<strong>pdf.<\/strong><\/li><li>Por cada antecedente&nbsp;que subas se admite s\u00f3lo un archivo, por lo que si&nbsp;tiene&nbsp;m\u00e1s de una hoja deber\u00e1s unificarlas en un&nbsp;solo documento.<\/li><\/ul>\n\n\n\n<p><strong>\u00bfC\u00f3mo inscribirse?<\/strong>&nbsp;<\/p>\n\n\n\n<ul><li><strong>Inicial y Primaria:<\/strong>&nbsp;<a rel=\"noreferrer noopener\" href=\"https:\/\/www.cba.gov.ar\/wp-content\/uploads\/2021\/07\/Inscripci%C3%B3n-de-Aspirantes-J-IP-2021-2022.pdf\" target=\"_blank\">https:\/\/www.cba.gov.ar\/wp-content\/uploads\/2021\/07\/Inscripci\u00f3n-de-Aspirantes-J-IP-2021-2022.pdf<\/a><\/li><li><strong>Secundaria:<\/strong>&nbsp;<a rel=\"noreferrer noopener\" href=\"https:\/\/www.cba.gov.ar\/wp-content\/uploads\/2021\/07\/Inscripci%C3%B3n-de-Aspirantes-J-S-2021-2022.pdf\" target=\"_blank\">https:\/\/www.cba.gov.ar\/wp-content\/uploads\/2021\/07\/Inscripci\u00f3n-de-Aspirantes-J-S-2021-2022.pd<\/a><\/li><\/ul>\n\n\n\n<p><strong>\u00bfC\u00f3mo registrar&nbsp; antecedentes?&nbsp;<\/strong><\/p>\n\n\n\n<ul><li><strong>Inicial y primaria<\/strong>:&nbsp;&nbsp;<a rel=\"noreferrer noopener\" href=\"https:\/\/www.cba.gov.ar\/wp-content\/uploads\/2021\/07\/Gestionar-T%C3%ADtulos-y-Antecedentes-J-IP-2021-2022.pdf\" target=\"_blank\">https:\/\/www.cba.gov.ar\/wp-content\/uploads\/2021\/07\/Gestionar-T\u00edtulos-y-Antecedentes-J-IP-2021-2022.pdf<\/a><\/li><li><strong>Secundaria:<\/strong>&nbsp;<a rel=\"noreferrer noopener\" href=\"https:\/\/www.cba.gov.ar\/wp-content\/uploads\/2021\/07\/Gestionar-Antecedentes-J-S-2021-2022.pdf\" target=\"_blank\">https:\/\/www.cba.gov.ar\/wp-content\/uploads\/2021\/07\/Gestionar-Antecedentes-J-S-2021-2022.pdf<\/a><\/li><\/ul>\n\n\n\n<p>_________________________________________________________________<\/p>\n\n\n\n<p><strong>\u00bfC\u00f3mo creo un archivo pdf?<\/strong>&nbsp;<br>Ver:&nbsp;<a rel=\"noreferrer noopener\" href=\"https:\/\/www.cba.gov.ar\/wp-content\/uploads\/2021\/07\/Crear-PDF-Junta.pdf\" target=\"_blank\">https:\/\/www.cba.gov.ar\/wp-content\/uploads\/2021\/07\/Crear-PDF-Junta.pdf<\/a>&nbsp;<br>___________________________________________________________________<\/p>\n\n\n\n<p><strong>Para m\u00e1s informaci\u00f3n referido al Nivel Secundario y sus modalidades<\/strong>, pod\u00e9s escribir a&nbsp;<a rel=\"noreferrer noopener\" href=\"mailto:informesyexpedientes.juntasecundaria@cba.gov.ar\" target=\"_blank\">informesyexpedientes.juntasecundaria@cba.gov.ar<\/a>&nbsp; o&nbsp;<a rel=\"noreferrer noopener\" href=\"mailto:juntamediareclamos@cba.gov.ar\" target=\"_blank\">juntamediareclamos@cba.gov.ar<\/a>, o comunicarse al tel\u00e9fono (0351) 4332368\/97,&nbsp;<strong>de 8 a 14 horas.<\/strong><br>Para los&nbsp;<strong>niveles inicial y primario<\/strong>, pod\u00e9s escribir a&nbsp;<a rel=\"noreferrer noopener\" href=\"mailto:juntainicialprimaria@cba.gov.ar\" target=\"_blank\">juntainicialprimaria@cba.gov.ar<\/a>&nbsp;o comunicarse al tel\u00e9fono (0351) 4332369,&nbsp;<strong>de 8 a 18 horas.<\/strong><br><br>&nbsp;<br><\/p>\n","protected":false},"excerpt":{"rendered":"<p>PRORROGA DE INSCRIPCIONES El Ministerio de Educaci\u00f3n de la Provincia de C\u00f3rdoba PRORROGA hasta el domingo 22\/8, las convocatorias a Titularidades, Interinatos, Suplencia y Traslados 2021\/22 de todas las Direcciones de Nivel y Modalidades Educativas (excepto los traslados de Inicial y Primaria que se contin\u00faa con los mecanismos ya establecidos). Para realizar el tr\u00e1mite se &#8230; <a title=\"Inscripciones para aspirantes a cubrir horas y cargos docentes\" class=\"read-more\" href=\"https:\/\/iesbolivar-cba.infd.edu.ar\/sitio\/inscripciones-para-aspirantes-a-cubrir-horas-y-cargos-docentes\/\" aria-label=\"More on Inscripciones para aspirantes a cubrir horas y cargos docentes\">[+]<\/a><\/p>\n","protected":false},"author":3377,"featured_media":0,"comment_status":"open","ping_status":"open","sticky":false,"template":"","format":"standard","meta":[],"categories":[6],"tags":[],"acf":[],"_links":{"self":[{"href":"https:\/\/iesbolivar-cba.infd.edu.ar\/sitio\/wp-json\/wp\/v2\/posts\/2746"}],"collection":[{"href":"https:\/\/iesbolivar-cba.infd.edu.ar\/sitio\/wp-json\/wp\/v2\/posts"}],"about":[{"href":"https:\/\/iesbolivar-cba.infd.edu.ar\/sitio\/wp-json\/wp\/v2\/types\/post"}],"author":[{"embeddable":true,"href":"https:\/\/iesbolivar-cba.infd.edu.ar\/sitio\/wp-json\/wp\/v2\/users\/3377"}],"replies":[{"embeddable":true,"href":"https:\/\/iesbolivar-cba.infd.edu.ar\/sitio\/wp-json\/wp\/v2\/comments?post=2746"}],"version-history":[{"count":4,"href":"https:\/\/iesbolivar-cba.infd.edu.ar\/sitio\/wp-json\/wp\/v2\/posts\/2746\/revisions"}],"predecessor-version":[{"id":2772,"href":"https:\/\/iesbolivar-cba.infd.edu.ar\/sitio\/wp-json\/wp\/v2\/posts\/2746\/revisions\/2772"}],"wp:attachment":[{"href":"https:\/\/iesbolivar-cba.infd.edu.ar\/sitio\/wp-json\/wp\/v2\/media?parent=2746"}],"wp:term":[{"taxonomy":"category","embeddable":true,"href":"https:\/\/iesbolivar-cba.infd.edu.ar\/sitio\/wp-json\/wp\/v2\/categories?post=2746"},{"taxonomy":"post_tag","embeddable":true,"href":"https:\/\/iesbolivar-cba.infd.edu.ar\/sitio\/wp-json\/wp\/v2\/tags?post=2746"}],"curies":[{"name":"wp","href":"https:\/\/api.w.org\/{rel}","templated":true}]}}