{"id":2740,"date":"2021-07-29T16:07:44","date_gmt":"2021-07-29T19:07:44","guid":{"rendered":"https:\/\/iesbolivar-cba.infd.edu.ar\/sitio\/?p=2740"},"modified":"2021-07-29T16:07:45","modified_gmt":"2021-07-29T19:07:45","slug":"2da-convocatoria-de-becas-progresar-para-nivel-superior","status":"publish","type":"post","link":"https:\/\/iesbolivar-cba.infd.edu.ar\/sitio\/2da-convocatoria-de-becas-progresar-para-nivel-superior\/","title":{"rendered":"2da. convocatoria de becas PROGRESAR para Nivel Superior"},"content":{"rendered":"\n<figure class=\"wp-block-image is-resized\"><img decoding=\"async\" loading=\"lazy\" src=\"https:\/\/ci5.googleusercontent.com\/proxy\/xsGm6z_QI0ucuqX1z9iLS4TAlFrkthlVDY1h7euy2DbMXnau65gyRhOQWVVYh5LGDS4S0WbGygDO62szwHJpneDtAQSv0jcop2i4GuOJaKivWt8FqgVTo72KgQ=s0-d-e1-ft#https:\/\/defensoria.org.ar\/wp-content\/uploads\/2021\/03\/becas-progresar.jpg\" alt=\"\" width=\"415\" height=\"233\"\/><\/figure>\n\n\n\n<p>Informamos que desde la Direcci\u00f3n Nacional de Becas abrieron una<strong>\u00a02da. convocatoria de becas PROGRESAR para Nivel Superior<\/strong>\u00a0dirigidas a quienes inicien sus estudios en esta etapa o a quienes no hubieran podido presentarse en su oportunidad.<\/p>\n\n\n\n<p>Las inscripciones estar\u00e1n abiertas a partir del&nbsp;<strong>1ero. al 31 de agosto<\/strong>&nbsp;en el sitio web&nbsp;<a rel=\"noreferrer noopener\" href=\"https:\/\/progresar.educacion.gob.ar\/\" target=\"_blank\">https:\/\/progresar.educacion.gob.ar\/<\/a>. La normativa establece que esta convocatoria se regir\u00e1 seg\u00fan las Bases y Condiciones vigentes.<\/p>\n\n\n\n<p>En el siguiente link podr\u00e1n visualizar la Resoluci\u00f3n correspondiente publicada en el Bolet\u00edn Oficial:<br><a rel=\"noreferrer noopener\" href=\"https:\/\/www.boletinoficial.gob.ar\/detalleAviso\/primera\/247375\/20210727\" target=\"_blank\">https:\/\/www.boletinoficial.gob.ar\/detalleAviso\/primera\/247375\/20210727<\/a><\/p>\n","protected":false},"excerpt":{"rendered":"<p>Informamos que desde la Direcci\u00f3n Nacional de Becas abrieron una\u00a02da. convocatoria de becas PROGRESAR para Nivel Superior\u00a0dirigidas a quienes inicien sus estudios en esta etapa o a quienes no hubieran podido presentarse en su oportunidad. Las inscripciones estar\u00e1n abiertas a partir del&nbsp;1ero. al 31 de agosto&nbsp;en el sitio web&nbsp;https:\/\/progresar.educacion.gob.ar\/. La normativa establece que esta convocatoria &#8230; <a title=\"2da. convocatoria de becas PROGRESAR para Nivel Superior\" class=\"read-more\" href=\"https:\/\/iesbolivar-cba.infd.edu.ar\/sitio\/2da-convocatoria-de-becas-progresar-para-nivel-superior\/\" aria-label=\"More on 2da. convocatoria de becas PROGRESAR para Nivel Superior\">[+]<\/a><\/p>\n","protected":false},"author":3377,"featured_media":0,"comment_status":"open","ping_status":"open","sticky":false,"template":"","format":"standard","meta":[],"categories":[6],"tags":[],"acf":[],"_links":{"self":[{"href":"https:\/\/iesbolivar-cba.infd.edu.ar\/sitio\/wp-json\/wp\/v2\/posts\/2740"}],"collection":[{"href":"https:\/\/iesbolivar-cba.infd.edu.ar\/sitio\/wp-json\/wp\/v2\/posts"}],"about":[{"href":"https:\/\/iesbolivar-cba.infd.edu.ar\/sitio\/wp-json\/wp\/v2\/types\/post"}],"author":[{"embeddable":true,"href":"https:\/\/iesbolivar-cba.infd.edu.ar\/sitio\/wp-json\/wp\/v2\/users\/3377"}],"replies":[{"embeddable":true,"href":"https:\/\/iesbolivar-cba.infd.edu.ar\/sitio\/wp-json\/wp\/v2\/comments?post=2740"}],"version-history":[{"count":1,"href":"https:\/\/iesbolivar-cba.infd.edu.ar\/sitio\/wp-json\/wp\/v2\/posts\/2740\/revisions"}],"predecessor-version":[{"id":2741,"href":"https:\/\/iesbolivar-cba.infd.edu.ar\/sitio\/wp-json\/wp\/v2\/posts\/2740\/revisions\/2741"}],"wp:attachment":[{"href":"https:\/\/iesbolivar-cba.infd.edu.ar\/sitio\/wp-json\/wp\/v2\/media?parent=2740"}],"wp:term":[{"taxonomy":"category","embeddable":true,"href":"https:\/\/iesbolivar-cba.infd.edu.ar\/sitio\/wp-json\/wp\/v2\/categories?post=2740"},{"taxonomy":"post_tag","embeddable":true,"href":"https:\/\/iesbolivar-cba.infd.edu.ar\/sitio\/wp-json\/wp\/v2\/tags?post=2740"}],"curies":[{"name":"wp","href":"https:\/\/api.w.org\/{rel}","templated":true}]}}