{"id":2735,"date":"2021-07-29T15:39:15","date_gmt":"2021-07-29T18:39:15","guid":{"rendered":"https:\/\/iesbolivar-cba.infd.edu.ar\/sitio\/?p=2735"},"modified":"2021-07-29T15:39:17","modified_gmt":"2021-07-29T18:39:17","slug":"publicacion-en-revista-de-acceso-abierto-de-una-experiencia-de-adscripcion-realizada-en-el-profesorado-de-biologia","status":"publish","type":"post","link":"https:\/\/iesbolivar-cba.infd.edu.ar\/sitio\/publicacion-en-revista-de-acceso-abierto-de-una-experiencia-de-adscripcion-realizada-en-el-profesorado-de-biologia\/","title":{"rendered":"Publicaci\u00f3n en revista de acceso abierto de una experiencia de adscripci\u00f3n realizada en el Profesorado de Biolog\u00eda"},"content":{"rendered":"\n<p>Experiencias, novedades y logros acad\u00e9micos de docentes, estudiantes y egresados de nuestra instituci\u00f3n. \u00a1Gracias al profesor Dar\u00edo Genovese por compartir esta noticia y felicitaciones a los autores!&nbsp;<\/p>\n\n\n\n<p>Lo que sabemos y lo que ense\u00f1amos sobre la historia de la vida en la Tierra (hvT): como producto de su adscripci\u00f3n publica un art\u00edculo en una revista acceso abierto<\/p>\n\n\n\n<figure class=\"wp-block-image\"><img decoding=\"async\" src=\"https:\/\/iesbolivar-cba.infd.edu.ar\/aula\/archivos\/repositorio\/\/5000\/5144\/Safa_y_Genovese_2021_figura.jpg\" alt=\"\"\/><\/figure>\n\n\n\n<p><strong>Ezequiel Mart\u00edn Safa<\/strong>, egresado de la cohorte 2017 del Profesorado de Educaci\u00f3n Secundaria en Biolog\u00eda de nuestro Instituto de Educaci\u00f3n Superior, recientemente public\u00f3 en coautor\u00eda un trabajo titulado&nbsp;<em>\u201cLo que sabemos y lo que ense\u00f1amos sobre la historia de la vida en la Tierra\u201d<\/em>. Dicho art\u00edculo fue publicado en el&nbsp;<em>Bolet\u00edn Biol\u00f3gica,<\/em>&nbsp;una revista acceso abierto de circulaci\u00f3n semestral, dedicada a difundir las ciencias biol\u00f3gicas y su ense\u00f1anza.<\/p>\n\n\n\n<p>La publicaci\u00f3n de Ezequiel en la secci\u00f3n \u201cAportes a la ense\u00f1anza de la Biolog\u00eda\u201d de la revista, se desprende de su propio&nbsp;<strong>trabajo de adscripci\u00f3n en el espacio curricular \u201cHistoria de la Vida en la tierra y procesos evolutivos\u201d<\/strong>. El art\u00edculo toma como eje central el an\u00e1lisis, debate y problematizaci\u00f3n de los conocimientos en la ense\u00f1anza de la historia de la vida en la Tierra (hvT) en el nivel secundario. En el mismo se sugiere un enfoque sist\u00e9mico CTS para la ense\u00f1anza, planteando la necesidad de la formaci\u00f3n docente continua en Ciencias de la Tierra.<\/p>\n\n\n\n<p>En palabras del propio Ezequiel, \u201c<em>transitar la adscripci\u00f3n signific\u00f3 una experiencia de crecimiento personal y profesional, que me permiti\u00f3 asumir la actividad docente como una pr\u00e1ctica social transformadora, sustentada desde el trabajo colaborativo, y que revaloriza el conocimiento cient\u00edfico al fortalecer proyectos de investigaci\u00f3n educativa colaborando en la construcci\u00f3n de posiciones cr\u00edticas y emancipadoras de las tendencias hegem\u00f3nicas acerca de la ciencia. Pero no solo ello. Para m\u00ed, la adscripci\u00f3n tambi\u00e9n fue el cafecito compartido en el bar, las rondas de trabajo con miradas c\u00f3mplices, pero sobre todo en un c\u00e1lido espacio de di\u00e1logo, escucha y puesta en valor de la esencia de cada uno y cada una de quienes formamos parte del grupo de trabajo encabezado por el profesor Dar\u00edo Genovese<\/em>\u201d.<\/p>\n\n\n\n<p>&gt;&gt; Acceso al&nbsp;<a rel=\"noreferrer noopener\" href=\"https:\/\/drive.google.com\/file\/d\/1VtWJZv-kqfBEN_aBaH09Vn_XbqDayIS7\/view?usp=sharing\" target=\"_blank\">art\u00edculo completo<\/a>&nbsp;<\/p>\n","protected":false},"excerpt":{"rendered":"<p>Experiencias, novedades y logros acad\u00e9micos de docentes, estudiantes y egresados de nuestra instituci\u00f3n. \u00a1Gracias al profesor Dar\u00edo Genovese por compartir esta noticia y felicitaciones a los autores!&nbsp; Lo que sabemos y lo que ense\u00f1amos sobre la historia de la vida en la Tierra (hvT): como producto de su adscripci\u00f3n publica un art\u00edculo en una revista &#8230; <a title=\"Publicaci\u00f3n en revista de acceso abierto de una experiencia de adscripci\u00f3n realizada en el Profesorado de Biolog\u00eda\" class=\"read-more\" href=\"https:\/\/iesbolivar-cba.infd.edu.ar\/sitio\/publicacion-en-revista-de-acceso-abierto-de-una-experiencia-de-adscripcion-realizada-en-el-profesorado-de-biologia\/\" aria-label=\"More on Publicaci\u00f3n en revista de acceso abierto de una experiencia de adscripci\u00f3n realizada en el Profesorado de Biolog\u00eda\">[+]<\/a><\/p>\n","protected":false},"author":3377,"featured_media":0,"comment_status":"open","ping_status":"open","sticky":false,"template":"","format":"standard","meta":[],"categories":[6],"tags":[],"acf":[],"_links":{"self":[{"href":"https:\/\/iesbolivar-cba.infd.edu.ar\/sitio\/wp-json\/wp\/v2\/posts\/2735"}],"collection":[{"href":"https:\/\/iesbolivar-cba.infd.edu.ar\/sitio\/wp-json\/wp\/v2\/posts"}],"about":[{"href":"https:\/\/iesbolivar-cba.infd.edu.ar\/sitio\/wp-json\/wp\/v2\/types\/post"}],"author":[{"embeddable":true,"href":"https:\/\/iesbolivar-cba.infd.edu.ar\/sitio\/wp-json\/wp\/v2\/users\/3377"}],"replies":[{"embeddable":true,"href":"https:\/\/iesbolivar-cba.infd.edu.ar\/sitio\/wp-json\/wp\/v2\/comments?post=2735"}],"version-history":[{"count":1,"href":"https:\/\/iesbolivar-cba.infd.edu.ar\/sitio\/wp-json\/wp\/v2\/posts\/2735\/revisions"}],"predecessor-version":[{"id":2736,"href":"https:\/\/iesbolivar-cba.infd.edu.ar\/sitio\/wp-json\/wp\/v2\/posts\/2735\/revisions\/2736"}],"wp:attachment":[{"href":"https:\/\/iesbolivar-cba.infd.edu.ar\/sitio\/wp-json\/wp\/v2\/media?parent=2735"}],"wp:term":[{"taxonomy":"category","embeddable":true,"href":"https:\/\/iesbolivar-cba.infd.edu.ar\/sitio\/wp-json\/wp\/v2\/categories?post=2735"},{"taxonomy":"post_tag","embeddable":true,"href":"https:\/\/iesbolivar-cba.infd.edu.ar\/sitio\/wp-json\/wp\/v2\/tags?post=2735"}],"curies":[{"name":"wp","href":"https:\/\/api.w.org\/{rel}","templated":true}]}}