{"id":2722,"date":"2021-05-14T19:10:56","date_gmt":"2021-05-14T22:10:56","guid":{"rendered":"https:\/\/iesbolivar-cba.infd.edu.ar\/sitio\/?p=2722"},"modified":"2021-05-14T19:10:56","modified_gmt":"2021-05-14T22:10:56","slug":"charla-recuperar-el-patrimonio-y-reimaginar-museos-en-bibliotecas","status":"publish","type":"post","link":"https:\/\/iesbolivar-cba.infd.edu.ar\/sitio\/charla-recuperar-el-patrimonio-y-reimaginar-museos-en-bibliotecas\/","title":{"rendered":"Charla | Recuperar el Patrimonio y  Reimaginar Museos en Bibliotecas"},"content":{"rendered":"<p><img decoding=\"async\" loading=\"lazy\" src=\"https:\/\/iesbolivar-cba.infd.edu.ar\/aula\/archivos\/repositorio\/\/4500\/4742\/f68ff191-c849-4a94-b21d-9284d8d40093.jpg\" width=\"696\" height=\"392\" border=\"0\" \/><\/p>\n<p>Disertante: Prof. Bibl. Julio Fabi\u00e1n Meli\u00e1n.<\/p>\n<p>Fecha: 18\/05\/2021<br \/>\nHorario: 17:00 hs.<\/p>\n<p><strong>Presentaci\u00f3n<\/strong><\/p>\n<p>En el marco de los festejos por el D\u00eda Internacional de los Museos: 18 de mayo, esta actividad es una oportunidad para reflexionar sobre la importancia de los museos como espacios para el intercambio cultural y el enriquecimiento de las culturas de los pueblos. Por estas razones, las Tecnicaturas Universitarias en Administraci\u00f3n de Documentos y Archivos, Bibliotecolog\u00eda y Museolog\u00eda del Departamento Acad\u00e9mico de Ciencias Humanas y de la Educaci\u00f3n de la Universidad Nacional de La Rioja, el Instituto de Ense\u00f1anza Superior Sim\u00f3n Bol\u00edvar y la Asociaci\u00f3n Bibliotecarios de C\u00f3rdoba invitan a la Charla: \u201cRecuperar el Patrimonio y Reimaginar Museos en Bibliotecas, a cargo del Prof. Bibl. Julio Fabi\u00e1n Meli\u00e1n, a realizarse bajo modalidad virtual el pr\u00f3ximo martes 18 de mayo de 2021 en el horario de las 17:00 hs.<\/p>\n<p><strong>Objetivos<\/strong><\/p>\n<p>\u2022 Conmemorar y defender los museos como impulsores de la recuperaci\u00f3n ante el covid-19.<br \/>\n\u2022 Reimaginar el futuro de los museos y su papel en nuestras sociedades<br \/>\n\u2022 Visibilizar el trabajo de los museos en Bibliotecas<\/p>\n<p>Esta actividad se enmarca en los festejos del d\u00eda Internacional de los Museos declarado por ICOM desde el a\u00f1o 1977. Con el tema \u201cEl futuro de los museos: recuperar y reimaginar\u201c, el D\u00eda Internacional de los Museos 2021 invita a los museos, a sus profesionales y a las comunidades a crear, imaginar y compartir nuevas pr\u00e1cticas de (co)creaci\u00f3n de valor, nuevos modelos de negocio para las instituciones culturales y soluciones innovadoras para los retos sociales, econ\u00f3micos y medioambientales del presente.<\/p>\n<p>Organizados cada 18 de mayo o alrededor de esa fecha desde hace m\u00e1s de 40 a\u00f1os, los eventos y actividades planeados para celebrar el DIM pueden durar un d\u00eda, un fin de semana o incluso toda la semana. Cada vez son m\u00e1s los museos por todo el mundo que participan en esta celebraci\u00f3n mundial: el a\u00f1o pasado fueron 37.000 museos los que tomaron parte en el evento en 158 pa\u00edses y territorios.<\/p>\n<p><strong>Modalidad de la actividad<\/strong><\/p>\n<p>\u2022 Exposici\u00f3n del invitado sobre la tem\u00e1tica acordada<br \/>\n\u2022 Preguntas producto de la interacci\u00f3n del chat con los participantes<br \/>\nDestinatarios:<br \/>\n\u2022 P\u00fablico en general.<\/p>\n<p><strong>D\u00eda y horario:<\/strong><\/p>\n<p>\u2022 Martes 18 de mayo de 2021. Horario: 17 hs.<\/p>\n<p>Formulario de Inscripci\u00f3n: <a title=\"https:\/\/forms.gle\/kJvb6PXjSSLtZfRL8\" href=\"https:\/\/forms.gle\/kJvb6PXjSSLtZfRL8\" target=\"_blank\" rel=\"noopener\">https:\/\/forms.gle\/kJvb6PXjSSLtZfRL8<\/a><\/p>\n<p>Transmisi\u00f3n en vivo por los Canales de YouTube<\/p>\n<p>Tecnicaturas Ciencias Humanas UNLaR: <a title=\"https:\/\/www.youtube.com\/channel\/UCQLhoKUaPGa3msEXXmTDOPA\/about\" href=\"https:\/\/www.youtube.com\/channel\/UCQLhoKUaPGa3msEXXmTDOPA\/about\" target=\"_blank\" rel=\"noopener\">https:\/\/www.youtube.com\/&#8230;\/UCQLhoKUaPGa3msEXXmTDOPA\/about <\/a><br \/>\nAsociaci\u00f3n Bibliotecarios de C\u00f3rdoba:<br \/>\n<a title=\"https:\/\/l.facebook.com\/l.php?u=https%3A%2F%2Fwww.youtube.com%2Fchannel%2FUCFKuFblcRJVJtsxyv04PrhA%3Ffbclid%3DIwAR2wkZ5RHRmTvxFur7-8cMv4plsTI1gxIBc1o4oLeVz52D7gUnBijSCZXyI&amp;amp;h=AT3FAHpYz8e3-uOg4Z6O39HarWjYS5hApVi4M6qWha-2o9n26z5C23gueOvhsLCtt7wWRQgzR2KiTQnz0bfR5MSRvu9PdSOqVct3lIQ743JVmEPyPgxg04NQ7LdeNJ1Zi_HSBUEqdU7pZSMfJQ&amp;amp;__tn__=-UK-R&amp;amp;c[0]=AT1bUOkDv2EbicCZbRCcMYbrBeUC0jM2DjwYH8-x2zZGuNFg6CLsYVBgTnb_pYp6F25LKu4_rzfUlSiRerwz8Fe8KulvvNKyDzAjKMbx4vWsPMmOvrGo5plPgwXSY1V5HLPxnW-t1-6KTzfq1aIJY8BHpdr8FqKaz0aYQeNKwifsvq6Um7ivlUQ6npYCnKKqaPC22mgP\" href=\"https:\/\/l.facebook.com\/l.php?u=https%3A%2F%2Fwww.youtube.com%2Fchannel%2FUCFKuFblcRJVJtsxyv04PrhA%3Ffbclid%3DIwAR2wkZ5RHRmTvxFur7-8cMv4plsTI1gxIBc1o4oLeVz52D7gUnBijSCZXyI&amp;h=AT3FAHpYz8e3-uOg4Z6O39HarWjYS5hApVi4M6qWha-2o9n26z5C23gueOvhsLCtt7wWRQgzR2KiTQnz0bfR5MSRvu9PdSOqVct3lIQ743JVmEPyPgxg04NQ7LdeNJ1Zi_HSBUEqdU7pZSMfJQ&amp;__tn__=-UK-R&amp;c[0]=AT1bUOkDv2EbicCZbRCcMYbrBeUC0jM2DjwYH8-x2zZGuNFg6CLsYVBgTnb_pYp6F25LKu4_rzfUlSiRerwz8Fe8KulvvNKyDzAjKMbx4vWsPMmOvrGo5plPgwXSY1V5HLPxnW-t1-6KTzfq1aIJY8BHpdr8FqKaz0aYQeNKwifsvq6Um7ivlUQ6npYCnKKqaPC22mgP\" target=\"_blank\" rel=\"noopener\"> https:\/\/www.youtube.com\/channel\/UCFKuFblcRJVJtsxyv04PrhA<br \/>\n<\/a>Transmisi\u00f3n en vivo por el Facebook Live Biblioteca IES Sim\u00f3n Bolivar<\/p>\n<p><strong>Organizan:<\/strong><\/p>\n<p>\u2022 Instituto de Ense\u00f1anza Superior Sim\u00f3n Bol\u00edvar.<br \/>\n\u2022 Tecnicaturas Universitaria en Administraci\u00f3n de Documentos y Archivos, Bibliotecolog\u00eda y Museolog\u00eda. Departamento Acad\u00e9mico de Ciencias Humanas y de la Educaci\u00f3n. Universidad Nacional de La Rioja.<br \/>\n\u2022 Asociaci\u00f3n Bibliotecarios de C\u00f3rdoba<\/p>\n<p><strong>Coordinadores<\/strong><\/p>\n<p>\u2022 Prof. Bibl. Juan Pablo Gorostiaga (ABC)<br \/>\n\u2022 Prof. Lic. Roberto Lucas Andrada (Tec. Univ. Museolog\u00eda \u2013 UNLaR)<br \/>\n\u2022 Prof. Bibl. Julio Meli\u00e1n (IES Sim\u00f3n Bol\u00edvar)<br \/>\n\u2022 Prof. Arch. Graciela Costilla (Tec. Univ. en Admin. de Documentos y Archivos \u2013 UNLaR)<\/p>\n<p>Actividad es sin costo. El \u00fanico requisito para poder participar es tener conexi\u00f3n a Internet y suscribirte a los canales de YouTube de las Tecnicaturas Ciencias Humanas UNLaR , Asociaci\u00f3n Bibliotecarios de C\u00f3rdoba y Facebook Live de IES Sim\u00f3n Bol\u00edvar.<\/p>\n<p>Se entregar\u00e1n certificados de asistencia.<\/p>\n","protected":false},"excerpt":{"rendered":"<p>Disertante: Prof. Bibl. Julio Fabi\u00e1n Meli\u00e1n. Fecha: 18\/05\/2021 Horario: 17:00 hs. Presentaci\u00f3n En el marco de los festejos por el D\u00eda Internacional de los Museos: 18 de mayo, esta actividad es una oportunidad para reflexionar sobre la importancia de los museos como espacios para el intercambio cultural y el enriquecimiento de las culturas de los &#8230; <a title=\"Charla | Recuperar el Patrimonio y  Reimaginar Museos en Bibliotecas\" class=\"read-more\" href=\"https:\/\/iesbolivar-cba.infd.edu.ar\/sitio\/charla-recuperar-el-patrimonio-y-reimaginar-museos-en-bibliotecas\/\" aria-label=\"More on Charla | Recuperar el Patrimonio y  Reimaginar Museos en Bibliotecas\">[+]<\/a><\/p>\n","protected":false},"author":3377,"featured_media":0,"comment_status":"open","ping_status":"open","sticky":false,"template":"","format":"standard","meta":[],"categories":[6],"tags":[],"acf":[],"_links":{"self":[{"href":"https:\/\/iesbolivar-cba.infd.edu.ar\/sitio\/wp-json\/wp\/v2\/posts\/2722"}],"collection":[{"href":"https:\/\/iesbolivar-cba.infd.edu.ar\/sitio\/wp-json\/wp\/v2\/posts"}],"about":[{"href":"https:\/\/iesbolivar-cba.infd.edu.ar\/sitio\/wp-json\/wp\/v2\/types\/post"}],"author":[{"embeddable":true,"href":"https:\/\/iesbolivar-cba.infd.edu.ar\/sitio\/wp-json\/wp\/v2\/users\/3377"}],"replies":[{"embeddable":true,"href":"https:\/\/iesbolivar-cba.infd.edu.ar\/sitio\/wp-json\/wp\/v2\/comments?post=2722"}],"version-history":[{"count":1,"href":"https:\/\/iesbolivar-cba.infd.edu.ar\/sitio\/wp-json\/wp\/v2\/posts\/2722\/revisions"}],"predecessor-version":[{"id":2723,"href":"https:\/\/iesbolivar-cba.infd.edu.ar\/sitio\/wp-json\/wp\/v2\/posts\/2722\/revisions\/2723"}],"wp:attachment":[{"href":"https:\/\/iesbolivar-cba.infd.edu.ar\/sitio\/wp-json\/wp\/v2\/media?parent=2722"}],"wp:term":[{"taxonomy":"category","embeddable":true,"href":"https:\/\/iesbolivar-cba.infd.edu.ar\/sitio\/wp-json\/wp\/v2\/categories?post=2722"},{"taxonomy":"post_tag","embeddable":true,"href":"https:\/\/iesbolivar-cba.infd.edu.ar\/sitio\/wp-json\/wp\/v2\/tags?post=2722"}],"curies":[{"name":"wp","href":"https:\/\/api.w.org\/{rel}","templated":true}]}}