{"id":2681,"date":"2021-03-11T08:33:05","date_gmt":"2021-03-11T11:33:05","guid":{"rendered":"https:\/\/iesbolivar-cba.infd.edu.ar\/sitio\/?p=2681"},"modified":"2021-03-11T08:34:22","modified_gmt":"2021-03-11T11:34:22","slug":"dialogo-con-eugenia-almeida-sobre-literatura-memoria-verdad-y-justicia-25-de-marzo-14-hs","status":"publish","type":"post","link":"https:\/\/iesbolivar-cba.infd.edu.ar\/sitio\/dialogo-con-eugenia-almeida-sobre-literatura-memoria-verdad-y-justicia-25-de-marzo-14-hs\/","title":{"rendered":"Di\u00e1logo con Eugenia Almeida sobre Literatura, Memoria, Verdad y Justicia &#8211; 25 de marzo &#8211; 14 hs."},"content":{"rendered":"<p><img decoding=\"async\" loading=\"lazy\" class=\"\" src=\"https:\/\/iesbolivar-cba.infd.edu.ar\/aula\/archivos\/repositorio\/\/3750\/3940\/almeida.png\" width=\"682\" height=\"384\" border=\"0\" \/><\/p>\n<p><span style=\"color: #000000;\">La presente propuesta busca promover reflexiones cr\u00edticas sobre la memoria y promover debates en torno a lo que aconteci\u00f3 en materia cultural en la \u00faltima dictadura militar. En esta oportunidad la Biblioteca Provincial de Maestros del Ministerio de Educaci\u00f3n de la Provincia de C\u00f3rdoba, el Instituto de Ense\u00f1anza Superior Sim\u00f3n Bol\u00edvar, la Tecnicatura en Bibliotecolog\u00eda de la Universidad Nacional de La Rioja y la Asociaci\u00f3n Bibliotecarios de C\u00f3rdoba, organizan la actividad \u201cDi\u00e1logo con Eugenia Almeida sobre Literatura, Memoria, Verdad y Justicia\u201d a realizarse el 25 de marzo de 2021, en el horario de las 14:00 hs. Actividad en el marco del D\u00eda de la Memoria por la Verdad y la Justicia.<\/span><\/p>\n<p><strong>Invitada:\u00a0Lic. Eugenia Almeida<\/strong><\/p>\n<p><span style=\"color: #000000;\">Eugenia Almeida naci\u00f3 en C\u00f3rdoba en 1972. En 2005 gan\u00f3 el Premio Internacional de Novela \u201cDos Orillas\u201d organizado por el Sal\u00f3n del Libro Iberoamericano de Gij\u00f3n (Espa\u00f1a) por \u201cEl colectivo\u201d, libro que ha sido publicado en Argentina, Espa\u00f1a, Grecia, Francia, Italia, Portugal, Austria e Islandia. Su novela \u201cLa pieza del fondo\u201d, publicada en Francia y Argentina, fue seleccionada como finalista del Premio R\u00f3mulo Gallegos 2011. En 2015 public\u00f3 el libro de poes\u00eda \u201cLa boca de la tormenta\u201d (Premio Alberto Burnich\u00f3n al mejor libro editado en C\u00f3rdoba). Su tercera novela, \u201cLa tensi\u00f3n del umbral\u201d, recibi\u00f3 en Francia el Premio Transfuge a la mejor novela hisp\u00e1nica. Su \u00faltimo libro es \u201cInundaci\u00f3n. El lenguaje secreto del que estamos hechos\u201d, publicado por la Ediciones DocumentA\/Esc\u00e9nicas en 2019.\u00a0Es licenciada en Comunicaci\u00f3n social, egresada de la UNC. Como periodista ha trabajado en medios gr\u00e1ficos, radiales y televisivos.\u00a0Desde 2005 trabaja en promoci\u00f3n de la lectura y la escritura creativa.\u00a0Es parte del equipo t\u00e9cnico de la Biblioteca Provincial de Maestros del Ministerio de Educaci\u00f3n de la Provincia de C\u00f3rdoba.<\/span><\/p>\n<p><strong>Moderadores:<\/strong><\/p>\n<ul>\n<li><span style=\"color: #000000;\">Lic. Nicol\u00e1s Jozami<\/span><\/li>\n<li><span style=\"color: #000000;\">Bib. Julio Meli\u00e1n<\/span><\/li>\n<\/ul>\n<p><strong>\u00a0<\/strong><strong>Coordinadores:<\/strong><\/p>\n<ul>\n<li><span style=\"color: #000000;\">Bib. F\u00e1tima Serione<\/span><\/li>\n<li><span style=\"color: #000000;\">Bib. Juan Pablo Gorostiaga<\/span><\/li>\n<\/ul>\n<p><strong>Destinatarios:\u00a0<\/strong><span style=\"color: #000000;\">P\u00fablico en general.<\/span><\/p>\n<p><strong>D\u00eda y horario:\u00a0<\/strong><span style=\"color: #000000;\">Jueves 25 de marzo de 2021 a las 14:00 hs.<\/span><\/p>\n<p><strong>Transmisi\u00f3n en vivo por los Canales de YouTube<\/strong><strong>\u00a0<\/strong><\/p>\n<ul>\n<li><strong>Biblioteca Provincial de Maestros:\u00a0<a href=\"https:\/\/www.youtube.com\/channel\/UCU6ETxXD7nNz6XanjB6wnaQ\/featured\" target=\"_blank\" rel=\"noreferrer noopener\" data-saferedirecturl=\"https:\/\/www.google.com\/url?q=https:\/\/www.youtube.com\/channel\/UCU6ETxXD7nNz6XanjB6wnaQ\/featured&amp;source=gmail&amp;ust=1615548011494000&amp;usg=AFQjCNG0aIwp5r9upClRskNFD3NHPQLJ0A\">https:\/\/www.youtube.com\/channel\/UCU6ETxXD7nNz6XanjB6wnaQ\/featured<\/a><\/strong><\/li>\n<li><strong>Tecnicaturas Ciencias Humanas UNLaR:\u00a0<a href=\"https:\/\/www.youtube.com\/channel\/UCQLhoKUaPGa3msEXXmTDOPA\/about\" target=\"_blank\" rel=\"noreferrer noopener\" data-saferedirecturl=\"https:\/\/www.google.com\/url?q=https:\/\/www.youtube.com\/channel\/UCQLhoKUaPGa3msEXXmTDOPA\/about&amp;source=gmail&amp;ust=1615548011494000&amp;usg=AFQjCNGQFvzHFmL4HhCaujYOhnH6sqk5sQ\">https:\/\/www.youtube.com\/channel\/UCQLhoKUaPGa3msEXXmTDOPA\/about<\/a><\/strong><\/li>\n<li><strong>Asociaci\u00f3n Bibliotecarios de C\u00f3rdoba:\u00a0<a href=\"https:\/\/www.youtube.com\/channel\/UCFKuFblcRJVJtsxyv04PrhA\" target=\"_blank\" rel=\"noreferrer noopener\" data-saferedirecturl=\"https:\/\/www.google.com\/url?q=https:\/\/www.youtube.com\/channel\/UCFKuFblcRJVJtsxyv04PrhA&amp;source=gmail&amp;ust=1615548011494000&amp;usg=AFQjCNFv9HgfJ0PJabLeSb-93Yla_wxBcQ\">https:\/\/www.youtube.com\/channel\/UCFKuFblcRJVJtsxyv04PrhA<\/a><\/strong><\/li>\n<\/ul>\n<p><strong>\u00a0<\/strong><strong>Organizan:<\/strong><\/p>\n<ul>\n<li><span style=\"color: #000000;\">Biblioteca Provincial de Maestros. Ministerio de Educaci\u00f3n de la Provincia de C\u00f3rdoba.<\/span><\/li>\n<li><span style=\"color: #000000;\">Instituto de Ense\u00f1anza Superior Sim\u00f3n Bol\u00edvar.<\/span><\/li>\n<li><span style=\"color: #000000;\">Tecnicatura Universitaria en Bibliotecolog\u00eda. Departamento Acad\u00e9mico de Ciencias Humanas y de la Educaci\u00f3n. Universidad Nacional de La Rioja.<\/span><\/li>\n<li><span style=\"color: #000000;\">Asociaci\u00f3n Bibliotecarios de C\u00f3rdoba.<\/span><\/li>\n<\/ul>\n<p><span style=\"color: #000000;\">Actividad es sin costo. El \u00fanico requisito para poder participar es tener conexi\u00f3n a Internet y suscribirte a los canales de YouTube de la Biblioteca Provincial de Maestros, Tecnicaturas Ciencias Humanas UNLaR, Biblioteca Provincial de Maestros y el de la Asociaci\u00f3n Bibliotecarios de C\u00f3rdoba.<\/span><\/p>\n<p>&nbsp;<\/p>\n","protected":false},"excerpt":{"rendered":"<p>La presente propuesta busca promover reflexiones cr\u00edticas sobre la memoria y promover debates en torno a lo que aconteci\u00f3 en materia cultural en la \u00faltima dictadura militar. En esta oportunidad la Biblioteca Provincial de Maestros del Ministerio de Educaci\u00f3n de la Provincia de C\u00f3rdoba, el Instituto de Ense\u00f1anza Superior Sim\u00f3n Bol\u00edvar, la Tecnicatura en Bibliotecolog\u00eda &#8230; <a title=\"Di\u00e1logo con Eugenia Almeida sobre Literatura, Memoria, Verdad y Justicia &#8211; 25 de marzo &#8211; 14 hs.\" class=\"read-more\" href=\"https:\/\/iesbolivar-cba.infd.edu.ar\/sitio\/dialogo-con-eugenia-almeida-sobre-literatura-memoria-verdad-y-justicia-25-de-marzo-14-hs\/\" aria-label=\"More on Di\u00e1logo con Eugenia Almeida sobre Literatura, Memoria, Verdad y Justicia &#8211; 25 de marzo &#8211; 14 hs.\">[+]<\/a><\/p>\n","protected":false},"author":3377,"featured_media":0,"comment_status":"open","ping_status":"open","sticky":false,"template":"","format":"standard","meta":[],"categories":[6],"tags":[],"acf":[],"_links":{"self":[{"href":"https:\/\/iesbolivar-cba.infd.edu.ar\/sitio\/wp-json\/wp\/v2\/posts\/2681"}],"collection":[{"href":"https:\/\/iesbolivar-cba.infd.edu.ar\/sitio\/wp-json\/wp\/v2\/posts"}],"about":[{"href":"https:\/\/iesbolivar-cba.infd.edu.ar\/sitio\/wp-json\/wp\/v2\/types\/post"}],"author":[{"embeddable":true,"href":"https:\/\/iesbolivar-cba.infd.edu.ar\/sitio\/wp-json\/wp\/v2\/users\/3377"}],"replies":[{"embeddable":true,"href":"https:\/\/iesbolivar-cba.infd.edu.ar\/sitio\/wp-json\/wp\/v2\/comments?post=2681"}],"version-history":[{"count":1,"href":"https:\/\/iesbolivar-cba.infd.edu.ar\/sitio\/wp-json\/wp\/v2\/posts\/2681\/revisions"}],"predecessor-version":[{"id":2682,"href":"https:\/\/iesbolivar-cba.infd.edu.ar\/sitio\/wp-json\/wp\/v2\/posts\/2681\/revisions\/2682"}],"wp:attachment":[{"href":"https:\/\/iesbolivar-cba.infd.edu.ar\/sitio\/wp-json\/wp\/v2\/media?parent=2681"}],"wp:term":[{"taxonomy":"category","embeddable":true,"href":"https:\/\/iesbolivar-cba.infd.edu.ar\/sitio\/wp-json\/wp\/v2\/categories?post=2681"},{"taxonomy":"post_tag","embeddable":true,"href":"https:\/\/iesbolivar-cba.infd.edu.ar\/sitio\/wp-json\/wp\/v2\/tags?post=2681"}],"curies":[{"name":"wp","href":"https:\/\/api.w.org\/{rel}","templated":true}]}}