{"id":2590,"date":"2020-11-17T17:13:39","date_gmt":"2020-11-17T20:13:39","guid":{"rendered":"https:\/\/iesbolivar-cba.infd.edu.ar\/sitio\/?p=2590"},"modified":"2020-11-17T17:13:39","modified_gmt":"2020-11-17T20:13:39","slug":"estudiantes-de-matematica-presentaron-secuencias-didactica-en-encuentro-academico-nacional","status":"publish","type":"post","link":"https:\/\/iesbolivar-cba.infd.edu.ar\/sitio\/estudiantes-de-matematica-presentaron-secuencias-didactica-en-encuentro-academico-nacional\/","title":{"rendered":"Estudiantes de Matem\u00e1tica presentaron secuencias did\u00e1ctica en encuentro acad\u00e9mico nacional"},"content":{"rendered":"<p>Estudiantes de tercer a\u00f1o del Profesorado de Matem\u00e1tica elaboraron una secuencia did\u00e1ctica titulada \u00abIntroducci\u00f3n a las curvas\u00bb para ser presentada en el Encuentro de Educaci\u00f3n Matem\u00e1tica realizado en la Universidad Nacional General Sarmiento.<\/p>\n<p><img decoding=\"async\" class=\"CToWUd\" src=\"https:\/\/ci3.googleusercontent.com\/proxy\/OcqJSpMSA4zSeCjVNfvifefQagYfdwq5DOkWDVp1_L_kAhXucaDnjg6WEGImTrJWAUdk6YrU1mVuwgm6_pRbL7BgFDDZy2lumniKlUk0HvisVKY2k4fqMC7bkG5lopm_crBF=s0-d-e1-ft#https:\/\/iesbolivar-cba.infd.edu.ar\/aula\/archivos\/repositorio\/\/3750\/3888\/edem.png\" border=\"0\" \/><\/p>\n<p>La producci\u00f3n se realiz\u00f3 en el marco de los espacios curriculares Pr\u00e1ctica Docente III, del Prof. Daniel Cavaletto, y Did\u00e1ctica de la Matem\u00e1tica I, a cargo de la Prof. M\u00f3nica Campos; sus autoras son las estudiantes Valeria Carnero y Eveling Andrada.<\/p>\n<p>Momentos de la presentaci\u00f3n en el encuentro:<\/p>\n<p><img decoding=\"async\" loading=\"lazy\" class=\"CToWUd a6T\" tabindex=\"0\" src=\"https:\/\/ci5.googleusercontent.com\/proxy\/UHyYNAynP4X1H6N8HP3K3uwvKYv9SceRA9ljtYb4FvVQaMgj58CoQvtdSY_xZ0xL6W2z5VI2ennt0EmCtVdkshT7UMXZn9ay6qY5zbktUcR8CGNfFOkvxpHn3r-Ya8rWuteY7ellLeqHausvcXq4aQLCqrZW9RV1MuQYAdA4oST5WiF2fgQ5=s0-d-e1-ft#https:\/\/iesbolivar-cba.infd.edu.ar\/aula\/archivos\/repositorio\/\/3750\/3887\/WhatsApp_Image_2020-11-16_at_4.25.36_PM.jpeg\" width=\"618\" height=\"387\" border=\"0\" \/><\/p>\n<p>Para acceder a una presentaci\u00f3n en video de la secuencia did\u00e1ctica hacer clic\u00a0<a title=\"https:\/\/www.youtube.com\/watch?v=08fCdL8Bk2o&amp;amp;feature=youtu.be&amp;amp;ab_channel=valeriamarina\" href=\"https:\/\/www.youtube.com\/watch?v=08fCdL8Bk2o&amp;feature=youtu.be&amp;ab_channel=valeriamarina\" target=\"_blank\" rel=\"noopener\" data-saferedirecturl=\"https:\/\/www.google.com\/url?q=https:\/\/www.youtube.com\/watch?v%3D08fCdL8Bk2o%26feature%3Dyoutu.be%26ab_channel%3Dvaleriamarina&amp;source=gmail&amp;ust=1605730379330000&amp;usg=AFQjCNFS7Emj2kvmU2knwzoxsmqYIRYKNg\">aqu\u00ed<\/a><br \/>\nPara conocer m\u00e1s y descargar la secuencia did\u00e1ctica ingresar a la\u00a0<a title=\"https:\/\/view.genial.ly\/5f9fe06c89c8af0d51902347\/learning-experience-didactic-unit-introduccion-a-las-curvas\" href=\"https:\/\/view.genial.ly\/5f9fe06c89c8af0d51902347\/learning-experience-didactic-unit-introduccion-a-las-curvas\" target=\"_blank\" rel=\"noopener\" data-saferedirecturl=\"https:\/\/www.google.com\/url?q=https:\/\/view.genial.ly\/5f9fe06c89c8af0d51902347\/learning-experience-didactic-unit-introduccion-a-las-curvas&amp;source=gmail&amp;ust=1605730379330000&amp;usg=AFQjCNFUdt4pFqatNYMDP7tF9ZR80NyIBg\">presentaci\u00f3n de Genially<\/a>\u00a0o al documento de Google Drive\u00a0<a title=\"https:\/\/drive.google.com\/file\/d\/1A3Z5NFsBBDXuiiOakc63vIGyAAAoRud4\/view\" href=\"https:\/\/drive.google.com\/file\/d\/1A3Z5NFsBBDXuiiOakc63vIGyAAAoRud4\/view\" target=\"_blank\" rel=\"noopener\" data-saferedirecturl=\"https:\/\/www.google.com\/url?q=https:\/\/drive.google.com\/file\/d\/1A3Z5NFsBBDXuiiOakc63vIGyAAAoRud4\/view&amp;source=gmail&amp;ust=1605730379330000&amp;usg=AFQjCNHxw6qFhzuIW2WVfFo9zMDguOD5xg\">hacer clic aqu\u00ed<\/a><\/p>\n<p><strong>\u00a1Felicitamos a la\/os profesore\/as y estudiantes por la participaci\u00f3n y la producci\u00f3n realizada!<\/strong><\/p>\n","protected":false},"excerpt":{"rendered":"<p>Estudiantes de tercer a\u00f1o del Profesorado de Matem\u00e1tica elaboraron una secuencia did\u00e1ctica titulada \u00abIntroducci\u00f3n a las curvas\u00bb para ser presentada en el Encuentro de Educaci\u00f3n Matem\u00e1tica realizado en la Universidad Nacional General Sarmiento. La producci\u00f3n se realiz\u00f3 en el marco de los espacios curriculares Pr\u00e1ctica Docente III, del Prof. Daniel Cavaletto, y Did\u00e1ctica de la &#8230; <a title=\"Estudiantes de Matem\u00e1tica presentaron secuencias did\u00e1ctica en encuentro acad\u00e9mico nacional\" class=\"read-more\" href=\"https:\/\/iesbolivar-cba.infd.edu.ar\/sitio\/estudiantes-de-matematica-presentaron-secuencias-didactica-en-encuentro-academico-nacional\/\" aria-label=\"More on Estudiantes de Matem\u00e1tica presentaron secuencias did\u00e1ctica en encuentro acad\u00e9mico nacional\">[+]<\/a><\/p>\n","protected":false},"author":3377,"featured_media":0,"comment_status":"open","ping_status":"open","sticky":false,"template":"","format":"standard","meta":[],"categories":[6],"tags":[],"acf":[],"_links":{"self":[{"href":"https:\/\/iesbolivar-cba.infd.edu.ar\/sitio\/wp-json\/wp\/v2\/posts\/2590"}],"collection":[{"href":"https:\/\/iesbolivar-cba.infd.edu.ar\/sitio\/wp-json\/wp\/v2\/posts"}],"about":[{"href":"https:\/\/iesbolivar-cba.infd.edu.ar\/sitio\/wp-json\/wp\/v2\/types\/post"}],"author":[{"embeddable":true,"href":"https:\/\/iesbolivar-cba.infd.edu.ar\/sitio\/wp-json\/wp\/v2\/users\/3377"}],"replies":[{"embeddable":true,"href":"https:\/\/iesbolivar-cba.infd.edu.ar\/sitio\/wp-json\/wp\/v2\/comments?post=2590"}],"version-history":[{"count":1,"href":"https:\/\/iesbolivar-cba.infd.edu.ar\/sitio\/wp-json\/wp\/v2\/posts\/2590\/revisions"}],"predecessor-version":[{"id":2591,"href":"https:\/\/iesbolivar-cba.infd.edu.ar\/sitio\/wp-json\/wp\/v2\/posts\/2590\/revisions\/2591"}],"wp:attachment":[{"href":"https:\/\/iesbolivar-cba.infd.edu.ar\/sitio\/wp-json\/wp\/v2\/media?parent=2590"}],"wp:term":[{"taxonomy":"category","embeddable":true,"href":"https:\/\/iesbolivar-cba.infd.edu.ar\/sitio\/wp-json\/wp\/v2\/categories?post=2590"},{"taxonomy":"post_tag","embeddable":true,"href":"https:\/\/iesbolivar-cba.infd.edu.ar\/sitio\/wp-json\/wp\/v2\/tags?post=2590"}],"curies":[{"name":"wp","href":"https:\/\/api.w.org\/{rel}","templated":true}]}}