{"id":2529,"date":"2020-09-29T15:58:10","date_gmt":"2020-09-29T18:58:10","guid":{"rendered":"https:\/\/iesbolivar-cba.infd.edu.ar\/sitio\/?p=2529"},"modified":"2020-09-29T16:02:41","modified_gmt":"2020-09-29T19:02:41","slug":"docentes-adscriptos-y-ayudantes-del-simon-bolivar-participaron-en-el-encuentro-de-ensenanza-de-la-biologia-en-contexto-de-pandemia","status":"publish","type":"post","link":"https:\/\/iesbolivar-cba.infd.edu.ar\/sitio\/docentes-adscriptos-y-ayudantes-del-simon-bolivar-participaron-en-el-encuentro-de-ensenanza-de-la-biologia-en-contexto-de-pandemia\/","title":{"rendered":"Docentes, adscriptos y ayudantes del Sim\u00f3n Bol\u00edvar participaron en el Encuentro de Ense\u00f1anza de la Biolog\u00eda en contexto de pandemia"},"content":{"rendered":"<p><img decoding=\"async\" loading=\"lazy\" src=\"https:\/\/fotos.subefotos.com\/1516e3a1213178a592e2281721f9bd69o.png\" width=\"193\" height=\"193\" border=\"0\" \/><\/p>\n<p><strong>Encuentro de Ense\u00f1anza de la Biolog\u00eda en contexto de pandemia<br \/>\n<\/strong>22 al 26 de septiembre de 2020.<\/p>\n<p><span style=\"color: #ff6600;\"><strong><span style=\"font-size: 1.25rem;\">Intervinieron docentes, profesores adscriptos\/as y ayudantes alumnas de nuestro IES \u00abSim\u00f3n Bol\u00edvar\u00bb<\/span><\/strong><\/span><\/p>\n<p><em><strong><span style=\"color: #808080;\">El Profesor\u00a0Dar\u00edo Genovese comparte la participaci\u00f3n en el evento y las presentaciones realizadas.<\/span><\/strong><\/em><\/p>\n<p>Ante la situaci\u00f3n mundial producida por la pandemia del COVID-19, las y los docentes asumimos el compromiso de seguir educando, a pesar de que las condiciones y los medios para llevar adelante el trabajo cambiaron dr\u00e1sticamente y no cont\u00e1bamos con la debida formaci\u00f3n para su sustanciaci\u00f3n. En funci\u00f3n de las herramientas tecnol\u00f3gicas a disposici\u00f3n de docentes y estudiantes, as\u00ed como tambi\u00e9n de las pr\u00e1cticas de integraci\u00f3n de ellas en contextos formativos se han llevado adelante in\u00e9ditas pr\u00e1cticas de ense\u00f1anza de la Biolog\u00eda.<\/p>\n<p>Es por ello que, la revista de la Asociaci\u00f3n de Docentes de Biolog\u00eda de Argentina (ADBiA), en conjunto con el Profesorado de Biolog\u00eda de la Universidad Nacional de R\u00edo Negro y el Centro Regional Universitario Bariloche de la Universidad Nacional del Comahue, propusieron un espacio para que docentes e investigadores\/as pudieran compartir experiencias educativas, reflexiones y avances de investigaciones llevadas a cabo en torno a la ense\u00f1anza remota de la Biolog\u00eda en tiempos de excepcionalidad y de emergencia.<\/p>\n<p>Los objetivos del encuentro fueron: Generar un espacio en la virtualidad para el intercambio de experiencias educativas sobre la ense\u00f1anza de la Biolog\u00eda en el contexto de la pandemia del COVID-19. Promover el intercambio entre profesoras y profesores sobre las pr\u00e1cticas docentes en torno a la ense\u00f1anza y el aprendizaje en tiempos de excepcionalidad y emergencia. Acercar al profesorado de las instituciones educativas a la REB para promover la producci\u00f3n y publicaci\u00f3n de art\u00edculos.<\/p>\n<p>El Encuentro de Ense\u00f1anza de la Biolog\u00eda en contexto de pandemia (EEBP) cont\u00f3 con 800 inscriptos e inscriptas, provenientes de diferentes pa\u00edses y am\u00e9rica latina y de la casi totalidad de las provincias de nuestro pa\u00eds. El evento cont\u00f3 con 2 conferencistas; 22 panelistas, incluido entre ellos\/as el profesor Dar\u00edo Genovese de nuestro profesorado de educaci\u00f3n secundaria en Biolog\u00eda; y 195 trabajos, 6 de ellos correspondientes a docentes de nuestro IES seg\u00fan se observa a continuaci\u00f3n.<\/p>\n<p><strong>Programa Sint\u00e9tico<\/strong><\/p>\n<p><em>\u00a0 \u00a0 \u00a0Martes 22\/09<\/em><\/p>\n<p>11.00 h Acto de apertura y Conferencia Inaugural<\/p>\n<p>18.00 h Panel I: La Biolog\u00eda en las aulas de las escuelas secundarias: configuraciones de nuevas pr\u00e1cticas docentes en \u00e9poca de pandemia.<\/p>\n<p><em>\u00a0 \u00a0 \u00a0Mi\u00e9rcoles 23\/09<\/em><\/p>\n<p>11.00 h \u201cMesas de Discusi\u00f3n\u201d.<\/p>\n<p>18.00 h Panel II: La Did\u00e1ctica de las Ciencias Biol\u00f3gicas\/Ciencias Naturales y la Pr\u00e1ctica Docente en la formaci\u00f3n de los profesorados en escenarios de educaci\u00f3n remota.\u00a0<em><strong>Panelista Dar\u00edo M. Genovese del IES \u201cSim\u00f3n Bol\u00edvar\u201d, t\u00edtulo de la ponencia: Integraci\u00f3n de las TICs en una propuesta de residencia profesional docente de profesorado de educaci\u00f3n secundaria en Biolog\u00eda<\/strong><\/em>.<\/p>\n<p><em>\u00a0 \u00a0 \u00a0 Jueves 24\/09<\/em><\/p>\n<p>11.00 h \u201cMesas de Discusi\u00f3n\u201d.<\/p>\n<p>18.00 h Panel III: La ense\u00f1anza de las Ciencias Biol\u00f3gicas en las instituciones de educaci\u00f3n superior: facilitadores y limitaciones en la formaci\u00f3n de grado a trav\u00e9s de la virtualidad.<\/p>\n<p><em>\u00a0 \u00a0 \u00a0Viernes 25\/09<\/em><\/p>\n<p>11.00 h \u201cMesas de Discusi\u00f3n\u201d.<\/p>\n<p>15.00 h Aniversario profesorado UNRN<\/p>\n<p>18.00 h Panel IV: Las Tecnolog\u00edas de la Informaci\u00f3n y la Comunicaci\u00f3n en el contexto de la pandemia, modos de integraci\u00f3n y perspectivas futuras.<\/p>\n<p>20.00 h Encuentro de estudiantes<\/p>\n<p><em>\u00a0 \u00a0 \u00a0S\u00e1bado 26\/09<\/em><\/p>\n<p>11.00 h Conferencia y acto de cierre.<\/p>\n<p><img decoding=\"async\" loading=\"lazy\" src=\"http:\/\/congresos.adbia.org.ar\/public\/journals\/1\/cover_issue_2_es_ES.jpg\" alt=\"\" width=\"409\" height=\"578\" border=\"0\" \/><\/p>\n<p>&nbsp;<\/p>\n<p><strong><u>\u201cMesas de Discusi\u00f3n\u201d: Participaci\u00f3n de docentes, profesores adscriptos\/as y ayudantes alumnas de nuestro IES<\/u><\/strong><\/p>\n<p><strong>Foro n\u00ba 5.<\/strong><\/p>\n<p>* Oscar Montoya y Dar\u00edo Genovese, t\u00edtulo del trabajo:\u00a0<em>Los estilos comunicativos en clases de profesorado de educaci\u00f3n secundaria en Biolog\u00eda durante la pandemia del COVID-19<\/em>.<\/p>\n<p>* Dar\u00edo Genovese y Patricia Ponce, t\u00edtulo del trabajo:\u00a0<em>Redefinici\u00f3n de la propuesta de residencia profesional docente de profesorado de educaci\u00f3n secundaria en Biolog\u00eda en contexto de pandemia<\/em>.<\/p>\n<p>* Patricia Ponce, Valeria Chiaravalotti, Brenda Fissore y Dar\u00edo Genovese, t\u00edtulo del trabajo:\u00a0<em>Experiencia de residencia docente en Biolog\u00eda de cuarto a\u00f1o de una escuela secundaria de la ciudad de C\u00f3rdoba<\/em>.<\/p>\n<p><strong>Foro n\u00ba 6.<\/strong><\/p>\n<p>* Dar\u00edo Genovese, Gisella Carranza y Daniela D\u00edaz, t\u00edtulo del trabajo:\u00a0<em>Innovaci\u00f3n educativa en la ense\u00f1anza de la historia de la vida en la Tierra en contexto de Pandemia<\/em>.<\/p>\n<p>* Mariana Roldan, Florencia Santos y Dar\u00edo Genovese, t\u00edtulo del trabajo:\u00a0<em>Innovaci\u00f3n educativa en una experiencia de adscripci\u00f3n docente en contexto de pandemia<\/em>.<\/p>\n<p><strong>Foro n\u00ba 7.<\/strong><\/p>\n<p>* Ang\u00e9lica Chebel, Dar\u00edo Genovese y Claudia Pe\u00f1aloza, t\u00edtulo del trabajo:\u00a0<em>Experiencia de Taller Integrador de profesorado de Biolog\u00eda en contexto de pandemia<\/em>.<\/p>\n<p><span style=\"color: #808080; font-size: 1.25rem;\"><strong>Trabajos presentados en el EEBP<\/strong><\/span><\/p>\n<p><span style=\"color: #ff6600;\"><strong>Experiencia de Taller Integrador de profesorado de Biolog\u00eda en contexto de pandemia<\/strong><\/span><\/p>\n<p>Ang\u00e9lica Chebel, Dar\u00edo Genovese y Claudia Pe\u00f1aloza. Ver <a title=\"https:\/\/www.youtube.com\/watch?v=pGGj_BmPNMw&amp;amp;feature=emb_logo&amp;amp;ab_channel=DarioMartinGenovese\" href=\"https:\/\/www.youtube.com\/watch?v=pGGj_BmPNMw&amp;feature=emb_logo&amp;ab_channel=DarioMartinGenovese\" target=\"_blank\" rel=\"noopener\">aqu\u00ed<\/a><\/p>\n<p><iframe loading=\"lazy\" src=\"https:\/\/www.youtube.com\/embed\/pGGj_BmPNMw?wmode=transparent\" width=\"560\" height=\"315\" frameborder=\"0\" allowfullscreen=\"allowfullscreen\" data-mce-fragment=\"1\"><\/iframe><\/p>\n<p><strong><span style=\"color: #ff6600;\">Innovaci\u00f3n educativa en la ense\u00f1anza de la historia de la vida en la Tierra en contexto de Pandemia<\/span><\/strong><\/p>\n<p>Dar\u00edo Genovese, Gisella Carranza y Daniela D\u00edaz. Ver <a title=\"https:\/\/www.youtube.com\/watch?v=pGGj_BmPNMw&amp;amp;feature=emb_logo&amp;amp;ab_channel=DarioMartinGenovese\" href=\"https:\/\/www.youtube.com\/watch?v=pGGj_BmPNMw&amp;feature=emb_logo&amp;ab_channel=DarioMartinGenovese\" target=\"_blank\" rel=\"noopener\">aqu\u00ed<\/a>:<\/p>\n<p><iframe loading=\"lazy\" src=\"https:\/\/www.youtube.com\/embed\/swbkmoMVWH0?wmode=transparent\" width=\"560\" height=\"315\" frameborder=\"0\" allowfullscreen=\"allowfullscreen\" data-mce-fragment=\"1\"><\/iframe><\/p>\n","protected":false},"excerpt":{"rendered":"<p>Encuentro de Ense\u00f1anza de la Biolog\u00eda en contexto de pandemia 22 al 26 de septiembre de 2020. Intervinieron docentes, profesores adscriptos\/as y ayudantes alumnas de nuestro IES \u00abSim\u00f3n Bol\u00edvar\u00bb El Profesor\u00a0Dar\u00edo Genovese comparte la participaci\u00f3n en el evento y las presentaciones realizadas. Ante la situaci\u00f3n mundial producida por la pandemia del COVID-19, las y los &#8230; <a title=\"Docentes, adscriptos y ayudantes del Sim\u00f3n Bol\u00edvar participaron en el Encuentro de Ense\u00f1anza de la Biolog\u00eda en contexto de pandemia\" class=\"read-more\" href=\"https:\/\/iesbolivar-cba.infd.edu.ar\/sitio\/docentes-adscriptos-y-ayudantes-del-simon-bolivar-participaron-en-el-encuentro-de-ensenanza-de-la-biologia-en-contexto-de-pandemia\/\" aria-label=\"More on Docentes, adscriptos y ayudantes del Sim\u00f3n Bol\u00edvar participaron en el Encuentro de Ense\u00f1anza de la Biolog\u00eda en contexto de pandemia\">[+]<\/a><\/p>\n","protected":false},"author":3377,"featured_media":0,"comment_status":"open","ping_status":"open","sticky":false,"template":"","format":"standard","meta":[],"categories":[6],"tags":[],"acf":[],"_links":{"self":[{"href":"https:\/\/iesbolivar-cba.infd.edu.ar\/sitio\/wp-json\/wp\/v2\/posts\/2529"}],"collection":[{"href":"https:\/\/iesbolivar-cba.infd.edu.ar\/sitio\/wp-json\/wp\/v2\/posts"}],"about":[{"href":"https:\/\/iesbolivar-cba.infd.edu.ar\/sitio\/wp-json\/wp\/v2\/types\/post"}],"author":[{"embeddable":true,"href":"https:\/\/iesbolivar-cba.infd.edu.ar\/sitio\/wp-json\/wp\/v2\/users\/3377"}],"replies":[{"embeddable":true,"href":"https:\/\/iesbolivar-cba.infd.edu.ar\/sitio\/wp-json\/wp\/v2\/comments?post=2529"}],"version-history":[{"count":3,"href":"https:\/\/iesbolivar-cba.infd.edu.ar\/sitio\/wp-json\/wp\/v2\/posts\/2529\/revisions"}],"predecessor-version":[{"id":2532,"href":"https:\/\/iesbolivar-cba.infd.edu.ar\/sitio\/wp-json\/wp\/v2\/posts\/2529\/revisions\/2532"}],"wp:attachment":[{"href":"https:\/\/iesbolivar-cba.infd.edu.ar\/sitio\/wp-json\/wp\/v2\/media?parent=2529"}],"wp:term":[{"taxonomy":"category","embeddable":true,"href":"https:\/\/iesbolivar-cba.infd.edu.ar\/sitio\/wp-json\/wp\/v2\/categories?post=2529"},{"taxonomy":"post_tag","embeddable":true,"href":"https:\/\/iesbolivar-cba.infd.edu.ar\/sitio\/wp-json\/wp\/v2\/tags?post=2529"}],"curies":[{"name":"wp","href":"https:\/\/api.w.org\/{rel}","templated":true}]}}