{"id":2270,"date":"2020-03-06T09:18:11","date_gmt":"2020-03-06T12:18:11","guid":{"rendered":"https:\/\/iesbolivar-cba.infd.edu.ar\/sitio\/?p=2270"},"modified":"2020-03-06T09:18:40","modified_gmt":"2020-03-06T12:18:40","slug":"el-isep-abrio-la-prematriculacion-para-ciclo-de-seminarios","status":"publish","type":"post","link":"https:\/\/iesbolivar-cba.infd.edu.ar\/sitio\/el-isep-abrio-la-prematriculacion-para-ciclo-de-seminarios\/","title":{"rendered":"El ISEP abri\u00f3 la prematriculaci\u00f3n para Ciclo de Seminarios"},"content":{"rendered":"<table border=\"0\" cellspacing=\"0\" cellpadding=\"0\">\n<tbody>\n<tr>\n<td><strong><a href=\"http:\/\/isep-cba.edu.ar\/web\/\" target=\"_blank\" rel=\"noopener\" data-saferedirecturl=\"https:\/\/www.google.com\/url?q=http:\/\/isep-cba.edu.ar\/web\/&amp;source=gmail&amp;ust=1583583336750000&amp;usg=AFQjCNHEL2POeWMoyhHBOz5ZhIPclCpzyg\"><img decoding=\"async\" class=\"CToWUd\" src=\"https:\/\/ci6.googleusercontent.com\/proxy\/CjeCeYQ6-WyMRU_W8qGmowSw4EfKtXvaSln1ZUFu2hspI2Io_-KvpuWGqwoNwqtw-lTcqZaA6nKVgWOaf9JkwmiRtQq06FEoXQr3VhZF1ycGkJ91N-s1dmbETiGfrgEEpGXHznGEIwtD4qAHD351mk0a=s0-d-e1-ft#http:\/\/isep-cba.edu.ar\/autogestion\/uploads-files\/images\/headerISEP_prematriculacion_abierta.png\" alt=\"Prematriculaci\u00f3n abierta\" \/><\/a><\/strong><\/td>\n<\/tr>\n<tr>\n<td><strong><img decoding=\"async\" class=\"CToWUd a6T\" tabindex=\"0\" src=\"https:\/\/ci6.googleusercontent.com\/proxy\/YO8oKT6UmD0NTco0_gnWPAEnClwpcq_hLXRH7rCTfnjxzs0yXr9z0Sha6QMX2-up0nyLPASp9JS4xulM068MwP0ohRKV4DFw8sjSRYAf1X173PqUeLPr1CE-VgaykWbBBbg4SuKVfFt4bwc=s0-d-e1-ft#http:\/\/isep-cba.edu.ar\/autogestion\/uploads-files\/images\/13-02_Prematriculaciones_PyC.jpg\" alt=\"Ciclo de seminarios: Entre la Pedagog\u00eda y la Cultura\" \/><\/strong><\/td>\n<\/tr>\n<tr>\n<td><\/td>\n<\/tr>\n<tr>\n<td>\n<div>\n<p><strong>CICLO DE SEMINARIOS \u00abENTRE LA PEDAGOG\u00cdA Y LA CULTURA\u00bb<\/strong><\/p>\n<p>Se proponen fortalecer el v\u00ednculo entre la pedagog\u00eda y la cultura, alentando el compromiso con la transmisi\u00f3n cultural en el ejercicio de la docencia. Son destinatarios\/as de esta propuesta los\/as estudiantes regulares de formaci\u00f3n docente y los docentes de la provincia de C\u00f3rdoba que cumplan con los requerimientos especificados en la informaci\u00f3n de cada seminario.<\/p>\n<p>&nbsp;<\/p>\n<p><strong>&gt; SEMINARIOS DISPONIBLES\u00a0<\/strong><\/p>\n<p><strong><a href=\"http:\/\/isep-cba.edu.ar\/web\/seminario-sarmiento-civilizacion-y-barbarie\/\" target=\"_blank\" rel=\"noopener\" data-saferedirecturl=\"https:\/\/www.google.com\/url?q=http:\/\/isep-cba.edu.ar\/web\/seminario-sarmiento-civilizacion-y-barbarie\/&amp;source=gmail&amp;ust=1583583336750000&amp;usg=AFQjCNHntngHhSwNSnD7LTt5D6HZ7f0xQg\">Sarmiento. Civilizaci\u00f3n y Barbarie<\/a><\/strong><\/p>\n<p dir=\"ltr\"><strong><a href=\"http:\/\/isep-cba.edu.ar\/web\/seminario-la-exploracion-del-espacio-y-la-estatura-del-hombre\/\" target=\"_blank\" rel=\"noopener\" data-saferedirecturl=\"https:\/\/www.google.com\/url?q=http:\/\/isep-cba.edu.ar\/web\/seminario-la-exploracion-del-espacio-y-la-estatura-del-hombre\/&amp;source=gmail&amp;ust=1583583336750000&amp;usg=AFQjCNHHh8WlmqpLHkeo1a-i9YVGoVIuGw\">La exploraci\u00f3n del espacio y la estatura del hombre<\/a><\/strong><\/p>\n<p dir=\"ltr\"><strong><a href=\"http:\/\/isep-cba.edu.ar\/web\/seminario-enciclopedia-imaginaria-cuentos-de-borges\/\" target=\"_blank\" rel=\"noopener\" data-saferedirecturl=\"https:\/\/www.google.com\/url?q=http:\/\/isep-cba.edu.ar\/web\/seminario-enciclopedia-imaginaria-cuentos-de-borges\/&amp;source=gmail&amp;ust=1583583336750000&amp;usg=AFQjCNHqr-Z4VAbLhr7iI3JiF0u3X7YuSA\">Enciclopedia Imaginaria: Cuentos de Borges<\/a><\/strong><\/p>\n<p dir=\"ltr\"><strong><a href=\"http:\/\/isep-cba.edu.ar\/web\/seminario-jacques-ranciere-del-maestro-ignorante-al-espectador-emancipado\/\" target=\"_blank\" rel=\"noopener\" data-saferedirecturl=\"https:\/\/www.google.com\/url?q=http:\/\/isep-cba.edu.ar\/web\/seminario-jacques-ranciere-del-maestro-ignorante-al-espectador-emancipado\/&amp;source=gmail&amp;ust=1583583336750000&amp;usg=AFQjCNEqP9aODGnhVCzmfEiQ0sXeQwrYsA\">Jacques Ranci\u00e8re: del maestro ignorante al espectador emancipado<\/a><\/strong><\/p>\n<p dir=\"ltr\"><strong><a href=\"http:\/\/isep-cba.edu.ar\/web\/vidas-con-banda-sonora-musicas-e-identidades-en-la-argentina\/\" target=\"_blank\" rel=\"noopener\" data-saferedirecturl=\"https:\/\/www.google.com\/url?q=http:\/\/isep-cba.edu.ar\/web\/vidas-con-banda-sonora-musicas-e-identidades-en-la-argentina\/&amp;source=gmail&amp;ust=1583583336750000&amp;usg=AFQjCNFzH4V_mlIOzJhHGltzR_gkVkXHbw\">Vidas con bandas sonoras. M\u00fasicas e identidades en la Argentina<\/a><\/strong><\/p>\n<p dir=\"ltr\"><strong><a href=\"http:\/\/isep-cba.edu.ar\/web\/seminario-la-evolucion-de-lo-viviente-darwin-imprescindible\/\" target=\"_blank\" rel=\"noopener\" data-saferedirecturl=\"https:\/\/www.google.com\/url?q=http:\/\/isep-cba.edu.ar\/web\/seminario-la-evolucion-de-lo-viviente-darwin-imprescindible\/&amp;source=gmail&amp;ust=1583583336750000&amp;usg=AFQjCNHLwSFbohPmJD9uYNQK3SvcSvnB5g\">La evoluci\u00f3n de lo viviente: Darwin imprescindible<\/a><\/strong><\/p>\n<p dir=\"ltr\"><strong><a href=\"http:\/\/isep-cba.edu.ar\/web\/seminario-el-cordobazo-ciudad-acontecimiento-y-fiesta\/\" target=\"_blank\" rel=\"noopener\" data-saferedirecturl=\"https:\/\/www.google.com\/url?q=http:\/\/isep-cba.edu.ar\/web\/seminario-el-cordobazo-ciudad-acontecimiento-y-fiesta\/&amp;source=gmail&amp;ust=1583583336750000&amp;usg=AFQjCNHuUsAO5mH_f7ufo4DvQqEQUzYemw\">El Cordobazo: ciudad, acontecimiento y fiesta<\/a><\/strong><\/p>\n<p><strong>+ info:\u00a0<a href=\"http:\/\/isep-cba.edu.ar\/web\/estudiantes-de-formacion-docente\/\" target=\"_blank\" rel=\"noopener\" data-saferedirecturl=\"https:\/\/www.google.com\/url?q=http:\/\/isep-cba.edu.ar\/web\/estudiantes-de-formacion-docente\/&amp;source=gmail&amp;ust=1583583336750000&amp;usg=AFQjCNHHKrBcvrTzUYMRY1nKL_xYN3nRNQ\">clic aqu\u00ed<\/a><\/strong><\/p>\n<p>&nbsp;<\/p>\n<p><strong>&gt; ACTUALIZACI\u00d3N ACAD\u00c9MICA EN PEDAGOG\u00cdA Y CULTURA\u00a0<\/strong><\/p>\n<p>Quienes aprueben un m\u00ednimo de tres (3) seminarios del Ciclo y cumplan con los requisitos necesarios podr\u00e1n acreditar una\u00a0<a href=\"https:\/\/docs.google.com\/document\/d\/1zqM8bs53-y4uJkxrrnkpyjVo12I6o0rVUQ9IDlINS3Q\/edit\" target=\"_blank\" rel=\"noopener\" data-saferedirecturl=\"https:\/\/www.google.com\/url?q=https:\/\/docs.google.com\/document\/d\/1zqM8bs53-y4uJkxrrnkpyjVo12I6o0rVUQ9IDlINS3Q\/edit&amp;source=gmail&amp;ust=1583583336750000&amp;usg=AFQjCNEnQGkuprTAUS4QHIbDqAzKCHXsYQ\">Actualizaci\u00f3n Acad\u00e9mica en Pedagog\u00eda y Cultura<\/a>.<\/p>\n<\/div>\n<\/td>\n<\/tr>\n<tr>\n<td>\n<table border=\"0\" cellspacing=\"0\" cellpadding=\"0\">\n<tbody>\n<tr>\n<td><a href=\"http:\/\/isep-cba.edu.ar\/web\/2020\/02\/26\/el-isep-abrio-la-prematriculacion-para-los-seminarios-del-ciclo-entre-la-pedagogia-y-la-cultura\/\" target=\"_blank\" rel=\"noopener\" data-saferedirecturl=\"https:\/\/www.google.com\/url?q=http:\/\/isep-cba.edu.ar\/web\/2020\/02\/26\/el-isep-abrio-la-prematriculacion-para-los-seminarios-del-ciclo-entre-la-pedagogia-y-la-cultura\/&amp;source=gmail&amp;ust=1583583336750000&amp;usg=AFQjCNEAmI136Op-yjnVY6331ojtPM89zA\"><img decoding=\"async\" class=\"CToWUd\" src=\"https:\/\/ci4.googleusercontent.com\/proxy\/LhtjO7Ey9ob9XgfaiBkiVwxyh8g_7BBfWIUyjJE6AtseOUG-MxVheqV9Dh6bWCmn_m1flGK2n6f4KZ1W0NUDFDSH8NWf-mXWs0mEh2TqVxaOc0n-WGUT6J4=s0-d-e1-ft#http:\/\/isep-cba.edu.ar\/autogestion\/uploads-files\/images\/boton_info.png\" alt=\"bot\u00f3n informate\" \/><\/a><\/td>\n<td><a href=\"http:\/\/isep-cba.edu.ar\/autogestion\/prematriculacion\/\" target=\"_blank\" rel=\"noopener\" data-saferedirecturl=\"https:\/\/www.google.com\/url?q=http:\/\/isep-cba.edu.ar\/autogestion\/prematriculacion\/&amp;source=gmail&amp;ust=1583583336750000&amp;usg=AFQjCNHy9w32wpuR-CcV-BaRbF6WecAVWA\"><img decoding=\"async\" class=\"CToWUd\" src=\"https:\/\/ci6.googleusercontent.com\/proxy\/m4Ou0rz5fvR8GWwcAgLrXv6_gYJc8Ij1RY8bJ3umZYeNEYgrAboM3kRxTGiz4P1PX7_BfHwshXqjqLsugwEGMJqQwrTmggMNzAqDMh3VE8ko3lYKXIPWTgDiMwuoQBrt=s0-d-e1-ft#http:\/\/isep-cba.edu.ar\/autogestion\/uploads-files\/images\/boton_inscripcion.png\" alt=\"bot\u00f3n inscribite\" \/><\/a><\/td>\n<\/tr>\n<\/tbody>\n<\/table>\n<\/td>\n<\/tr>\n<tr>\n<td>\n<div>\n<p><strong>\/ *** \/<\/strong><\/p>\n<p>Ante cualquier duda o consulta, puede comunicarse con nuestra\u00a0<strong>Mesa de Ayuda<\/strong>:<\/p>\n<table>\n<tbody>\n<tr>\n<td><img decoding=\"async\" class=\"CToWUd\" src=\"https:\/\/ci5.googleusercontent.com\/proxy\/PvZ6Kd4a_KnvWGmPyhW05dT8bwGNnkOL1twWssjpwzgTZnf9lxz0Bdk-gOinT9738ApEHV9KJy64SPgY3x84LNvU8_1nEvub9WqKX8f1IsGCG9deZkcy8UeRqAABLQyAPEg=s0-d-e1-ft#http:\/\/isep-cba.edu.ar\/autogestion\/uploads-files\/images\/ico_telefono%281%29.jpg\" alt=\"ico tel\u00e9fono\" \/>0351 433 8615<\/td>\n<td><a href=\"mailto:mesadeayuda@isep-cba.edu.ar\" target=\"_blank\" rel=\"noopener\"><img decoding=\"async\" class=\"CToWUd\" src=\"https:\/\/ci3.googleusercontent.com\/proxy\/YOKgPRBLAhw5dnEs71mnQ3UgEQuGvUFU6Mea8-1BNNLy0IWKrCcBM8rthkepZowU3fu6aCNtNk7iDWsvPIr3mkFloLN3VX2TpSR9BV_Ct26TMNVXYWuJ=s0-d-e1-ft#http:\/\/isep-cba.edu.ar\/autogestion\/uploads-files\/images\/ico_mail.jpg\" alt=\"ico mail\" \/>mesadeayuda@isep-cba.edu.ar<\/a><\/td>\n<td><a href=\"https:\/\/www.facebook.com\/ISEPCba\/\" target=\"_blank\" rel=\"noopener\" data-saferedirecturl=\"https:\/\/www.google.com\/url?q=https:\/\/www.facebook.com\/ISEPCba\/&amp;source=gmail&amp;ust=1583583336751000&amp;usg=AFQjCNHxpVNmjdVumdf82PY3B7Na3RcKBw\"><img decoding=\"async\" class=\"CToWUd\" src=\"https:\/\/ci6.googleusercontent.com\/proxy\/lVNZc1QrYBAX1puG11lM8jkOu9y8U7vc6xjv3uvbyqA3_O6Argd3mNPJl_bY8BULNJegkNARNZ6C3CeIv6JtU-NbTPE_Vs3c0QW6igcq1lhVQr0OLA_l=s0-d-e1-ft#http:\/\/isep-cba.edu.ar\/autogestion\/uploads-files\/images\/ico_face.jpg\" alt=\"\" \/>\/ISEPCba\/<\/a><\/td>\n<\/tr>\n<\/tbody>\n<\/table>\n<\/div>\n<\/td>\n<\/tr>\n<tr>\n<td><\/td>\n<\/tr>\n<\/tbody>\n<\/table>\n","protected":false},"excerpt":{"rendered":"<p>CICLO DE SEMINARIOS \u00abENTRE LA PEDAGOG\u00cdA Y LA CULTURA\u00bb Se proponen fortalecer el v\u00ednculo entre la pedagog\u00eda y la cultura, alentando el compromiso con la transmisi\u00f3n cultural en el ejercicio de la docencia. Son destinatarios\/as de esta propuesta los\/as estudiantes regulares de formaci\u00f3n docente y los docentes de la provincia de C\u00f3rdoba que cumplan con &#8230; <a title=\"El ISEP abri\u00f3 la prematriculaci\u00f3n para Ciclo de Seminarios\" class=\"read-more\" href=\"https:\/\/iesbolivar-cba.infd.edu.ar\/sitio\/el-isep-abrio-la-prematriculacion-para-ciclo-de-seminarios\/\" aria-label=\"More on El ISEP abri\u00f3 la prematriculaci\u00f3n para Ciclo de Seminarios\">[+]<\/a><\/p>\n","protected":false},"author":3377,"featured_media":0,"comment_status":"open","ping_status":"open","sticky":false,"template":"","format":"standard","meta":[],"categories":[6],"tags":[],"acf":[],"_links":{"self":[{"href":"https:\/\/iesbolivar-cba.infd.edu.ar\/sitio\/wp-json\/wp\/v2\/posts\/2270"}],"collection":[{"href":"https:\/\/iesbolivar-cba.infd.edu.ar\/sitio\/wp-json\/wp\/v2\/posts"}],"about":[{"href":"https:\/\/iesbolivar-cba.infd.edu.ar\/sitio\/wp-json\/wp\/v2\/types\/post"}],"author":[{"embeddable":true,"href":"https:\/\/iesbolivar-cba.infd.edu.ar\/sitio\/wp-json\/wp\/v2\/users\/3377"}],"replies":[{"embeddable":true,"href":"https:\/\/iesbolivar-cba.infd.edu.ar\/sitio\/wp-json\/wp\/v2\/comments?post=2270"}],"version-history":[{"count":1,"href":"https:\/\/iesbolivar-cba.infd.edu.ar\/sitio\/wp-json\/wp\/v2\/posts\/2270\/revisions"}],"predecessor-version":[{"id":2271,"href":"https:\/\/iesbolivar-cba.infd.edu.ar\/sitio\/wp-json\/wp\/v2\/posts\/2270\/revisions\/2271"}],"wp:attachment":[{"href":"https:\/\/iesbolivar-cba.infd.edu.ar\/sitio\/wp-json\/wp\/v2\/media?parent=2270"}],"wp:term":[{"taxonomy":"category","embeddable":true,"href":"https:\/\/iesbolivar-cba.infd.edu.ar\/sitio\/wp-json\/wp\/v2\/categories?post=2270"},{"taxonomy":"post_tag","embeddable":true,"href":"https:\/\/iesbolivar-cba.infd.edu.ar\/sitio\/wp-json\/wp\/v2\/tags?post=2270"}],"curies":[{"name":"wp","href":"https:\/\/api.w.org\/{rel}","templated":true}]}}