{"id":2257,"date":"2020-03-03T16:00:39","date_gmt":"2020-03-03T19:00:39","guid":{"rendered":"https:\/\/iesbolivar-cba.infd.edu.ar\/sitio\/?p=2257"},"modified":"2020-03-03T16:00:39","modified_gmt":"2020-03-03T19:00:39","slug":"actuemos-frente-al-dengue-la-participacion-comunitaria-es-imprescindible","status":"publish","type":"post","link":"https:\/\/iesbolivar-cba.infd.edu.ar\/sitio\/actuemos-frente-al-dengue-la-participacion-comunitaria-es-imprescindible\/","title":{"rendered":"Actuemos frente al Dengue. La participaci\u00f3n comunitaria es imprescindible."},"content":{"rendered":"<p style=\"text-align: center;\">ACTUEMOS FRENTE AL DENGUE.\u00a0INFORMATE<\/p>\n<blockquote>\n<p style=\"text-align: center;\"><span style=\"color: #ff6600;\"><em>A\u00fan no existe una vacuna preventiva, el control depende de la informaci\u00f3n y la concientizaci\u00f3n.\u00a0La participaci\u00f3n comunitaria es imprescindible.<\/em><\/span><\/p>\n<\/blockquote>\n<p style=\"text-align: center;\">Mir\u00e1 el video<\/p>\n<p style=\"text-align: center;\"><a title=\"https:\/\/www.youtube.com\/watch?list=UU2BzFQxP0mhfXW5D3UCquSA&amp;amp;v=OcC9kPD_Kmo&amp;amp;feature=emb_title\" href=\"https:\/\/www.youtube.com\/watch?list=UU2BzFQxP0mhfXW5D3UCquSA&amp;v=OcC9kPD_Kmo&amp;feature=emb_title\" target=\"_blank\" rel=\"noopener\" data-saferedirecturl=\"https:\/\/www.google.com\/url?q=https:\/\/www.youtube.com\/watch?list%3DUU2BzFQxP0mhfXW5D3UCquSA%26v%3DOcC9kPD_Kmo%26feature%3Demb_title&amp;source=gmail&amp;ust=1583347870302000&amp;usg=AFQjCNFpeRWwjvPL2dcXdJUyALRLFHzQRw\"><img decoding=\"async\" loading=\"lazy\" class=\"CToWUd\" src=\"https:\/\/ci4.googleusercontent.com\/proxy\/taYM9npsTClAIpenuel0Pcbuolh41N1Vu5tVdBSDvgZWy2X8vxDyXf7Q2OiQXR3Re4xE6CyCR1VgoZ0q5Nna4fiC7kUUXkaM_F0fApmKTk6Fe-Hlw7pr1DkDleHqz6I91R3_spDW0w=s0-d-e1-ft#https:\/\/iesbolivar-cba.infd.edu.ar\/aula\/archivos\/repositorio\/\/2500\/2675\/dengue_2.png\" alt=\"\" width=\"700\" height=\"501\" border=\"0\" \/><\/a><\/p>\n","protected":false},"excerpt":{"rendered":"<p>ACTUEMOS FRENTE AL DENGUE.\u00a0INFORMATE A\u00fan no existe una vacuna preventiva, el control depende de la informaci\u00f3n y la concientizaci\u00f3n.\u00a0La participaci\u00f3n comunitaria es imprescindible. Mir\u00e1 el video<\/p>\n","protected":false},"author":3377,"featured_media":0,"comment_status":"open","ping_status":"open","sticky":false,"template":"","format":"standard","meta":[],"categories":[6],"tags":[],"acf":[],"_links":{"self":[{"href":"https:\/\/iesbolivar-cba.infd.edu.ar\/sitio\/wp-json\/wp\/v2\/posts\/2257"}],"collection":[{"href":"https:\/\/iesbolivar-cba.infd.edu.ar\/sitio\/wp-json\/wp\/v2\/posts"}],"about":[{"href":"https:\/\/iesbolivar-cba.infd.edu.ar\/sitio\/wp-json\/wp\/v2\/types\/post"}],"author":[{"embeddable":true,"href":"https:\/\/iesbolivar-cba.infd.edu.ar\/sitio\/wp-json\/wp\/v2\/users\/3377"}],"replies":[{"embeddable":true,"href":"https:\/\/iesbolivar-cba.infd.edu.ar\/sitio\/wp-json\/wp\/v2\/comments?post=2257"}],"version-history":[{"count":1,"href":"https:\/\/iesbolivar-cba.infd.edu.ar\/sitio\/wp-json\/wp\/v2\/posts\/2257\/revisions"}],"predecessor-version":[{"id":2258,"href":"https:\/\/iesbolivar-cba.infd.edu.ar\/sitio\/wp-json\/wp\/v2\/posts\/2257\/revisions\/2258"}],"wp:attachment":[{"href":"https:\/\/iesbolivar-cba.infd.edu.ar\/sitio\/wp-json\/wp\/v2\/media?parent=2257"}],"wp:term":[{"taxonomy":"category","embeddable":true,"href":"https:\/\/iesbolivar-cba.infd.edu.ar\/sitio\/wp-json\/wp\/v2\/categories?post=2257"},{"taxonomy":"post_tag","embeddable":true,"href":"https:\/\/iesbolivar-cba.infd.edu.ar\/sitio\/wp-json\/wp\/v2\/tags?post=2257"}],"curies":[{"name":"wp","href":"https:\/\/api.w.org\/{rel}","templated":true}]}}