{"id":2247,"date":"2020-02-28T09:37:23","date_gmt":"2020-02-28T12:37:23","guid":{"rendered":"https:\/\/iesbolivar-cba.infd.edu.ar\/sitio\/?p=2247"},"modified":"2020-02-28T11:52:53","modified_gmt":"2020-02-28T14:52:53","slug":"producciones-de-estudiantes-de-geografia-fueron-publicadas-en-una-revista-academica","status":"publish","type":"post","link":"https:\/\/iesbolivar-cba.infd.edu.ar\/sitio\/producciones-de-estudiantes-de-geografia-fueron-publicadas-en-una-revista-academica\/","title":{"rendered":"Producciones de estudiantes de Geograf\u00eda fueron publicadas en una revista acad\u00e9mica"},"content":{"rendered":"<p>Viviana Arroyo, Leandro Gim\u00e9nez y Ana Rom\u00e1n, estudiantes de cuarto a\u00f1o del Profesorado de Geograf\u00eda, publicaron una rese\u00f1a en la revista cient\u00edfica SURES. La producci\u00f3n se origin\u00f3 en una actividad evaluativa implementada durante 2019 en el marco del Seminario de Geograf\u00eda Cultural, a cargo de la Profesora Silvia Valiente.<\/p>\n<p>La actividad evaluativa consisti\u00f3 en la lectura, selecci\u00f3n y rese\u00f1a grupal de libros propuestos en el marco del Programa del espacio curricular. Durante las clases se escribieron, socializaron y corrigieron los borradores parciales, y los estudiantes, finalmente se registraron en la p\u00e1gina web de la revista y enviaron la producci\u00f3n que hoy es publicada.<\/p>\n<p>La revista SURES se publica cada seis meses en formato digital y apoya la investigaci\u00f3n interdisciplinaria, se presenta como un espacio de pensamiento plural sobre las epistemolog\u00edas del hemisferio sur.<\/p>\n<p><img decoding=\"async\" loading=\"lazy\" src=\"https:\/\/revistas.unila.edu.br\/public\/journals\/3\/pageHeaderTitleImage_pt_BR.png\" alt=\"\" width=\"681\" height=\"196\" border=\"0\" \/><\/p>\n<p>La obra rese\u00f1ada por los estudiantes se titula \u00abPeones en un ajedrez militar: los habitantes de la frontera norte\u00bb y su autora es Laura Gonz\u00e1lez Carranza. Para acceder a la rese\u00f1a hacer clic <a title=\"https:\/\/revistas.unila.edu.br\/sures\/issue\/view\/131\/showToc\" href=\"https:\/\/revistas.unila.edu.br\/sures\/issue\/view\/131\/showToc\" target=\"PRINCIPAL\">aqu\u00ed<\/a>.<\/p>\n<p><img decoding=\"async\" loading=\"lazy\" src=\"https:\/\/iesbolivar-cba.infd.edu.ar\/aula\/archivos\/repositorio\/\/2500\/2673\/resen_a.png\" alt=\"\" width=\"700\" height=\"268\" border=\"0\" \/><\/p>\n<p>Felicitamos a la profesora y a los estudiantes que suman una publicaci\u00f3n a su incipiente CV.<\/p>\n<p>&nbsp;<\/p>\n","protected":false},"excerpt":{"rendered":"<p>Viviana Arroyo, Leandro Gim\u00e9nez y Ana Rom\u00e1n, estudiantes de cuarto a\u00f1o del Profesorado de Geograf\u00eda, publicaron una rese\u00f1a en la revista cient\u00edfica SURES. La producci\u00f3n se origin\u00f3 en una actividad evaluativa implementada durante 2019 en el marco del Seminario de Geograf\u00eda Cultural, a cargo de la Profesora Silvia Valiente. La actividad evaluativa consisti\u00f3 en la &#8230; <a title=\"Producciones de estudiantes de Geograf\u00eda fueron publicadas en una revista acad\u00e9mica\" class=\"read-more\" href=\"https:\/\/iesbolivar-cba.infd.edu.ar\/sitio\/producciones-de-estudiantes-de-geografia-fueron-publicadas-en-una-revista-academica\/\" aria-label=\"More on Producciones de estudiantes de Geograf\u00eda fueron publicadas en una revista acad\u00e9mica\">[+]<\/a><\/p>\n","protected":false},"author":3377,"featured_media":0,"comment_status":"open","ping_status":"open","sticky":false,"template":"","format":"standard","meta":[],"categories":[6],"tags":[],"acf":[],"_links":{"self":[{"href":"https:\/\/iesbolivar-cba.infd.edu.ar\/sitio\/wp-json\/wp\/v2\/posts\/2247"}],"collection":[{"href":"https:\/\/iesbolivar-cba.infd.edu.ar\/sitio\/wp-json\/wp\/v2\/posts"}],"about":[{"href":"https:\/\/iesbolivar-cba.infd.edu.ar\/sitio\/wp-json\/wp\/v2\/types\/post"}],"author":[{"embeddable":true,"href":"https:\/\/iesbolivar-cba.infd.edu.ar\/sitio\/wp-json\/wp\/v2\/users\/3377"}],"replies":[{"embeddable":true,"href":"https:\/\/iesbolivar-cba.infd.edu.ar\/sitio\/wp-json\/wp\/v2\/comments?post=2247"}],"version-history":[{"count":2,"href":"https:\/\/iesbolivar-cba.infd.edu.ar\/sitio\/wp-json\/wp\/v2\/posts\/2247\/revisions"}],"predecessor-version":[{"id":2252,"href":"https:\/\/iesbolivar-cba.infd.edu.ar\/sitio\/wp-json\/wp\/v2\/posts\/2247\/revisions\/2252"}],"wp:attachment":[{"href":"https:\/\/iesbolivar-cba.infd.edu.ar\/sitio\/wp-json\/wp\/v2\/media?parent=2247"}],"wp:term":[{"taxonomy":"category","embeddable":true,"href":"https:\/\/iesbolivar-cba.infd.edu.ar\/sitio\/wp-json\/wp\/v2\/categories?post=2247"},{"taxonomy":"post_tag","embeddable":true,"href":"https:\/\/iesbolivar-cba.infd.edu.ar\/sitio\/wp-json\/wp\/v2\/tags?post=2247"}],"curies":[{"name":"wp","href":"https:\/\/api.w.org\/{rel}","templated":true}]}}