{"id":2242,"date":"2020-02-27T16:01:05","date_gmt":"2020-02-27T19:01:05","guid":{"rendered":"https:\/\/iesbolivar-cba.infd.edu.ar\/sitio\/?p=2242"},"modified":"2020-02-28T09:40:32","modified_gmt":"2020-02-28T12:40:32","slug":"ingresantes-del-anexo-de-simon-bolivar-cursan-el-seminario-el-oficio-de-ensenar","status":"publish","type":"post","link":"https:\/\/iesbolivar-cba.infd.edu.ar\/sitio\/ingresantes-del-anexo-de-simon-bolivar-cursan-el-seminario-el-oficio-de-ensenar\/","title":{"rendered":"Ingresantes del Anexo del Sim\u00f3n Bol\u00edvar cursan el Seminario El Oficio de Ense\u00f1ar"},"content":{"rendered":"<p>M\u00e1s de 30 ingresantes 2020 cursan el Profesorado de Educaci\u00f3n Secundaria en Lengua y Literatura en el Anexo del IES Sim\u00f3n Bol\u00edvar, situado en la Escuela Provincia de Santiago del Estero, en Barrio Villa El Libertador. El Anexo funciona desde el a\u00f1o 2015 y desde el 2019 ya cuenta con egresados de la carrera. Actualmente, al igual que en la sede central, los estudiantes est\u00e1n cursando el Seminario El Oficio de Ense\u00f1a del ciclo introductorio. \u00a1Mucha suerte a toda\/os!<\/p>\n<p><img decoding=\"async\" loading=\"lazy\" src=\"https:\/\/iesbolivar-cba.infd.edu.ar\/aula\/archivos\/repositorio\/\/2500\/2664\/20200226_201017.jpg\" alt=\"\" width=\"700\" height=\"328\" border=\"0\" \/><\/p>\n<p><img decoding=\"async\" loading=\"lazy\" src=\"https:\/\/iesbolivar-cba.infd.edu.ar\/aula\/archivos\/repositorio\/\/2500\/2667\/20200226_201426.jpg\" alt=\"\" width=\"700\" height=\"401\" border=\"0\" \/><\/p>\n<p><img decoding=\"async\" loading=\"lazy\" src=\"https:\/\/iesbolivar-cba.infd.edu.ar\/aula\/archivos\/repositorio\/\/2500\/2668\/20200226_201456.jpg\" alt=\"\" width=\"700\" height=\"370\" border=\"0\" \/><\/p>\n<p><img decoding=\"async\" loading=\"lazy\" src=\"https:\/\/iesbolivar-cba.infd.edu.ar\/aula\/archivos\/repositorio\/\/2500\/2669\/20200226_201501.jpg\" alt=\"\" width=\"700\" height=\"387\" border=\"0\" \/><\/p>\n<p><img decoding=\"async\" loading=\"lazy\" src=\"https:\/\/iesbolivar-cba.infd.edu.ar\/aula\/archivos\/repositorio\/\/2500\/2670\/20200226_201451.jpg\" alt=\"\" width=\"700\" height=\"407\" border=\"0\" \/><\/p>\n","protected":false},"excerpt":{"rendered":"<p>M\u00e1s de 30 ingresantes 2020 cursan el Profesorado de Educaci\u00f3n Secundaria en Lengua y Literatura en el Anexo del IES Sim\u00f3n Bol\u00edvar, situado en la Escuela Provincia de Santiago del Estero, en Barrio Villa El Libertador. El Anexo funciona desde el a\u00f1o 2015 y desde el 2019 ya cuenta con egresados de la carrera. Actualmente, &#8230; <a title=\"Ingresantes del Anexo del Sim\u00f3n Bol\u00edvar cursan el Seminario El Oficio de Ense\u00f1ar\" class=\"read-more\" href=\"https:\/\/iesbolivar-cba.infd.edu.ar\/sitio\/ingresantes-del-anexo-de-simon-bolivar-cursan-el-seminario-el-oficio-de-ensenar\/\" aria-label=\"More on Ingresantes del Anexo del Sim\u00f3n Bol\u00edvar cursan el Seminario El Oficio de Ense\u00f1ar\">[+]<\/a><\/p>\n","protected":false},"author":3377,"featured_media":0,"comment_status":"open","ping_status":"open","sticky":false,"template":"","format":"standard","meta":[],"categories":[6],"tags":[],"acf":[],"_links":{"self":[{"href":"https:\/\/iesbolivar-cba.infd.edu.ar\/sitio\/wp-json\/wp\/v2\/posts\/2242"}],"collection":[{"href":"https:\/\/iesbolivar-cba.infd.edu.ar\/sitio\/wp-json\/wp\/v2\/posts"}],"about":[{"href":"https:\/\/iesbolivar-cba.infd.edu.ar\/sitio\/wp-json\/wp\/v2\/types\/post"}],"author":[{"embeddable":true,"href":"https:\/\/iesbolivar-cba.infd.edu.ar\/sitio\/wp-json\/wp\/v2\/users\/3377"}],"replies":[{"embeddable":true,"href":"https:\/\/iesbolivar-cba.infd.edu.ar\/sitio\/wp-json\/wp\/v2\/comments?post=2242"}],"version-history":[{"count":3,"href":"https:\/\/iesbolivar-cba.infd.edu.ar\/sitio\/wp-json\/wp\/v2\/posts\/2242\/revisions"}],"predecessor-version":[{"id":2251,"href":"https:\/\/iesbolivar-cba.infd.edu.ar\/sitio\/wp-json\/wp\/v2\/posts\/2242\/revisions\/2251"}],"wp:attachment":[{"href":"https:\/\/iesbolivar-cba.infd.edu.ar\/sitio\/wp-json\/wp\/v2\/media?parent=2242"}],"wp:term":[{"taxonomy":"category","embeddable":true,"href":"https:\/\/iesbolivar-cba.infd.edu.ar\/sitio\/wp-json\/wp\/v2\/categories?post=2242"},{"taxonomy":"post_tag","embeddable":true,"href":"https:\/\/iesbolivar-cba.infd.edu.ar\/sitio\/wp-json\/wp\/v2\/tags?post=2242"}],"curies":[{"name":"wp","href":"https:\/\/api.w.org\/{rel}","templated":true}]}}