{"id":2231,"date":"2020-02-19T15:36:08","date_gmt":"2020-02-19T18:36:08","guid":{"rendered":"https:\/\/iesbolivar-cba.infd.edu.ar\/sitio\/?p=2231"},"modified":"2020-02-21T11:50:55","modified_gmt":"2020-02-21T14:50:55","slug":"mas-de-550-ingresantes-bienvenidos","status":"publish","type":"post","link":"https:\/\/iesbolivar-cba.infd.edu.ar\/sitio\/mas-de-550-ingresantes-bienvenidos\/","title":{"rendered":"M\u00e1s de 550 ingresantes \u00a1Bienvenido\/as!"},"content":{"rendered":"<p>El Director del IES Sim\u00f3n Bol\u00edvar Prof. Rafael Herrera dio la bienvenida a los\/as ingresantes 2020.\u00a0El acto se realiz\u00f3 el martes 18 de febrero en los tres turnos en que se dictan las carreras del Instituto, con auditorios colmados.<\/p>\n<p>Durante la bienvenida, el Director present\u00f3 un video institucional, explic\u00f3 la organizaci\u00f3n del ciclo de ingreso que comienza el 19 de febrero y, entre otras cosas, reflexion\u00f3 sobre el rol y el significado de la pr\u00e1ctica y la formaci\u00f3n docente en la actualidad.<\/p>\n<p>En el acto tambi\u00e9n participaron integrantes del Centro de Estudiantes y consejeras estudiantiles.<\/p>\n<p>\u00a1Bienvenido\/as ingresantes!<\/p>\n<p><img decoding=\"async\" src=\"https:\/\/ci5.googleusercontent.com\/proxy\/0Nm-MLWuOYzPA5lSiRRqBFX1j8YwnLKYsF8pFyaChuDbOwYNvrDQfP3mqQ_U_bgl27j6MNDX2QgvoevUTEf67g1oBjzaxv-EmAR1nJSUvViSB3pqrhjkiuEzfJhBa5JfwGlqPbTvkX_9VYcA58E=s0-d-e1-ft#https:\/\/iesbolivar-cba.infd.edu.ar\/aula\/archivos\/repositorio\/\/2500\/2661\/20200218_103355.jpg\" \/><\/p>\n<p><img decoding=\"async\" loading=\"lazy\" class=\"alignnone size-full wp-image-2232\" src=\"https:\/\/iesbolivar-cba.infd.edu.ar\/sitio\/wp-content\/uploads\/2020\/02\/ingreso2.jpg\" alt=\"\" width=\"700\" height=\"351\" \/><\/p>\n","protected":false},"excerpt":{"rendered":"<p>El Director del IES Sim\u00f3n Bol\u00edvar Prof. Rafael Herrera dio la bienvenida a los\/as ingresantes 2020.\u00a0El acto se realiz\u00f3 el martes 18 de febrero en los tres turnos en que se dictan las carreras del Instituto, con auditorios colmados. Durante la bienvenida, el Director present\u00f3 un video institucional, explic\u00f3 la organizaci\u00f3n del ciclo de ingreso &#8230; <a title=\"M\u00e1s de 550 ingresantes \u00a1Bienvenido\/as!\" class=\"read-more\" href=\"https:\/\/iesbolivar-cba.infd.edu.ar\/sitio\/mas-de-550-ingresantes-bienvenidos\/\" aria-label=\"More on M\u00e1s de 550 ingresantes \u00a1Bienvenido\/as!\">[+]<\/a><\/p>\n","protected":false},"author":3377,"featured_media":0,"comment_status":"open","ping_status":"open","sticky":false,"template":"","format":"standard","meta":[],"categories":[6],"tags":[],"acf":[],"_links":{"self":[{"href":"https:\/\/iesbolivar-cba.infd.edu.ar\/sitio\/wp-json\/wp\/v2\/posts\/2231"}],"collection":[{"href":"https:\/\/iesbolivar-cba.infd.edu.ar\/sitio\/wp-json\/wp\/v2\/posts"}],"about":[{"href":"https:\/\/iesbolivar-cba.infd.edu.ar\/sitio\/wp-json\/wp\/v2\/types\/post"}],"author":[{"embeddable":true,"href":"https:\/\/iesbolivar-cba.infd.edu.ar\/sitio\/wp-json\/wp\/v2\/users\/3377"}],"replies":[{"embeddable":true,"href":"https:\/\/iesbolivar-cba.infd.edu.ar\/sitio\/wp-json\/wp\/v2\/comments?post=2231"}],"version-history":[{"count":5,"href":"https:\/\/iesbolivar-cba.infd.edu.ar\/sitio\/wp-json\/wp\/v2\/posts\/2231\/revisions"}],"predecessor-version":[{"id":2240,"href":"https:\/\/iesbolivar-cba.infd.edu.ar\/sitio\/wp-json\/wp\/v2\/posts\/2231\/revisions\/2240"}],"wp:attachment":[{"href":"https:\/\/iesbolivar-cba.infd.edu.ar\/sitio\/wp-json\/wp\/v2\/media?parent=2231"}],"wp:term":[{"taxonomy":"category","embeddable":true,"href":"https:\/\/iesbolivar-cba.infd.edu.ar\/sitio\/wp-json\/wp\/v2\/categories?post=2231"},{"taxonomy":"post_tag","embeddable":true,"href":"https:\/\/iesbolivar-cba.infd.edu.ar\/sitio\/wp-json\/wp\/v2\/tags?post=2231"}],"curies":[{"name":"wp","href":"https:\/\/api.w.org\/{rel}","templated":true}]}}