{"id":2122,"date":"2019-09-27T10:11:25","date_gmt":"2019-09-27T13:11:25","guid":{"rendered":"https:\/\/iesbolivar-cba.infd.edu.ar\/sitio\/?p=2122"},"modified":"2019-09-27T10:11:25","modified_gmt":"2019-09-27T13:11:25","slug":"conversatorio-sobre-lenguaje-inclusivo-y-formacion-docente","status":"publish","type":"post","link":"https:\/\/iesbolivar-cba.infd.edu.ar\/sitio\/conversatorio-sobre-lenguaje-inclusivo-y-formacion-docente\/","title":{"rendered":"Conversatorio sobre Lenguaje inclusivo y formaci\u00f3n docente"},"content":{"rendered":"<p>El mi\u00e9rcoles 18 de septiembre se desarroll\u00f3 el conversatorio \u00abDebatir para comprender: lenguaje inclusivo y formaci\u00f3n docente\u00bb organizado por las docentes de Pr\u00e1cticas de Oralidad, Lectura y Escritura, Introducci\u00f3n a los estudios del Lenguaje y Gram\u00e1tica Te\u00f3rica Y Aplicada del Profesorado de lengua y Literatura del turno ma\u00f1ana. En la ocasi\u00f3n disertaron la Dra. Prof. Cecilia Defag\u00f3 (UNC) Mag. Prof. Natalia G\u00f3mez Calvillo (UNC) y el Dr. Prof. Luis A. S\u00e1nchez del IES Sim\u00f3n Bol\u00edvar.<\/p>\n<p><img decoding=\"async\" loading=\"lazy\" class=\"CToWUd a6T\" tabindex=\"0\" src=\"https:\/\/ci5.googleusercontent.com\/proxy\/D7wQhxlV_rXus78ye_X2fgEEIjdw0BS1Bd2joTcplzN-s6aoJ4GPor4SZHK1m9PQFQDtXks5gtEM79m5Sl-zfJ_YcoslDfu-scl2NxHZ2Wp6A3WHk-GeMEDsmDAg5xAVPiova01boZTPqS8PeMerjXPp=s0-d-e1-ft#https:\/\/iesbolivar-cba.infd.edu.ar\/aula\/archivos\/repositorio\/\/2250\/2440\/IMG-20190918-WA0018.jpg\" alt=\"\" width=\"700\" height=\"409\" border=\"0\" \/><\/p>\n<p><img decoding=\"async\" loading=\"lazy\" class=\"CToWUd a6T\" tabindex=\"0\" src=\"https:\/\/ci6.googleusercontent.com\/proxy\/5utfxldHXV7F8WKAuAQq882m2oUpBVw8hHJ9hGWsO5E_hmFjQy3_RFs6qyUQmtj2tw1qT88rCLzNUKXP2jwaiaCpBDIx7f_c8_cizS5ck5mlIVHx3vmonvR_5pEZHcxNSirj8bFRL5t1t25893upxKSu=s0-d-e1-ft#https:\/\/iesbolivar-cba.infd.edu.ar\/aula\/archivos\/repositorio\/\/2250\/2441\/IMG-20190918-WA0017.jpg\" alt=\"\" width=\"700\" height=\"296\" border=\"0\" \/><\/p>\n","protected":false},"excerpt":{"rendered":"<p>El mi\u00e9rcoles 18 de septiembre se desarroll\u00f3 el conversatorio \u00abDebatir para comprender: lenguaje inclusivo y formaci\u00f3n docente\u00bb organizado por las docentes de Pr\u00e1cticas de Oralidad, Lectura y Escritura, Introducci\u00f3n a los estudios del Lenguaje y Gram\u00e1tica Te\u00f3rica Y Aplicada del Profesorado de lengua y Literatura del turno ma\u00f1ana. En la ocasi\u00f3n disertaron la Dra. Prof. &#8230; <a title=\"Conversatorio sobre Lenguaje inclusivo y formaci\u00f3n docente\" class=\"read-more\" href=\"https:\/\/iesbolivar-cba.infd.edu.ar\/sitio\/conversatorio-sobre-lenguaje-inclusivo-y-formacion-docente\/\" aria-label=\"More on Conversatorio sobre Lenguaje inclusivo y formaci\u00f3n docente\">[+]<\/a><\/p>\n","protected":false},"author":3377,"featured_media":0,"comment_status":"open","ping_status":"open","sticky":false,"template":"","format":"standard","meta":[],"categories":[6],"tags":[],"acf":[],"_links":{"self":[{"href":"https:\/\/iesbolivar-cba.infd.edu.ar\/sitio\/wp-json\/wp\/v2\/posts\/2122"}],"collection":[{"href":"https:\/\/iesbolivar-cba.infd.edu.ar\/sitio\/wp-json\/wp\/v2\/posts"}],"about":[{"href":"https:\/\/iesbolivar-cba.infd.edu.ar\/sitio\/wp-json\/wp\/v2\/types\/post"}],"author":[{"embeddable":true,"href":"https:\/\/iesbolivar-cba.infd.edu.ar\/sitio\/wp-json\/wp\/v2\/users\/3377"}],"replies":[{"embeddable":true,"href":"https:\/\/iesbolivar-cba.infd.edu.ar\/sitio\/wp-json\/wp\/v2\/comments?post=2122"}],"version-history":[{"count":1,"href":"https:\/\/iesbolivar-cba.infd.edu.ar\/sitio\/wp-json\/wp\/v2\/posts\/2122\/revisions"}],"predecessor-version":[{"id":2123,"href":"https:\/\/iesbolivar-cba.infd.edu.ar\/sitio\/wp-json\/wp\/v2\/posts\/2122\/revisions\/2123"}],"wp:attachment":[{"href":"https:\/\/iesbolivar-cba.infd.edu.ar\/sitio\/wp-json\/wp\/v2\/media?parent=2122"}],"wp:term":[{"taxonomy":"category","embeddable":true,"href":"https:\/\/iesbolivar-cba.infd.edu.ar\/sitio\/wp-json\/wp\/v2\/categories?post=2122"},{"taxonomy":"post_tag","embeddable":true,"href":"https:\/\/iesbolivar-cba.infd.edu.ar\/sitio\/wp-json\/wp\/v2\/tags?post=2122"}],"curies":[{"name":"wp","href":"https:\/\/api.w.org\/{rel}","templated":true}]}}