{"id":2120,"date":"2019-09-27T10:11:04","date_gmt":"2019-09-27T13:11:04","guid":{"rendered":"https:\/\/iesbolivar-cba.infd.edu.ar\/sitio\/?p=2120"},"modified":"2019-09-27T10:11:07","modified_gmt":"2019-09-27T13:11:07","slug":"salida-educativa-asistencia-a-la-conferencia-de-la-dra-garcia-negroni-sobre-lenguaje-inclusivo-y-esi","status":"publish","type":"post","link":"https:\/\/iesbolivar-cba.infd.edu.ar\/sitio\/salida-educativa-asistencia-a-la-conferencia-de-la-dra-garcia-negroni-sobre-lenguaje-inclusivo-y-esi\/","title":{"rendered":"Salida educativa. Asistencia a la conferencia de la Dra. Garc\u00eda Negroni sobre lenguaje inclusivo y ESI"},"content":{"rendered":"<p>Desde mayo de este a\u00f1o, En el mes de mayo, estudiantes de tercero y cuarto a\u00f1o del Profesorado de Lengua y Literatura -turno ma\u00f1ana- participan en un proyecto en sus espacios curriculares, relacionados con el lenguaje inclusivo y la ESI. En este marco, concurrieron acompa\u00f1ados con sus docentes a la Conferencia dictada por la Dra. Garc\u00eda Negroni en la Universidad Cat\u00f3lica de C\u00f3rdoba el d\u00eda mi\u00e9rcoles 26 de junio de 2019 a las 18 hs.\u00a0Los objetivos fueron reflexionar sobre los usos del lenguaje y las ideolog\u00edas de g\u00e9nero y\u00a0promover la construcci\u00f3n de acuerdos para los usos no sexistas.<\/p>\n<p><img decoding=\"async\" loading=\"lazy\" class=\"CToWUd a6T\" tabindex=\"0\" src=\"https:\/\/ci4.googleusercontent.com\/proxy\/D2RKwrV1qrKhZRe0elPuUWrOtBhoqmhEjtoIQR5DfmWJpy5v75RyRzRQzk8jAzzbkFlsnif3uqoLZBZN-iEM1KGVxqkmxFSwyDua6BTRcANXDP6ptg6T0RzMaqbeSUyyuuTCcrYgJ2nrFiTq5j1At_Wn=s0-d-e1-ft#https:\/\/iesbolivar-cba.infd.edu.ar\/aula\/archivos\/repositorio\/\/2250\/2439\/IMG-20190626-WA0021.jpg\" alt=\"\" width=\"700\" height=\"357\" border=\"0\" \/><\/p>\n<p><img decoding=\"async\" loading=\"lazy\" class=\"CToWUd a6T\" tabindex=\"0\" src=\"https:\/\/ci6.googleusercontent.com\/proxy\/r5q_BD_Gy11uUpcK5AwpzL-UNssRxXHHEEVHHDWzrCo49fjz0-GeTsrTxtXeGnvzyqGYLJM9aRSEy4x6b9J2Qkbls1LTvK5wKBpiPESddCpcQk__ITPh9Mn_yDD9gbJExc9rDKUZaMdQfhEDOjdzzilh=s0-d-e1-ft#https:\/\/iesbolivar-cba.infd.edu.ar\/aula\/archivos\/repositorio\/\/2250\/2438\/IMG-20190626-WA0029.jpg\" alt=\"\" width=\"700\" height=\"367\" border=\"0\" \/><\/p>\n","protected":false},"excerpt":{"rendered":"<p>Desde mayo de este a\u00f1o, En el mes de mayo, estudiantes de tercero y cuarto a\u00f1o del Profesorado de Lengua y Literatura -turno ma\u00f1ana- participan en un proyecto en sus espacios curriculares, relacionados con el lenguaje inclusivo y la ESI. En este marco, concurrieron acompa\u00f1ados con sus docentes a la Conferencia dictada por la Dra. &#8230; <a title=\"Salida educativa. Asistencia a la conferencia de la Dra. Garc\u00eda Negroni sobre lenguaje inclusivo y ESI\" class=\"read-more\" href=\"https:\/\/iesbolivar-cba.infd.edu.ar\/sitio\/salida-educativa-asistencia-a-la-conferencia-de-la-dra-garcia-negroni-sobre-lenguaje-inclusivo-y-esi\/\" aria-label=\"More on Salida educativa. Asistencia a la conferencia de la Dra. Garc\u00eda Negroni sobre lenguaje inclusivo y ESI\">[+]<\/a><\/p>\n","protected":false},"author":3377,"featured_media":0,"comment_status":"open","ping_status":"open","sticky":false,"template":"","format":"standard","meta":[],"categories":[6,1],"tags":[],"acf":[],"_links":{"self":[{"href":"https:\/\/iesbolivar-cba.infd.edu.ar\/sitio\/wp-json\/wp\/v2\/posts\/2120"}],"collection":[{"href":"https:\/\/iesbolivar-cba.infd.edu.ar\/sitio\/wp-json\/wp\/v2\/posts"}],"about":[{"href":"https:\/\/iesbolivar-cba.infd.edu.ar\/sitio\/wp-json\/wp\/v2\/types\/post"}],"author":[{"embeddable":true,"href":"https:\/\/iesbolivar-cba.infd.edu.ar\/sitio\/wp-json\/wp\/v2\/users\/3377"}],"replies":[{"embeddable":true,"href":"https:\/\/iesbolivar-cba.infd.edu.ar\/sitio\/wp-json\/wp\/v2\/comments?post=2120"}],"version-history":[{"count":1,"href":"https:\/\/iesbolivar-cba.infd.edu.ar\/sitio\/wp-json\/wp\/v2\/posts\/2120\/revisions"}],"predecessor-version":[{"id":2121,"href":"https:\/\/iesbolivar-cba.infd.edu.ar\/sitio\/wp-json\/wp\/v2\/posts\/2120\/revisions\/2121"}],"wp:attachment":[{"href":"https:\/\/iesbolivar-cba.infd.edu.ar\/sitio\/wp-json\/wp\/v2\/media?parent=2120"}],"wp:term":[{"taxonomy":"category","embeddable":true,"href":"https:\/\/iesbolivar-cba.infd.edu.ar\/sitio\/wp-json\/wp\/v2\/categories?post=2120"},{"taxonomy":"post_tag","embeddable":true,"href":"https:\/\/iesbolivar-cba.infd.edu.ar\/sitio\/wp-json\/wp\/v2\/tags?post=2120"}],"curies":[{"name":"wp","href":"https:\/\/api.w.org\/{rel}","templated":true}]}}