{"id":2118,"date":"2019-09-27T10:10:48","date_gmt":"2019-09-27T13:10:48","guid":{"rendered":"https:\/\/iesbolivar-cba.infd.edu.ar\/sitio\/?p=2118"},"modified":"2019-09-27T10:10:48","modified_gmt":"2019-09-27T13:10:48","slug":"herramientas-para-conocer-bibliotecas-virtuales-museos-y-espacios-culturales-de-cordoba","status":"publish","type":"post","link":"https:\/\/iesbolivar-cba.infd.edu.ar\/sitio\/herramientas-para-conocer-bibliotecas-virtuales-museos-y-espacios-culturales-de-cordoba\/","title":{"rendered":"Herramientas para conocer bibliotecas virtuales, museos y espacios culturales de C\u00f3rdoba"},"content":{"rendered":"<p>El bibliotec\u00f3logo Julio Meli\u00e1n, los d\u00edas 27 y 29 de agosto, brind\u00f3 una capacitaci\u00f3n en forma de Taller, para los terceros a\u00f1os de la ma\u00f1ana y tarde del Profesorado de Lengua y Literatura, referido a la b\u00fasqueda en la biblioteca de la instituci\u00f3n y en bibliotecas virtuales, los museos y espacios culturales de C\u00f3rdoba.<\/p>\n<p>Se realiz\u00f3 en los espacios curriculares de las clases de la profesoras Elena P\u00e9rez Moreno y Romina Grana, ante la necesidad de las\/os estudiantes de trabajar con estas herramientas y conocer acerca de qu\u00e9 espacios culturales se pueden visitar en el contexto de la ense\u00f1anza y aprendizaje para la Educaci\u00f3n Secundaria.<\/p>\n<p><img decoding=\"async\" loading=\"lazy\" class=\"CToWUd a6T\" tabindex=\"0\" src=\"https:\/\/ci4.googleusercontent.com\/proxy\/QppsCMExcglTGA0u3dlKUBx5kNouLbadUnywZ5KipvoUe916irBgru2Es-GjD1JcsOKmSDHn0r-aiVQYqIG1FHDnIk6xDbl8DWd0d7bn6TtqFP03Ri-bUuR6oB8r00S2DcRUa9XR71Wt_HytvqP0UTm3=s0-d-e1-ft#https:\/\/iesbolivar-cba.infd.edu.ar\/aula\/archivos\/repositorio\/\/2250\/2436\/IMG_20190830_200657.jpg\" alt=\"\" width=\"700\" height=\"383\" border=\"0\" \/><\/p>\n<p><img decoding=\"async\" loading=\"lazy\" class=\"CToWUd a6T\" tabindex=\"0\" src=\"https:\/\/ci6.googleusercontent.com\/proxy\/2PpLjpgKD-m19xEOuW38pPt06R80nFwQv2dZsEjdzr2Zg8VYfTrddgOGB9Q9t9d1KMriGX9wmCF33EHpabcmyIdwOkA0KIKJwLpcUjCKAxcaSMIDLdM8OcXKPiyo5q_oH5Q2DJTZqPS5-tvEWc6Jvwv3=s0-d-e1-ft#https:\/\/iesbolivar-cba.infd.edu.ar\/aula\/archivos\/repositorio\/\/2250\/2435\/IMG_20190523_124525.jpg\" alt=\"\" width=\"700\" height=\"366\" border=\"0\" \/><\/p>\n","protected":false},"excerpt":{"rendered":"<p>El bibliotec\u00f3logo Julio Meli\u00e1n, los d\u00edas 27 y 29 de agosto, brind\u00f3 una capacitaci\u00f3n en forma de Taller, para los terceros a\u00f1os de la ma\u00f1ana y tarde del Profesorado de Lengua y Literatura, referido a la b\u00fasqueda en la biblioteca de la instituci\u00f3n y en bibliotecas virtuales, los museos y espacios culturales de C\u00f3rdoba. Se &#8230; <a title=\"Herramientas para conocer bibliotecas virtuales, museos y espacios culturales de C\u00f3rdoba\" class=\"read-more\" href=\"https:\/\/iesbolivar-cba.infd.edu.ar\/sitio\/herramientas-para-conocer-bibliotecas-virtuales-museos-y-espacios-culturales-de-cordoba\/\" aria-label=\"More on Herramientas para conocer bibliotecas virtuales, museos y espacios culturales de C\u00f3rdoba\">[+]<\/a><\/p>\n","protected":false},"author":3377,"featured_media":0,"comment_status":"open","ping_status":"open","sticky":false,"template":"","format":"standard","meta":[],"categories":[1],"tags":[],"acf":[],"_links":{"self":[{"href":"https:\/\/iesbolivar-cba.infd.edu.ar\/sitio\/wp-json\/wp\/v2\/posts\/2118"}],"collection":[{"href":"https:\/\/iesbolivar-cba.infd.edu.ar\/sitio\/wp-json\/wp\/v2\/posts"}],"about":[{"href":"https:\/\/iesbolivar-cba.infd.edu.ar\/sitio\/wp-json\/wp\/v2\/types\/post"}],"author":[{"embeddable":true,"href":"https:\/\/iesbolivar-cba.infd.edu.ar\/sitio\/wp-json\/wp\/v2\/users\/3377"}],"replies":[{"embeddable":true,"href":"https:\/\/iesbolivar-cba.infd.edu.ar\/sitio\/wp-json\/wp\/v2\/comments?post=2118"}],"version-history":[{"count":1,"href":"https:\/\/iesbolivar-cba.infd.edu.ar\/sitio\/wp-json\/wp\/v2\/posts\/2118\/revisions"}],"predecessor-version":[{"id":2119,"href":"https:\/\/iesbolivar-cba.infd.edu.ar\/sitio\/wp-json\/wp\/v2\/posts\/2118\/revisions\/2119"}],"wp:attachment":[{"href":"https:\/\/iesbolivar-cba.infd.edu.ar\/sitio\/wp-json\/wp\/v2\/media?parent=2118"}],"wp:term":[{"taxonomy":"category","embeddable":true,"href":"https:\/\/iesbolivar-cba.infd.edu.ar\/sitio\/wp-json\/wp\/v2\/categories?post=2118"},{"taxonomy":"post_tag","embeddable":true,"href":"https:\/\/iesbolivar-cba.infd.edu.ar\/sitio\/wp-json\/wp\/v2\/tags?post=2118"}],"curies":[{"name":"wp","href":"https:\/\/api.w.org\/{rel}","templated":true}]}}