{"id":2116,"date":"2019-09-27T10:10:04","date_gmt":"2019-09-27T13:10:04","guid":{"rendered":"https:\/\/iesbolivar-cba.infd.edu.ar\/sitio\/?p=2116"},"modified":"2019-09-27T10:10:04","modified_gmt":"2019-09-27T13:10:04","slug":"cerca-de-100-estudiantes-de-cenma-visitaron-el-simon-bolivar","status":"publish","type":"post","link":"https:\/\/iesbolivar-cba.infd.edu.ar\/sitio\/cerca-de-100-estudiantes-de-cenma-visitaron-el-simon-bolivar\/","title":{"rendered":"Cerca de 100 estudiantes de CENMA visitaron el Sim\u00f3n Bol\u00edvar"},"content":{"rendered":"<p>El pasado jueves 5 de setiembre, en el marco de los proyectos de C\u00e1tedra de Historia y Pol\u00edtica de la Educaci\u00f3n Argentina (Profesorado de Qu\u00edmica) y UDI II (Profesorado de Geograf\u00eda), los alumnos de tercer y cuarto a\u00f1o recibieron en nuestra instituci\u00f3n a casi 100 j\u00f3venes, alumnos de diferentes CENMA de nuestra ciudad. A la jornada institucional, coordinada por la Profesora Montenegro, concurrieron adem\u00e1s directivos y profesores de CENMA Maldonado, Corral de Palos, Acosta y 107.<\/p>\n<p>Durante la visita pudieron conocer la oferta educativa que brinda nuestro profesorado, como as\u00ed tambi\u00e9n del Profesorado Tecnol\u00f3gico, a distintos actores institucionales y a las instalaciones edilicias. Tambi\u00e9n realizaron actividades espec\u00edficas en la Biblioteca, con nuestro bibliotecario Julio y en el laboratorio,\u00a0con nuestra laboratorista Daniela. Para realizar las experiencias en el laboratorio nos ayud\u00f3 la Profesora Gerbaudo desde las C\u00e1tedras Estructura de la materia y sus transformaciones I y II. Fue una gran experiencia formativa que seguiremos elaborando en los pr\u00f3ximos a\u00f1os.<\/p>\n<p><img decoding=\"async\" loading=\"lazy\" class=\"CToWUd a6T\" tabindex=\"0\" src=\"https:\/\/ci4.googleusercontent.com\/proxy\/Hy3f754LruMe9J41kvpLpvhKZIYAWACtP6A3s6af7hYmPO3HgceE26tI-R6orYlZ_2HQXOT6FRozko21rTtu05IUbwjwHFv9FfLB3uaBerB4T3AFsbETJMaYFhaBkc057SgVt4_Q3uXvHBRqBFeyD-MZnC2v-_w=s0-d-e1-ft#https:\/\/iesbolivar-cba.infd.edu.ar\/aula\/archivos\/repositorio\/\/2250\/2431\/IMG_20190905_205010274_1.jpg\" alt=\"\" width=\"700\" height=\"376\" border=\"0\" \/><\/p>\n<p><img decoding=\"async\" loading=\"lazy\" class=\"CToWUd a6T\" tabindex=\"0\" src=\"https:\/\/ci4.googleusercontent.com\/proxy\/EGDtRj5NadkN6M410W3g14w6RCIcNvLABZticHvUraUJf6bxC5g67ZkJTUMFWF13osFzM9zG28kT9XV0qfjZGR9DHY_xQUCmH2XHxvAn1NiVdbFSYSXLBYp3pR2ftddS_HCe5hWAvVBHANvN3LEZ-1OZyWs=s0-d-e1-ft#https:\/\/iesbolivar-cba.infd.edu.ar\/aula\/archivos\/repositorio\/\/2250\/2432\/IMG-20190905-WA0055_1.jpg\" alt=\"\" width=\"700\" height=\"308\" border=\"0\" \/><\/p>\n","protected":false},"excerpt":{"rendered":"<p>El pasado jueves 5 de setiembre, en el marco de los proyectos de C\u00e1tedra de Historia y Pol\u00edtica de la Educaci\u00f3n Argentina (Profesorado de Qu\u00edmica) y UDI II (Profesorado de Geograf\u00eda), los alumnos de tercer y cuarto a\u00f1o recibieron en nuestra instituci\u00f3n a casi 100 j\u00f3venes, alumnos de diferentes CENMA de nuestra ciudad. A la &#8230; <a title=\"Cerca de 100 estudiantes de CENMA visitaron el Sim\u00f3n Bol\u00edvar\" class=\"read-more\" href=\"https:\/\/iesbolivar-cba.infd.edu.ar\/sitio\/cerca-de-100-estudiantes-de-cenma-visitaron-el-simon-bolivar\/\" aria-label=\"More on Cerca de 100 estudiantes de CENMA visitaron el Sim\u00f3n Bol\u00edvar\">[+]<\/a><\/p>\n","protected":false},"author":3377,"featured_media":0,"comment_status":"open","ping_status":"open","sticky":false,"template":"","format":"standard","meta":[],"categories":[6],"tags":[],"acf":[],"_links":{"self":[{"href":"https:\/\/iesbolivar-cba.infd.edu.ar\/sitio\/wp-json\/wp\/v2\/posts\/2116"}],"collection":[{"href":"https:\/\/iesbolivar-cba.infd.edu.ar\/sitio\/wp-json\/wp\/v2\/posts"}],"about":[{"href":"https:\/\/iesbolivar-cba.infd.edu.ar\/sitio\/wp-json\/wp\/v2\/types\/post"}],"author":[{"embeddable":true,"href":"https:\/\/iesbolivar-cba.infd.edu.ar\/sitio\/wp-json\/wp\/v2\/users\/3377"}],"replies":[{"embeddable":true,"href":"https:\/\/iesbolivar-cba.infd.edu.ar\/sitio\/wp-json\/wp\/v2\/comments?post=2116"}],"version-history":[{"count":1,"href":"https:\/\/iesbolivar-cba.infd.edu.ar\/sitio\/wp-json\/wp\/v2\/posts\/2116\/revisions"}],"predecessor-version":[{"id":2117,"href":"https:\/\/iesbolivar-cba.infd.edu.ar\/sitio\/wp-json\/wp\/v2\/posts\/2116\/revisions\/2117"}],"wp:attachment":[{"href":"https:\/\/iesbolivar-cba.infd.edu.ar\/sitio\/wp-json\/wp\/v2\/media?parent=2116"}],"wp:term":[{"taxonomy":"category","embeddable":true,"href":"https:\/\/iesbolivar-cba.infd.edu.ar\/sitio\/wp-json\/wp\/v2\/categories?post=2116"},{"taxonomy":"post_tag","embeddable":true,"href":"https:\/\/iesbolivar-cba.infd.edu.ar\/sitio\/wp-json\/wp\/v2\/tags?post=2116"}],"curies":[{"name":"wp","href":"https:\/\/api.w.org\/{rel}","templated":true}]}}