{"id":2069,"date":"2019-09-17T14:58:07","date_gmt":"2019-09-17T17:58:07","guid":{"rendered":"https:\/\/iesbolivar-cba.infd.edu.ar\/sitio\/?p=2069"},"modified":"2019-09-17T15:00:42","modified_gmt":"2019-09-17T18:00:42","slug":"relatos-y-experiencias-para-pensar-una-clase","status":"publish","type":"post","link":"https:\/\/iesbolivar-cba.infd.edu.ar\/sitio\/relatos-y-experiencias-para-pensar-una-clase\/","title":{"rendered":"Relatos y experiencias para pensar la clase"},"content":{"rendered":"<p>Estudiantes del Profesorado de F\u00edsica analizaron pr\u00e1ctica \u00e1ulicas con docentes egresados de nuestro instituto en el marco de la primera jornada del \u201cTaller de intervenci\u00f3n did\u00e1ctica\u201d organizado por la profesora Nancy V\u00e1zquez, en el espacio curricular a su cargo, Did\u00e1ctica General.<\/p>\n<p>El Taller tiene entre otros objetivos \u201creconocer las dimensiones sociales, pol\u00edticas, culturales y emocionales que operan en los procesos de transmisi\u00f3n escolar\u201d e \u201cidentificar las variables que intervienen en los procesos de construcci\u00f3n de planes de clase\u201d; se desarrollar\u00e1 en tres encuentros durante los meses de septiembre y octubre.<\/p>\n<p><img decoding=\"async\" loading=\"lazy\" class=\"CToWUd a6T\" tabindex=\"0\" src=\"https:\/\/ci3.googleusercontent.com\/proxy\/fiRrXi_95nzKGPJ72FyamyRr2NdLu6PIG2uw2gFSlV04_FmdGM3ZXIpz_yRDGSKVIx0xnrdIV1YS5FtMzTwoGteyu1iS54GAtr8Ps-Rwrx_MbyUSm6jaillI_F3TmPNjsgjemepA9UNud67rUn-daQxkw6OAERCjDJVuJqryd7J0qceqgmkL=s0-d-e1-ft#https:\/\/iesbolivar-cba.infd.edu.ar\/aula\/archivos\/repositorio\/\/2250\/2397\/WhatsApp_Image_2019-09-05_at_4.14.34_PM.jpeg\" alt=\"\" width=\"700\" height=\"292\" border=\"0\" \/><\/p>\n<p><img decoding=\"async\" loading=\"lazy\" class=\"CToWUd a6T\" tabindex=\"0\" src=\"https:\/\/ci6.googleusercontent.com\/proxy\/bI4tpiDm3WkAsWjHYJZR4gtx2_5gv6Wm6l6kzXiKF8i9ZOkzqdCccSb51aAFu8JimZJA89TixvkGjvfcvBnS6kRkb1rjjjffyUEp2eKrD3aMAkoD8c0cD0axwIUUkocx_-SerAEIvduZN2i9FMRYuwmF9Dsd9LjUSdUyD5wUAxZBEH8RsjQO=s0-d-e1-ft#https:\/\/iesbolivar-cba.infd.edu.ar\/aula\/archivos\/repositorio\/\/2250\/2396\/WhatsApp_Image_2019-09-05_at_4.14.38_PM.jpeg\" alt=\"\" width=\"700\" height=\"412\" border=\"0\" \/><\/p>\n","protected":false},"excerpt":{"rendered":"<p>Estudiantes del Profesorado de F\u00edsica analizaron pr\u00e1ctica \u00e1ulicas con docentes egresados de nuestro instituto en el marco de la primera jornada del \u201cTaller de intervenci\u00f3n did\u00e1ctica\u201d organizado por la profesora Nancy V\u00e1zquez, en el espacio curricular a su cargo, Did\u00e1ctica General. El Taller tiene entre otros objetivos \u201creconocer las dimensiones sociales, pol\u00edticas, culturales y emocionales &#8230; <a title=\"Relatos y experiencias para pensar la clase\" class=\"read-more\" href=\"https:\/\/iesbolivar-cba.infd.edu.ar\/sitio\/relatos-y-experiencias-para-pensar-una-clase\/\" aria-label=\"More on Relatos y experiencias para pensar la clase\">[+]<\/a><\/p>\n","protected":false},"author":3377,"featured_media":0,"comment_status":"open","ping_status":"open","sticky":false,"template":"","format":"standard","meta":[],"categories":[6],"tags":[],"acf":[],"_links":{"self":[{"href":"https:\/\/iesbolivar-cba.infd.edu.ar\/sitio\/wp-json\/wp\/v2\/posts\/2069"}],"collection":[{"href":"https:\/\/iesbolivar-cba.infd.edu.ar\/sitio\/wp-json\/wp\/v2\/posts"}],"about":[{"href":"https:\/\/iesbolivar-cba.infd.edu.ar\/sitio\/wp-json\/wp\/v2\/types\/post"}],"author":[{"embeddable":true,"href":"https:\/\/iesbolivar-cba.infd.edu.ar\/sitio\/wp-json\/wp\/v2\/users\/3377"}],"replies":[{"embeddable":true,"href":"https:\/\/iesbolivar-cba.infd.edu.ar\/sitio\/wp-json\/wp\/v2\/comments?post=2069"}],"version-history":[{"count":2,"href":"https:\/\/iesbolivar-cba.infd.edu.ar\/sitio\/wp-json\/wp\/v2\/posts\/2069\/revisions"}],"predecessor-version":[{"id":2074,"href":"https:\/\/iesbolivar-cba.infd.edu.ar\/sitio\/wp-json\/wp\/v2\/posts\/2069\/revisions\/2074"}],"wp:attachment":[{"href":"https:\/\/iesbolivar-cba.infd.edu.ar\/sitio\/wp-json\/wp\/v2\/media?parent=2069"}],"wp:term":[{"taxonomy":"category","embeddable":true,"href":"https:\/\/iesbolivar-cba.infd.edu.ar\/sitio\/wp-json\/wp\/v2\/categories?post=2069"},{"taxonomy":"post_tag","embeddable":true,"href":"https:\/\/iesbolivar-cba.infd.edu.ar\/sitio\/wp-json\/wp\/v2\/tags?post=2069"}],"curies":[{"name":"wp","href":"https:\/\/api.w.org\/{rel}","templated":true}]}}