{"id":2057,"date":"2019-09-04T15:18:36","date_gmt":"2019-09-04T18:18:36","guid":{"rendered":"https:\/\/iesbolivar-cba.infd.edu.ar\/sitio\/?p=2057"},"modified":"2019-09-04T15:18:51","modified_gmt":"2019-09-04T18:18:51","slug":"visita-al-teatro-del-libertador","status":"publish","type":"post","link":"https:\/\/iesbolivar-cba.infd.edu.ar\/sitio\/visita-al-teatro-del-libertador\/","title":{"rendered":"Visita al Teatro del Libertador\u00a0"},"content":{"rendered":"<p>El pasado jueves 29 de agosto estudiantes de primer a\u00f1o de los profesorados de F\u00edsica y Qu\u00edmica asistieron a la presentaci\u00f3n de la Orquesta Acad\u00e9mica Juvenil del Teatro del Libertador, dirigida por Adri\u00e1n \u00c1vila Arzuza. La visita se llev\u00f3 a cabo en el marco del Seminario Problem\u00e1ticas socioantropol\u00f3gico de la Educaci\u00f3n a cargo de la profesora Nancy V\u00e1zquez y tuvo los prop\u00f3sitos de acercar a los y las estudiantes a situaciones donde se produce y recrea la cultura y brindar una experiencia socioeducativa que tribute a su formaci\u00f3n integral.<\/p>\n<p><img decoding=\"async\" loading=\"lazy\" class=\"CToWUd a6T\" tabindex=\"0\" src=\"https:\/\/ci3.googleusercontent.com\/proxy\/CRX6Af9q1etf10ruXuOvht3XcN5tsQ-q1DltvCqWYu08Qyt78b5EM24iU1liGyskYA1Jt_-QIDVD_19WaiGc2Je_LZ45owb9rLhXQ4vA1xNSrg4_dDRG9VbtTMrfUJf-2hW9-qHqWoHl-HnPovqhltp8=s0-d-e1-ft#https:\/\/iesbolivar-cba.infd.edu.ar\/aula\/archivos\/repositorio\/\/2250\/2375\/IMG-20190830-WA0015.jpg\" alt=\"\" width=\"700\" height=\"338\" border=\"0\" \/><\/p>\n","protected":false},"excerpt":{"rendered":"<p>El pasado jueves 29 de agosto estudiantes de primer a\u00f1o de los profesorados de F\u00edsica y Qu\u00edmica asistieron a la presentaci\u00f3n de la Orquesta Acad\u00e9mica Juvenil del Teatro del Libertador, dirigida por Adri\u00e1n \u00c1vila Arzuza. La visita se llev\u00f3 a cabo en el marco del Seminario Problem\u00e1ticas socioantropol\u00f3gico de la Educaci\u00f3n a cargo de la &#8230; <a title=\"Visita al Teatro del Libertador\u00a0\" class=\"read-more\" href=\"https:\/\/iesbolivar-cba.infd.edu.ar\/sitio\/visita-al-teatro-del-libertador\/\" aria-label=\"More on Visita al Teatro del Libertador\u00a0\">[+]<\/a><\/p>\n","protected":false},"author":3377,"featured_media":0,"comment_status":"open","ping_status":"open","sticky":false,"template":"","format":"standard","meta":[],"categories":[6],"tags":[],"acf":[],"_links":{"self":[{"href":"https:\/\/iesbolivar-cba.infd.edu.ar\/sitio\/wp-json\/wp\/v2\/posts\/2057"}],"collection":[{"href":"https:\/\/iesbolivar-cba.infd.edu.ar\/sitio\/wp-json\/wp\/v2\/posts"}],"about":[{"href":"https:\/\/iesbolivar-cba.infd.edu.ar\/sitio\/wp-json\/wp\/v2\/types\/post"}],"author":[{"embeddable":true,"href":"https:\/\/iesbolivar-cba.infd.edu.ar\/sitio\/wp-json\/wp\/v2\/users\/3377"}],"replies":[{"embeddable":true,"href":"https:\/\/iesbolivar-cba.infd.edu.ar\/sitio\/wp-json\/wp\/v2\/comments?post=2057"}],"version-history":[{"count":1,"href":"https:\/\/iesbolivar-cba.infd.edu.ar\/sitio\/wp-json\/wp\/v2\/posts\/2057\/revisions"}],"predecessor-version":[{"id":2058,"href":"https:\/\/iesbolivar-cba.infd.edu.ar\/sitio\/wp-json\/wp\/v2\/posts\/2057\/revisions\/2058"}],"wp:attachment":[{"href":"https:\/\/iesbolivar-cba.infd.edu.ar\/sitio\/wp-json\/wp\/v2\/media?parent=2057"}],"wp:term":[{"taxonomy":"category","embeddable":true,"href":"https:\/\/iesbolivar-cba.infd.edu.ar\/sitio\/wp-json\/wp\/v2\/categories?post=2057"},{"taxonomy":"post_tag","embeddable":true,"href":"https:\/\/iesbolivar-cba.infd.edu.ar\/sitio\/wp-json\/wp\/v2\/tags?post=2057"}],"curies":[{"name":"wp","href":"https:\/\/api.w.org\/{rel}","templated":true}]}}