{"id":2049,"date":"2019-09-04T15:16:12","date_gmt":"2019-09-04T18:16:12","guid":{"rendered":"https:\/\/iesbolivar-cba.infd.edu.ar\/sitio\/?p=2049"},"modified":"2019-09-04T15:16:12","modified_gmt":"2019-09-04T18:16:12","slug":"maria-teresa-andruetto-en-el-simon-bolivar","status":"publish","type":"post","link":"https:\/\/iesbolivar-cba.infd.edu.ar\/sitio\/maria-teresa-andruetto-en-el-simon-bolivar\/","title":{"rendered":"Mar\u00eda Teresa Andruetto en el Sim\u00f3n Bol\u00edvar"},"content":{"rendered":"<p>El pasado lunes 2 de septiembre la escritora Mar\u00eda Teresa Andruetto brind\u00f3 una charla en el Sim\u00f3n Bol\u00edvar en el marco del ciclo \u00abLibros, Lectores y Escritoras\u00bb, organizado por profesores y estudiantes del Profesorado de Lengua y Literatura del turno vespertino, con la colaboraci\u00f3n del bibliotecario Julio Meli\u00e1n.<\/p>\n<p><img decoding=\"async\" loading=\"lazy\" class=\"CToWUd a6T\" tabindex=\"0\" src=\"https:\/\/ci3.googleusercontent.com\/proxy\/cwbJnT0jyw_txa-l6S9D61hLDEeGQfJMqFmgqcgs3Zw3v0lHZxZgNX1-EJrkTDvUTuEOQj4N6tDs9FnegjeJoS3r_3z9WDyUdn8wAdY138hs5FTUQ049-tBnFBEWnj6y9UIMiTOAcmUg6mWpvXo=s0-d-e1-ft#https:\/\/iesbolivar-cba.infd.edu.ar\/aula\/archivos\/repositorio\/\/2250\/2377\/20190902_190415.jpg\" alt=\"\" width=\"700\" height=\"438\" border=\"0\" \/><\/p>\n","protected":false},"excerpt":{"rendered":"<p>El pasado lunes 2 de septiembre la escritora Mar\u00eda Teresa Andruetto brind\u00f3 una charla en el Sim\u00f3n Bol\u00edvar en el marco del ciclo \u00abLibros, Lectores y Escritoras\u00bb, organizado por profesores y estudiantes del Profesorado de Lengua y Literatura del turno vespertino, con la colaboraci\u00f3n del bibliotecario Julio Meli\u00e1n.<\/p>\n","protected":false},"author":3377,"featured_media":0,"comment_status":"open","ping_status":"open","sticky":false,"template":"","format":"standard","meta":[],"categories":[6],"tags":[],"acf":[],"_links":{"self":[{"href":"https:\/\/iesbolivar-cba.infd.edu.ar\/sitio\/wp-json\/wp\/v2\/posts\/2049"}],"collection":[{"href":"https:\/\/iesbolivar-cba.infd.edu.ar\/sitio\/wp-json\/wp\/v2\/posts"}],"about":[{"href":"https:\/\/iesbolivar-cba.infd.edu.ar\/sitio\/wp-json\/wp\/v2\/types\/post"}],"author":[{"embeddable":true,"href":"https:\/\/iesbolivar-cba.infd.edu.ar\/sitio\/wp-json\/wp\/v2\/users\/3377"}],"replies":[{"embeddable":true,"href":"https:\/\/iesbolivar-cba.infd.edu.ar\/sitio\/wp-json\/wp\/v2\/comments?post=2049"}],"version-history":[{"count":2,"href":"https:\/\/iesbolivar-cba.infd.edu.ar\/sitio\/wp-json\/wp\/v2\/posts\/2049\/revisions"}],"predecessor-version":[{"id":2060,"href":"https:\/\/iesbolivar-cba.infd.edu.ar\/sitio\/wp-json\/wp\/v2\/posts\/2049\/revisions\/2060"}],"wp:attachment":[{"href":"https:\/\/iesbolivar-cba.infd.edu.ar\/sitio\/wp-json\/wp\/v2\/media?parent=2049"}],"wp:term":[{"taxonomy":"category","embeddable":true,"href":"https:\/\/iesbolivar-cba.infd.edu.ar\/sitio\/wp-json\/wp\/v2\/categories?post=2049"},{"taxonomy":"post_tag","embeddable":true,"href":"https:\/\/iesbolivar-cba.infd.edu.ar\/sitio\/wp-json\/wp\/v2\/tags?post=2049"}],"curies":[{"name":"wp","href":"https:\/\/api.w.org\/{rel}","templated":true}]}}